{"id":268180,"date":"2025-10-31T15:07:26","date_gmt":"2025-10-31T14:07:26","guid":{"rendered":"https:\/\/www.ifun.de\/?p=268180"},"modified":"2025-11-07T06:46:08","modified_gmt":"2025-11-07T05:46:08","slug":"sammelklage-gegen-preiserhoehung-von-amazon-prime-2022-angekuendigt","status":"publish","type":"post","link":"https:\/\/www.ifun.de\/sammelklage-gegen-preiserhoehung-von-amazon-prime-2022-angekuendigt-268180\/","title":{"rendered":"Sammelklage gegen Amazon-Prime-Preiserh\u00f6hung 2022 angek\u00fcndigt"},"content":{"rendered":"<p>Das Oberlandesgericht D\u00fcsseldorf hat die Berufung von Amazon im Streit mit der Verbraucherzentrale NRW <a href=\"https:\/\/www.justiz.nrw\/presse\/2025-10-30\">zur\u00fcckgewiesen<\/a> und damit best\u00e4tigt, dass die Preiserh\u00f6hung f\u00fcr bestehende Prime-Abonnements unzul\u00e4ssig war.<\/p>\n<p>Im Sommer 2022 hat Amazon die Geb\u00fchren f\u00fcr sein Prime-Abonnement von 69 Euro auf 89,90 Euro pro Jahr erh\u00f6ht. Bei monatlicher Zahlung stiegen die Kosten von 7,99 auf 8,99 Euro. Die Verbraucherzentrale Nordrhein-Westfalen hatte erfolgreich dagegen geklagt, dass die Preissteigerungen um bis zu 30 Prozent auch auf Bestandskunden angewendet wurden.<\/p>\n<p><a href=\"https:\/\/images.ifun.de\/wp-content\/uploads\/2022\/07\/prime-preise.jpg\"><img loading=\"lazy\" decoding=\"async\" src=\"https:\/\/images.ifun.de\/wp-content\/uploads\/2022\/07\/prime-preise-700x364.jpg\" alt=\"Prime Preise\" width=\"700\" height=\"364\" class=\"alignnone size-large wp-image-191444\" srcset=\"https:\/\/images.ifun.de\/wp-content\/uploads\/2022\/07\/prime-preise-700x364.jpg 700w, https:\/\/images.ifun.de\/wp-content\/uploads\/2022\/07\/prime-preise-500x260.jpg 500w, https:\/\/images.ifun.de\/wp-content\/uploads\/2022\/07\/prime-preise-768x399.jpg 768w, https:\/\/images.ifun.de\/wp-content\/uploads\/2022\/07\/prime-preise.jpg 1178w\" sizes=\"auto, (max-width: 700px) 100vw, 700px\" \/><\/a><\/p>\n<h2>Einseitige Preisanpassung nicht rechtens<\/h2>\n<p>Auf einen Einspruch von Amazon hin wurde dies nun auch in zweiter Instanz best\u00e4tigt. Auch das Oberlandesgericht D\u00fcsseldorf ist der Meinung, dass die Preisanpassungsklausel, auf die sich Amazon anl\u00e4sslich der \u00c4nderung seiner Mitgliedsgeb\u00fchren berufen hat, unwirksam ist. Nach Auffassung der Richter r\u00e4umt diese Amazon das Recht ein, Preise einseitig und ohne nachvollziehbare Kriterien zu \u00e4ndern. Eine solche Anpassung ohne ausdr\u00fcckliche Zustimmung der Kundschaft versto\u00dfe gegen geltendes Vertragsrecht.<\/p>\n<p>Das Urteil ist allerdings noch nicht rechtskr\u00e4ftig, Amazon hat noch die M\u00f6glichkeit, beim Bundesgerichtshof Revision einzulegen. Bleibt die Entscheidung bestehen, gilt die Erh\u00f6hung als rechtlich unwirksam. Betroffene Kunden haben in der Folge die M\u00f6glichkeit, Amazon zur Erstattung zu viel gezahlter Beitr\u00e4ge aufzufordern.<\/p>\n<h2>Sammelklage wird vorbereitet<\/h2>\n<p>Die Verbraucherzentrale NRW bereitet bereits eine entsprechende Sammelklage vor, um R\u00fcckzahlungen geb\u00fcndelt geltend zu machen. Daran teilnehmen k\u00f6nnen alle Amazon-Kunden, die im September 2022 bereits Amazon Prime abonniert hatten und den Dienst auch zu den erh\u00f6hten Preisen weiter genutzt haben. Je nach Zahlungsweise k\u00f6nnen Kundinnen und Kunden mit einer R\u00fcckerstattung von 12 bis 20 Euro pro Jahr rechnen.<\/p>\n<p>Noch ist nicht klar, wann sich betroffene Nutzer f\u00fcr die Sammelklage einschreiben k\u00f6nnen. Die Verbraucherzentrale <a href=\"https:\/\/www.sammelklagen.de\/wissen\/vertraege-reklamation\/kundenrechte\/verbraucherzentrale-nrw-plant-sammelklage-gegen-amazon-102655\">bietet hier<\/a> die M\u00f6glichkeit an, sich weiter zu informieren und f\u00fcr einen Newsletter einzuschreiben.<img loading=\"lazy\" decoding=\"async\" src=\"https:\/\/vg07.met.vgwort.de\/na\/4c6a73acd3724909978463429bcad918\" width=\"1\" height=\"1\" no-lazy class=\"tracking\"><\/p>\n","protected":false},"excerpt":{"rendered":"<a href=\"https:\/\/www.ifun.de\/sammelklage-gegen-preiserhoehung-von-amazon-prime-2022-angekuendigt-268180\/\"><img decoding=\"async\" width=\"150\" src=\"https:\/\/images.ifun.de\/wp-content\/uploads\/2022\/07\/prime-preise-700x364.jpg\" class=\"alignright wp-post-image tfe\" alt=\"Prime Preise\" title=\"\" \/><\/a><p>Das Oberlandesgericht D\u00fcsseldorf hat die Berufung von Amazon im Streit mit der Verbraucherzentrale NRW zur\u00fcckgewiesen und damit best\u00e4tigt, dass die Preiserh\u00f6hung f\u00fcr bestehende Prime-Abonnements unzul\u00e4ssig war. Im Sommer 2022 hat Amazon die Geb\u00fchren f\u00fcr sein Prime-Abonnement von 69 Euro auf 89,90 Euro pro Jahr erh\u00f6ht. Bei monatlicher Zahlung stiegen die Kosten von 7,99 auf 8,99 [&hellip;]<\/p>\n","protected":false},"author":2,"featured_media":0,"comment_status":"open","ping_status":"closed","sticky":false,"template":"","format":"standard","meta":{"_acf_changed":false,"footnotes":""},"categories":[1,1783],"tags":[53,3135],"class_list":["post-268180","post","type-post","status-publish","format-standard","hentry","category-news","category-feature","tag-amazon","tag-prime-video"],"acf":[],"aioseo_notices":[],"featured_image":["https:\/\/images.ifun.de\/wp-content\/uploads\/2022\/08\/prime-preise-jahr.jpg"],"subheadline":["Richter weisen Berufung ab"],"rest_api_enabler":{"featured_image":"https:\/\/images.ifun.de\/wp-content\/uploads\/2022\/08\/prime-preise-jahr.jpg","subheadline":"Richter weisen Berufung ab"},"_links":{"self":[{"href":"https:\/\/www.ifun.de\/apiv2\/wp\/v2\/posts\/268180","targetHints":{"allow":["GET"]}}],"collection":[{"href":"https:\/\/www.ifun.de\/apiv2\/wp\/v2\/posts"}],"about":[{"href":"https:\/\/www.ifun.de\/apiv2\/wp\/v2\/types\/post"}],"author":[{"embeddable":true,"href":"https:\/\/www.ifun.de\/apiv2\/wp\/v2\/users\/2"}],"replies":[{"embeddable":true,"href":"https:\/\/www.ifun.de\/apiv2\/wp\/v2\/comments?post=268180"}],"version-history":[{"count":5,"href":"https:\/\/www.ifun.de\/apiv2\/wp\/v2\/posts\/268180\/revisions"}],"predecessor-version":[{"id":268187,"href":"https:\/\/www.ifun.de\/apiv2\/wp\/v2\/posts\/268180\/revisions\/268187"}],"wp:attachment":[{"href":"https:\/\/www.ifun.de\/apiv2\/wp\/v2\/media?parent=268180"}],"wp:term":[{"taxonomy":"category","embeddable":true,"href":"https:\/\/www.ifun.de\/apiv2\/wp\/v2\/categories?post=268180"},{"taxonomy":"post_tag","embeddable":true,"href":"https:\/\/www.ifun.de\/apiv2\/wp\/v2\/tags?post=268180"}],"curies":[{"name":"wp","href":"https:\/\/api.w.org\/{rel}","templated":true}]}}