{"id":267899,"date":"2025-10-28T11:00:56","date_gmt":"2025-10-28T10:00:56","guid":{"rendered":"https:\/\/www.ifun.de\/?p=267899"},"modified":"2025-10-28T11:00:56","modified_gmt":"2025-10-28T10:00:56","slug":"boox-bringt-den-palma-2-pro-farbiger-e-reader-mit-5g-und-stylus","status":"publish","type":"post","link":"https:\/\/www.ifun.de\/boox-bringt-den-palma-2-pro-farbiger-e-reader-mit-5g-und-stylus-267899\/","title":{"rendered":"BOOX bringt den Palma 2 Pro: Farbiger E-Reader mit 5G und Stylus"},"content":{"rendered":"<p><a href=\"https:\/\/euroshop.boox.com\/products\/palma2pro\">Mit dem Palma 2 Pro bringt BOOX<\/a> eine \u00fcberarbeitete Version seines E-Readers im Smartphone-Format auf den Markt. Das Ger\u00e4t kombiniert ein farbiges E-Ink-Display mit 5G-Mobilfunk, Android 15, Stylus-Unterst\u00fctzung und typischen Smartphone-Funktionen wie Fingerabdrucksensor, GPS und Displayrotation.<\/p>\n<p><a href=\"https:\/\/images.ifun.de\/wp-content\/uploads\/2025\/10\/palma-2-color.png\"><img loading=\"lazy\" decoding=\"async\" class=\"aligncenter size-medium wp-image-267902\" src=\"https:\/\/images.ifun.de\/wp-content\/uploads\/2025\/10\/palma-2-color-500x454.png\" alt=\"Palma 2 Color\" width=\"500\" height=\"454\" srcset=\"https:\/\/images.ifun.de\/wp-content\/uploads\/2025\/10\/palma-2-color-500x454.png 500w, https:\/\/images.ifun.de\/wp-content\/uploads\/2025\/10\/palma-2-color-700x636.png 700w, https:\/\/images.ifun.de\/wp-content\/uploads\/2025\/10\/palma-2-color-768x698.png 768w, https:\/\/images.ifun.de\/wp-content\/uploads\/2025\/10\/palma-2-color.png 995w\" sizes=\"auto, (max-width: 500px) 100vw, 500px\" \/><\/a><\/p>\n<p>Der Bildschirm misst 6,13 Zoll und basiert auf der Kaleido-3-Technologie, die nat\u00fcrliche Farbdarstellung bei gleichzeitig hoher Lesbarkeit auch im Sonnenlicht erm\u00f6glichen soll. Eine integrierte zweifarbige Frontbeleuchtung mit vier Lichtmodi passt sich automatisch der Umgebung an.<\/p>\n<p>Trotz seiner umfangreichen Ausstattung wiegt das Ger\u00e4t nur 175 Gramm. Die R\u00fcckseite ist wasserabweisend beschichtet und sorgt f\u00fcr einen sicheren Halt. Neben dem Einsatz als klassischer E-Reader eignet sich das Modell auch f\u00fcr produktive Aufgaben, etwa zum Mitschreiben oder Kommentieren von Texten.<\/p>\n<p><a href=\"https:\/\/images.ifun.de\/wp-content\/uploads\/2025\/10\/palma-2-ebook.jpg\"><img loading=\"lazy\" decoding=\"async\" class=\"aligncenter size-large wp-image-267903\" src=\"https:\/\/images.ifun.de\/wp-content\/uploads\/2025\/10\/palma-2-ebook-700x394.jpg\" alt=\"Palma 2 Ebook\" width=\"700\" height=\"394\" srcset=\"https:\/\/images.ifun.de\/wp-content\/uploads\/2025\/10\/palma-2-ebook-700x394.jpg 700w, https:\/\/images.ifun.de\/wp-content\/uploads\/2025\/10\/palma-2-ebook-500x281.jpg 500w, https:\/\/images.ifun.de\/wp-content\/uploads\/2025\/10\/palma-2-ebook-768x432.jpg 768w, https:\/\/images.ifun.de\/wp-content\/uploads\/2025\/10\/palma-2-ebook-1536x864.jpg 1536w, https:\/\/images.ifun.de\/wp-content\/uploads\/2025\/10\/palma-2-ebook.jpg 1920w\" sizes=\"auto, (max-width: 700px) 100vw, 700px\" \/><\/a><\/p>\n<h2>Stiftbedienung und App-Kompatibilit\u00e4t<\/h2>\n<p>Erstmals ist ein Ger\u00e4t der Palma-Serie mit einem Stylus nutzbar. Der InkSense-Stift erlaubt handschriftliche Notizen und Markierungen direkt auf dem Display. Die Bedienung erfolgt \u00fcber Android 15, das in Verbindung mit 8 GB Arbeitsspeicher f\u00fcr eine fl\u00fcssige Nutzung sorgen soll. Der Zugriff auf den Google Play Store erm\u00f6glicht die Installation zus\u00e4tzlicher Apps. Anwendungen wie Notizprogramme, Streamingdienste oder Kalender-Apps lassen sich so direkt auf dem Ger\u00e4t verwenden.<\/p>\n<p><a href=\"https:\/\/images.ifun.de\/wp-content\/uploads\/2025\/10\/palma-2-bento.jpg\"><img loading=\"lazy\" decoding=\"async\" class=\"aligncenter size-large wp-image-267900\" src=\"https:\/\/images.ifun.de\/wp-content\/uploads\/2025\/10\/palma-2-bento-700x394.jpg\" alt=\"Palma 2 Bento\" width=\"700\" height=\"394\" srcset=\"https:\/\/images.ifun.de\/wp-content\/uploads\/2025\/10\/palma-2-bento-700x394.jpg 700w, https:\/\/images.ifun.de\/wp-content\/uploads\/2025\/10\/palma-2-bento-500x281.jpg 500w, https:\/\/images.ifun.de\/wp-content\/uploads\/2025\/10\/palma-2-bento-768x432.jpg 768w, https:\/\/images.ifun.de\/wp-content\/uploads\/2025\/10\/palma-2-bento-1536x864.jpg 1536w, https:\/\/images.ifun.de\/wp-content\/uploads\/2025\/10\/palma-2-bento.jpg 1920w\" sizes=\"auto, (max-width: 700px) 100vw, 700px\" \/><\/a><\/p>\n<p>Eine Besonderheit stellt der hybride SIM-Slot dar, der nicht nur Mobilfunkkarten entgegen nimmt, sondern auch den Einsatz einer microSD-Karte mit bis zu 2 Terabyte erlaubt. So k\u00f6nnen auch umfangreiche Bibliotheken lokal gespeichert werden. Als Alternative zum Smartphone positioniert, richtet sich das Ger\u00e4t an Nutzer, die ihre Bildschirmzeit reduzieren, aber auf grundlegende digitale Funktionen nicht verzichten m\u00f6chten. Das <a href=\"https:\/\/euroshop.boox.com\/products\/palma2pro\">BOOX Palma 2 Pro kostet 399,99 Euro<\/a>.<\/p>\n<p><div class=\"responsive-video\"><iframe loading=\"lazy\" title=\"BOOX Palma 2 Pro: 6.13&#039;&#039; Color Mobile ePaper for your Compact Comfort Zone\" width=\"500\" height=\"281\" src=\"https:\/\/www.youtube-nocookie.com\/embed\/ZYbcY-W2LYw?feature=oembed\" frameborder=\"0\" allow=\"accelerometer; autoplay; clipboard-write; encrypted-media; gyroscope; picture-in-picture; web-share\" referrerpolicy=\"strict-origin-when-cross-origin\" allowfullscreen><\/iframe><\/div><\/p>\n<p><img loading=\"lazy\" decoding=\"async\" src=\"https:\/\/vg09.met.vgwort.de\/na\/6c68b3366a5743e189c9f9b7dd25abbe\" width=\"1\" height=\"1\"  no-lazy class=\"tracking\"><\/p>\n","protected":false},"excerpt":{"rendered":"<a href=\"https:\/\/www.ifun.de\/boox-bringt-den-palma-2-pro-farbiger-e-reader-mit-5g-und-stylus-267899\/\"><img width=\"150\" height=\"150\" src=\"https:\/\/images.ifun.de\/wp-content\/uploads\/2025\/10\/palma-2-ebook-150x150.jpg\" class=\"alignright tfe wp-post-image\" alt=\"Palma 2 Ebook\" decoding=\"async\" loading=\"lazy\" \/><\/a><p>Mit dem Palma 2 Pro bringt BOOX eine \u00fcberarbeitete Version seines E-Readers im Smartphone-Format auf den Markt. Das Ger\u00e4t kombiniert ein farbiges E-Ink-Display mit 5G-Mobilfunk, Android 15, Stylus-Unterst\u00fctzung und typischen Smartphone-Funktionen wie Fingerabdrucksensor, GPS und Displayrotation. Der Bildschirm misst 6,13 Zoll und basiert auf der Kaleido-3-Technologie, die nat\u00fcrliche Farbdarstellung bei gleichzeitig hoher Lesbarkeit auch im [&hellip;]<\/p>\n","protected":false},"author":1,"featured_media":267903,"comment_status":"open","ping_status":"closed","sticky":false,"template":"","format":"standard","meta":{"_acf_changed":false,"footnotes":""},"categories":[22],"tags":[4461,6447,3543,6993,4591],"class_list":["post-267899","post","type-post","status-publish","format-standard","has-post-thumbnail","hentry","category-zubehor","tag-5g","tag-boox","tag-e-reader","tag-palma","tag-zubehoer"],"acf":[],"aioseo_notices":[],"featured_image":["https:\/\/images.ifun.de\/wp-content\/uploads\/2025\/10\/palma-2-color-feature.jpg"],"subheadline":["Kompaktes Format mit erweiterten Funktionen"],"rest_api_enabler":{"featured_image":"https:\/\/images.ifun.de\/wp-content\/uploads\/2025\/10\/palma-2-color-feature.jpg","subheadline":"Kompaktes Format mit erweiterten Funktionen"},"_links":{"self":[{"href":"https:\/\/www.ifun.de\/apiv2\/wp\/v2\/posts\/267899","targetHints":{"allow":["GET"]}}],"collection":[{"href":"https:\/\/www.ifun.de\/apiv2\/wp\/v2\/posts"}],"about":[{"href":"https:\/\/www.ifun.de\/apiv2\/wp\/v2\/types\/post"}],"author":[{"embeddable":true,"href":"https:\/\/www.ifun.de\/apiv2\/wp\/v2\/users\/1"}],"replies":[{"embeddable":true,"href":"https:\/\/www.ifun.de\/apiv2\/wp\/v2\/comments?post=267899"}],"version-history":[{"count":1,"href":"https:\/\/www.ifun.de\/apiv2\/wp\/v2\/posts\/267899\/revisions"}],"predecessor-version":[{"id":267904,"href":"https:\/\/www.ifun.de\/apiv2\/wp\/v2\/posts\/267899\/revisions\/267904"}],"wp:featuredmedia":[{"embeddable":true,"href":"https:\/\/www.ifun.de\/apiv2\/wp\/v2\/media\/267903"}],"wp:attachment":[{"href":"https:\/\/www.ifun.de\/apiv2\/wp\/v2\/media?parent=267899"}],"wp:term":[{"taxonomy":"category","embeddable":true,"href":"https:\/\/www.ifun.de\/apiv2\/wp\/v2\/categories?post=267899"},{"taxonomy":"post_tag","embeddable":true,"href":"https:\/\/www.ifun.de\/apiv2\/wp\/v2\/tags?post=267899"}],"curies":[{"name":"wp","href":"https:\/\/api.w.org\/{rel}","templated":true}]}}