{"id":26541,"date":"2012-06-22T09:15:26","date_gmt":"2012-06-22T07:15:26","guid":{"rendered":"http:\/\/www.ifun.de\/?p=26541"},"modified":"2012-06-22T12:52:54","modified_gmt":"2012-06-22T10:52:54","slug":"apple-store-berlin-leipziger-platz","status":"publish","type":"post","link":"https:\/\/www.ifun.de\/apple-store-berlin-leipziger-platz-26541\/","title":{"rendered":"Berlin: Neben Ku&#8217;damm m\u00f6glicherweise ein zweiter Apple Store mit N\u00e4he zum Potsdamer Platz geplant"},"content":{"rendered":"<p>Bekommt Berlin nicht nur einen, sondern gleich zwei Apple Stores? \u00dcber den <a href=\"http:\/\/www.ifun.de\/apple-store-berlin-kudamm-17816\/\">Standort Kurf\u00fcrstendamm<\/a> ist man sich &#8211; auch wenn von Apple noch nicht offiziell best\u00e4tigt &#8211; ja inzwischen einig. Bis Ende des Jahres soll dort in der ehemaligen Filmb\u00fchne Wien eine der imposantesten Apple-Niederlassungen weltweit entstehen. M\u00f6glicherweise ist aber auch noch eine weitere Berliner Niederlassung in Planung.<\/p>\n<p><img loading=\"lazy\" decoding=\"async\" src=\"http:\/\/images.ifun.de\/wp-content\/uploads\/2011\/11\/photo_city-galerie.jpg\" alt=\"\" title=\"photo_city-galerie\" width=\"230\" height=\"147\" class=\"alignright size-full wp-image-18808\" \/>N\u00e4chstes Jahr soll dort am <a href=\"http:\/\/de.wikipedia.org\/wiki\/Leipziger_Platz\">Leipziger Platz<\/a> auf dem Gel\u00e4nde des ehemaligen und im Krieg zerst\u00f6rten Kaufhaus Wertheim ein gro\u00dfes Einkaufszentrum er\u00f6ffnen. Laut den Betreibern sind bereits 90 Prozent der verf\u00fcgbaren Ladenfl\u00e4chen vermietet und die in der <a href=\"http:\/\/www.leipzigerplatz12.de\/\">Online-Pr\u00e4sentation<\/a> genannten Markennamen k\u00f6nnen sich durchaus sehen lassen. Interessanterweise war dort f\u00fcr kurze Zeit auch eine <a href=\"http:\/\/h12.abload.de\/img\/applestorepotsdamerplvhu8f.jpg\">Grafik mit einem skizzierten Apple Store<\/a> zu sehen, inzwischen wurde das Bild aber wieder entfernt.<\/p>\n<p>Nun lie\u00dfe sich nat\u00fcrlich vermuten, dass die Grafik bewusst platziert wurde, um die Exklusivit\u00e4t der Fl\u00e4chen hervorzuheben und Apple hiergegen Einspruch erhoben habe. Ganz unwahrscheinlich erscheint uns die Theorie allerdings nicht. Die N\u00e4he zum Potsdamer Platz und das durchaus attraktive Umfeld des neuen Gesch\u00e4ftszentrums scheint wie geschaffen f\u00fcr eine Apple-Niederlassung. Wir halten die Augen offen, vielen Dank an Fabian f\u00fcr die Infos!<\/p>\n","protected":false},"excerpt":{"rendered":"<a href=\"https:\/\/www.ifun.de\/apple-store-berlin-leipziger-platz-26541\/\"><img width=\"150\" height=\"73\" src=\"https:\/\/images.ifun.de\/wp-content\/uploads\/2012\/06\/apple-store-leipziger-platz.jpg\" class=\"alignright tfe wp-post-image\" alt=\"\" decoding=\"async\" loading=\"lazy\" srcset=\"https:\/\/images.ifun.de\/wp-content\/uploads\/2012\/06\/apple-store-leipziger-platz.jpg 464w, https:\/\/images.ifun.de\/wp-content\/uploads\/2012\/06\/apple-store-leipziger-platz-300x145.jpg 300w\" sizes=\"auto, (max-width: 150px) 100vw, 150px\" \/><\/a><p>Bekommt Berlin nicht nur einen, sondern gleich zwei Apple Stores? \u00dcber den Standort Kurf\u00fcrstendamm ist man sich &#8211; auch wenn von Apple noch nicht offiziell best\u00e4tigt &#8211; ja inzwischen einig. Bis Ende des Jahres soll dort in der ehemaligen Filmb\u00fchne Wien eine der imposantesten Apple-Niederlassungen weltweit entstehen. M\u00f6glicherweise ist aber auch noch eine weitere Berliner [&hellip;]<\/p>\n","protected":false},"author":2,"featured_media":26542,"comment_status":"open","ping_status":"closed","sticky":false,"template":"","format":"standard","meta":{"_acf_changed":false,"footnotes":""},"categories":[3],"tags":[49,190,1272],"class_list":["post-26541","post","type-post","status-publish","format-standard","has-post-thumbnail","hentry","category-apple","tag-apple-store","tag-berlin","tag-leipziger-platz"],"acf":[],"aioseo_notices":[],"rest_api_enabler":[],"_links":{"self":[{"href":"https:\/\/www.ifun.de\/apiv2\/wp\/v2\/posts\/26541","targetHints":{"allow":["GET"]}}],"collection":[{"href":"https:\/\/www.ifun.de\/apiv2\/wp\/v2\/posts"}],"about":[{"href":"https:\/\/www.ifun.de\/apiv2\/wp\/v2\/types\/post"}],"author":[{"embeddable":true,"href":"https:\/\/www.ifun.de\/apiv2\/wp\/v2\/users\/2"}],"replies":[{"embeddable":true,"href":"https:\/\/www.ifun.de\/apiv2\/wp\/v2\/comments?post=26541"}],"version-history":[{"count":10,"href":"https:\/\/www.ifun.de\/apiv2\/wp\/v2\/posts\/26541\/revisions"}],"predecessor-version":[{"id":26550,"href":"https:\/\/www.ifun.de\/apiv2\/wp\/v2\/posts\/26541\/revisions\/26550"}],"wp:featuredmedia":[{"embeddable":true,"href":"https:\/\/www.ifun.de\/apiv2\/wp\/v2\/media\/26542"}],"wp:attachment":[{"href":"https:\/\/www.ifun.de\/apiv2\/wp\/v2\/media?parent=26541"}],"wp:term":[{"taxonomy":"category","embeddable":true,"href":"https:\/\/www.ifun.de\/apiv2\/wp\/v2\/categories?post=26541"},{"taxonomy":"post_tag","embeddable":true,"href":"https:\/\/www.ifun.de\/apiv2\/wp\/v2\/tags?post=26541"}],"curies":[{"name":"wp","href":"https:\/\/api.w.org\/{rel}","templated":true}]}}