{"id":264948,"date":"2025-09-15T07:00:12","date_gmt":"2025-09-15T05:00:12","guid":{"rendered":"https:\/\/www.ifun.de\/?p=264948"},"modified":"2025-09-19T07:01:21","modified_gmt":"2025-09-19T05:01:21","slug":"neue-apple-produkte-ipad-pro-m5-soll-naechsten-monat-folgen","status":"publish","type":"post","link":"https:\/\/www.ifun.de\/neue-apple-produkte-ipad-pro-m5-soll-naechsten-monat-folgen-264948\/","title":{"rendered":"Neue Apple-Produkte: iPad Pro M5 soll n\u00e4chsten Monat folgen"},"content":{"rendered":"<p>Von Freitag an verkauft Apple die neuen iPhone-Modelle. Wer im Zusammenhang mit der Vorstellung der neuen Ger\u00e4te in der vergangenen Woche allerdings auch auf die Ank\u00fcndigung neuer iPads gewartet hat, wurde entt\u00e4uscht. Das ebenfalls noch in diesem Jahr erwartete iPad Pro mit M5-Prozessor wurde von Apple nicht erw\u00e4hnt. Dennoch besteht die Hoffnung, dass das Ger\u00e4t bereits in wenigen Wochen in den Handel kommt.<\/p>\n<p>Der f\u00fcr Bloomberg t\u00e4tige Journalist <a href=\"https:\/\/www.bloomberg.com\/account\/newsletters\/power-on\" title=\"Mark Gurman\">Mark Gurman<\/a>, der als gut mit Apple vernetzt gilt, gibt sich diesbez\u00fcglich sicher. Apple bereite derzeit die Markteinf\u00fchrung des neuen iPad Pro vor und das Ger\u00e4t k\u00f6nnte bereits im Oktober erscheinen. Mit dem M5-Prozessor w\u00fcrde das neue iPad Pro dann zugleich eine neue Generation der Apple-Chips einf\u00fchren.<\/p>\n<p><a href=\"https:\/\/images.ifun.de\/wp-content\/uploads\/2024\/09\/ipad-pro-2024.jpg\"><img loading=\"lazy\" decoding=\"async\" src=\"https:\/\/images.ifun.de\/wp-content\/uploads\/2024\/09\/ipad-pro-2024-700x411.jpg\" alt=\"Ipad Pro 2024\" width=\"700\" height=\"411\" class=\"alignnone size-large wp-image-239875\" srcset=\"https:\/\/images.ifun.de\/wp-content\/uploads\/2024\/09\/ipad-pro-2024-700x411.jpg 700w, https:\/\/images.ifun.de\/wp-content\/uploads\/2024\/09\/ipad-pro-2024-500x293.jpg 500w, https:\/\/images.ifun.de\/wp-content\/uploads\/2024\/09\/ipad-pro-2024-768x450.jpg 768w, https:\/\/images.ifun.de\/wp-content\/uploads\/2024\/09\/ipad-pro-2024.jpg 1400w\" sizes=\"auto, (max-width: 700px) 100vw, 700px\" \/><\/a><\/p>\n<h6>Das iPad Pro M4 vom Mai 2024<\/h6>\n<p>Bereits <a href=\"https:\/\/www.ifun.de\/ipad-pro-soll-kuenftig-mit-zwei-frontkameras-kommen-261135\/\">im Juli<\/a> haben wir einen ersten inoffiziellen Ausblick auf die kommende Generation des iPad Pro erhalten. Offenbar will Apple dem Topmodell unter seinen Tablet-Computern in diesem Jahr nicht nur mehr Rechenleistung spendieren, sondern das Ger\u00e4t auch mit einer zus\u00e4tzlichen Frontkamera f\u00fcr die Nutzung im Hochformat ausstatten.<\/p>\n<h2>K\u00fcnftig mit zwei Frontkameras<\/h2>\n<p>Mit der Einf\u00fchrung des aktuell erh\u00e4ltlichen iPad Pro mit M4-Prozessor hat Apple die Frontkamera erstmals so platziert, dass sie auf die Nutzung im Querformat ausgelegt ist. Diese Kameraposition ist insbesondere bei der Nutzung des Ger\u00e4ts f\u00fcr Videoanrufe optimal. Viele Anwender verwenden das Tablet ohnehin zumeist im Querformat, hier bringt die ge\u00e4nderte Position der Kamera auch Vorteile bei der Verwendung der Gesichtserkennung Face ID.<\/p>\n<p><a href=\"https:\/\/images.ifun.de\/wp-content\/uploads\/2025\/07\/ipad-pro-facetime.jpg\"><img loading=\"lazy\" decoding=\"async\" src=\"https:\/\/images.ifun.de\/wp-content\/uploads\/2025\/07\/ipad-pro-facetime-700x491.jpg\" alt=\"Ipad Pro Facetime\" width=\"700\" height=\"491\" class=\"alignnone size-large wp-image-261139\" srcset=\"https:\/\/images.ifun.de\/wp-content\/uploads\/2025\/07\/ipad-pro-facetime-700x491.jpg 700w, https:\/\/images.ifun.de\/wp-content\/uploads\/2025\/07\/ipad-pro-facetime-500x351.jpg 500w, https:\/\/images.ifun.de\/wp-content\/uploads\/2025\/07\/ipad-pro-facetime-768x539.jpg 768w, https:\/\/images.ifun.de\/wp-content\/uploads\/2025\/07\/ipad-pro-facetime.jpg 1400w\" sizes=\"auto, (max-width: 700px) 100vw, 700px\" \/><\/a><\/p>\n<p>Eine zus\u00e4tzlich in die kurze Bildschirmseite integrierte Frontkamera soll im kommenden iPad Pro M5 offenbar daf\u00fcr sorgen, dass sich das Tablet noch flexibler verwenden l\u00e4sst und auch Nutzer, die das Ger\u00e4t bevorzugt im Hochformat verwenden, keine Einschr\u00e4nkungen hinnehmen m\u00fcssen.<\/p>\n<h2>Alle anderthalb Jahre ein neues Modell<\/h2>\n<p>Mit einer Vorstellung des neuen iPad Pro im Oktober w\u00fcrde Apple seinen zuletzt beim iPad Pro eingef\u00fchrten Update-Rhythmus fortsetzen. Die letzten Modelle sind stets im Abstand von etwa anderthalb Jahren erschienen. Auf die im Mai 2021 vorgestellten Generationen 3\/5 folgten im Oktober 2022 die Generationen 4\/6 und im Mai 2024 dann das iPad Pro M4.<img loading=\"lazy\" decoding=\"async\" src=\"https:\/\/vg06.met.vgwort.de\/na\/691c1d9f773b40b2bcbb895e3e4ba618\" width=\"1\" height=\"1\" no-lazy class=\"tracking\"><\/p>\n","protected":false},"excerpt":{"rendered":"<a href=\"https:\/\/www.ifun.de\/neue-apple-produkte-ipad-pro-m5-soll-naechsten-monat-folgen-264948\/\"><img width=\"150\" height=\"150\" src=\"https:\/\/images.ifun.de\/wp-content\/uploads\/2025\/09\/ipad-pro-feature-150x150.jpg\" class=\"alignright tfe wp-post-image\" alt=\"Ipad Pro Feature\" decoding=\"async\" loading=\"lazy\" \/><\/a><p>Von Freitag an verkauft Apple die neuen iPhone-Modelle. Wer im Zusammenhang mit der Vorstellung der neuen Ger\u00e4te in der vergangenen Woche allerdings auch auf die Ank\u00fcndigung neuer iPads gewartet hat, wurde entt\u00e4uscht. Das ebenfalls noch in diesem Jahr erwartete iPad Pro mit M5-Prozessor wurde von Apple nicht erw\u00e4hnt. Dennoch besteht die Hoffnung, dass das Ger\u00e4t [&hellip;]<\/p>\n","protected":false},"author":2,"featured_media":264950,"comment_status":"open","ping_status":"closed","sticky":false,"template":"","format":"standard","meta":{"_acf_changed":false,"footnotes":""},"categories":[10,1783],"tags":[2486,6884],"class_list":["post-264948","post","type-post","status-publish","format-standard","has-post-thumbnail","hentry","category-ipad","category-feature","tag-ipad-pro","tag-m5-prozessor"],"acf":[],"aioseo_notices":[],"featured_image":["https:\/\/images.ifun.de\/wp-content\/uploads\/2025\/09\/ipad-pro-feature.jpg"],"subheadline":["Zus\u00e4tzliche Kamera f\u00fcr Hochformat"],"rest_api_enabler":{"featured_image":"https:\/\/images.ifun.de\/wp-content\/uploads\/2025\/09\/ipad-pro-feature.jpg","subheadline":"Zus\u00e4tzliche Kamera f\u00fcr Hochformat"},"_links":{"self":[{"href":"https:\/\/www.ifun.de\/apiv2\/wp\/v2\/posts\/264948","targetHints":{"allow":["GET"]}}],"collection":[{"href":"https:\/\/www.ifun.de\/apiv2\/wp\/v2\/posts"}],"about":[{"href":"https:\/\/www.ifun.de\/apiv2\/wp\/v2\/types\/post"}],"author":[{"embeddable":true,"href":"https:\/\/www.ifun.de\/apiv2\/wp\/v2\/users\/2"}],"replies":[{"embeddable":true,"href":"https:\/\/www.ifun.de\/apiv2\/wp\/v2\/comments?post=264948"}],"version-history":[{"count":3,"href":"https:\/\/www.ifun.de\/apiv2\/wp\/v2\/posts\/264948\/revisions"}],"predecessor-version":[{"id":264952,"href":"https:\/\/www.ifun.de\/apiv2\/wp\/v2\/posts\/264948\/revisions\/264952"}],"wp:featuredmedia":[{"embeddable":true,"href":"https:\/\/www.ifun.de\/apiv2\/wp\/v2\/media\/264950"}],"wp:attachment":[{"href":"https:\/\/www.ifun.de\/apiv2\/wp\/v2\/media?parent=264948"}],"wp:term":[{"taxonomy":"category","embeddable":true,"href":"https:\/\/www.ifun.de\/apiv2\/wp\/v2\/categories?post=264948"},{"taxonomy":"post_tag","embeddable":true,"href":"https:\/\/www.ifun.de\/apiv2\/wp\/v2\/tags?post=264948"}],"curies":[{"name":"wp","href":"https:\/\/api.w.org\/{rel}","templated":true}]}}