{"id":264792,"date":"2025-09-11T15:16:55","date_gmt":"2025-09-11T13:16:55","guid":{"rendered":"https:\/\/www.ifun.de\/?p=264792"},"modified":"2025-09-11T15:17:03","modified_gmt":"2025-09-11T13:17:03","slug":"macos-tahoe-26-kritik-an-stabilitaet-und-zuverlaessigkeit","status":"publish","type":"post","link":"https:\/\/www.ifun.de\/macos-tahoe-26-kritik-an-stabilitaet-und-zuverlaessigkeit-264792\/","title":{"rendered":"macOS Tahoe 26: Kritik an Stabilit\u00e4t und Zuverl\u00e4ssigkeit"},"content":{"rendered":"<p>Mit der Freigabe des Release Candidate <a href=\"https:\/\/www.ifun.de\/apples-neue-betriebssysteme-kommen-am-15-september-264621\/\">am vergangenen Dienstag<\/a> hat Apple den letzten Schritt vor der offiziellen Ver\u00f6ffentlichung von macOS Tahoe 26 eingeleitet. Die finale Version soll am 15. September gemeinsam mit iOS 26, iPadOS 26, watchOS 26, tvOS 26 und visionOS 26 <a href=\"https:\/\/www.ifun.de\/apples-neue-betriebssysteme-kommen-am-15-september-264621\/\">f\u00fcr alle Nutzer verf\u00fcgbar gemacht werden<\/a>.<\/p>\n<h6><a href=\"https:\/\/images.ifun.de\/wp-content\/uploads\/2025\/09\/macos-tahoe.png\"><img loading=\"lazy\" decoding=\"async\" class=\"aligncenter size-medium wp-image-264793\" src=\"https:\/\/images.ifun.de\/wp-content\/uploads\/2025\/09\/macos-tahoe-500x500.png\" alt=\"Macos Tahoe\" width=\"500\" height=\"500\" srcset=\"https:\/\/images.ifun.de\/wp-content\/uploads\/2025\/09\/macos-tahoe-500x500.png 500w, https:\/\/images.ifun.de\/wp-content\/uploads\/2025\/09\/macos-tahoe-700x700.png 700w, https:\/\/images.ifun.de\/wp-content\/uploads\/2025\/09\/macos-tahoe-150x150.png 150w, https:\/\/images.ifun.de\/wp-content\/uploads\/2025\/09\/macos-tahoe-768x768.png 768w, https:\/\/images.ifun.de\/wp-content\/uploads\/2025\/09\/macos-tahoe.png 1404w\" sizes=\"auto, (max-width: 500px) 100vw, 500px\" \/><\/a>macOS Tahoe 26: Ab 15. September allgemein verf\u00fcgbar<\/h6>\n<p>Zuvor hatte Apple insgesamt neun Testversionen ver\u00f6ffentlicht, die Entwickler und Teilnehmer des \u00f6ffentlichen Beta-Programms ausprobieren konnten.<\/p>\n<h2>Kritik an Stabilit\u00e4t und Softwarefehlern<\/h2>\n<p>Trotz der bevorstehenden Ver\u00f6ffentlichung gibt es an macOS Tahoe 26 deutliche Kritik aus der Entwickler-Community. Mehrere Entwickler berichten von anhaltenden Fehlern, die seit den ersten Testversionen nicht behoben wurden. Genannt werden <a href=\"https:\/\/mastodon.social\/@siracusa\/115180072830457239\">Probleme mit der Benutzeroberfl\u00e4che<\/a>, etwa fehlerhafte Darstellungen von Symbolleisten und Seitenleisten in klassischen Mac-Anwendungen. Fehler in Apple Music sorgen daf\u00fcr, dass bestimmte Musikprogramme <a href=\"https:\/\/mastodon.social\/@marioguzman\/115176032298353857\">ihre Funktionalit\u00e4t verloren haben<\/a>.<\/p>\n<p><a href=\"https:\/\/images.ifun.de\/wp-content\/uploads\/2025\/09\/finder-titelleiste.png\"><img loading=\"lazy\" decoding=\"async\" class=\"aligncenter size-large wp-image-264794\" src=\"https:\/\/images.ifun.de\/wp-content\/uploads\/2025\/09\/finder-titelleiste-700x372.png\" alt=\"Finder Titelleiste\" width=\"700\" height=\"372\" srcset=\"https:\/\/images.ifun.de\/wp-content\/uploads\/2025\/09\/finder-titelleiste-700x372.png 700w, https:\/\/images.ifun.de\/wp-content\/uploads\/2025\/09\/finder-titelleiste-500x266.png 500w, https:\/\/images.ifun.de\/wp-content\/uploads\/2025\/09\/finder-titelleiste-768x408.png 768w, https:\/\/images.ifun.de\/wp-content\/uploads\/2025\/09\/finder-titelleiste-1536x816.png 1536w, https:\/\/images.ifun.de\/wp-content\/uploads\/2025\/09\/finder-titelleiste-2048x1088.png 2048w\" sizes=\"auto, (max-width: 700px) 100vw, 700px\" \/><\/a><\/p>\n<h6>Bug oder Feature? Durchscheinende Schrift in der Finder-Titelleiste<\/h6>\n<p>Dar\u00fcber hinaus wird kritisiert, dass Apples <a href=\"https:\/\/developer.apple.com\/documentation\/macos-release-notes\/macos-26-release-notes\">offizielle Versionshinweise<\/a> f\u00fcr Entwickler nur unvollst\u00e4ndig \u00fcber bekannte Fehler informieren. Nach Angaben einiger Tester unterscheiden sich die letzten Vorabversionen kaum voneinander, was die Sorge verst\u00e4rkt, dass viele Probleme in die finale Ver\u00f6ffentlichung <a href=\"https:\/\/mastodon.social\/@krzyzanowskim\/115175832350822895\">\u00fcbernommen werden<\/a>.<\/p>\n<h2>Neue Funktion f\u00fcr Reparaturunterst\u00fctzung<\/h2>\n<p>Neben den Diskussionen \u00fcber Stabilit\u00e4t bringt macOS Tahoe 26 auch neue Funktionen mit. Erstmals wird ein sogenannter <a href=\"https:\/\/9to5mac.com\/2025\/09\/09\/macos-tahoe-26-introduces-repair-assistant-for-mac\/\">Reparaturassistent unterst\u00fctzt<\/a>. Dieses Werkzeug soll im Rahmen des Selbstreparatur-Programms genutzt werden k\u00f6nnen. Es erm\u00f6glicht die Kalibrierung von Ersatzteilen, die bislang nicht vollst\u00e4ndig auf das jeweilige Ger\u00e4t abgestimmt waren. Ziel ist es, die Zuverl\u00e4ssigkeit von Reparaturen zu erh\u00f6hen und gleichzeitig die Sicherheit der Ger\u00e4te zu gew\u00e4hrleisten.<\/p>\n<p>Doch auch hier gibt es Kritik: Freie Reparatur-Dienstleiser werfen Apple vor den Reparaturassistent und dessen Kalibrierung (die f\u00fcr den Austausch bestimmter Komponenten zwingend erforderlich ist) vor allem daf\u00fcr einzusetzen, den Ersatzteilmarkt zu kontrollieren.<\/p>\n<p><img loading=\"lazy\" decoding=\"async\" src=\"https:\/\/vg08.met.vgwort.de\/na\/436ac7f888bc4b498a2e3fcec380d639\" width=\"1\" height=\"1\"  no-lazy class=\"tracking\"><\/p>\n","protected":false},"excerpt":{"rendered":"<a href=\"https:\/\/www.ifun.de\/macos-tahoe-26-kritik-an-stabilitaet-und-zuverlaessigkeit-264792\/\"><img width=\"150\" height=\"150\" src=\"https:\/\/images.ifun.de\/wp-content\/uploads\/2025\/09\/finder-titelleiste-150x150.png\" class=\"alignright tfe wp-post-image\" alt=\"Finder Titelleiste\" decoding=\"async\" loading=\"lazy\" \/><\/a><p>Mit der Freigabe des Release Candidate am vergangenen Dienstag hat Apple den letzten Schritt vor der offiziellen Ver\u00f6ffentlichung von macOS Tahoe 26 eingeleitet. Die finale Version soll am 15. September gemeinsam mit iOS 26, iPadOS 26, watchOS 26, tvOS 26 und visionOS 26 f\u00fcr alle Nutzer verf\u00fcgbar gemacht werden. macOS Tahoe 26: Ab 15. September [&hellip;]<\/p>\n","protected":false},"author":1,"featured_media":264794,"comment_status":"open","ping_status":"closed","sticky":false,"template":"","format":"standard","meta":{"_acf_changed":false,"footnotes":""},"categories":[1],"tags":[373,6832],"class_list":["post-264792","post","type-post","status-publish","format-standard","has-post-thumbnail","hentry","category-news","tag-kritik","tag-macos-tahoe"],"acf":[],"aioseo_notices":[],"featured_image":["https:\/\/images.ifun.de\/wp-content\/uploads\/2025\/06\/macos-tahoe.jpg"],"subheadline":["Kurz vor der Ver\u00f6ffentlichung"],"rest_api_enabler":{"featured_image":"https:\/\/images.ifun.de\/wp-content\/uploads\/2025\/06\/macos-tahoe.jpg","subheadline":"Kurz vor der Ver\u00f6ffentlichung"},"_links":{"self":[{"href":"https:\/\/www.ifun.de\/apiv2\/wp\/v2\/posts\/264792","targetHints":{"allow":["GET"]}}],"collection":[{"href":"https:\/\/www.ifun.de\/apiv2\/wp\/v2\/posts"}],"about":[{"href":"https:\/\/www.ifun.de\/apiv2\/wp\/v2\/types\/post"}],"author":[{"embeddable":true,"href":"https:\/\/www.ifun.de\/apiv2\/wp\/v2\/users\/1"}],"replies":[{"embeddable":true,"href":"https:\/\/www.ifun.de\/apiv2\/wp\/v2\/comments?post=264792"}],"version-history":[{"count":1,"href":"https:\/\/www.ifun.de\/apiv2\/wp\/v2\/posts\/264792\/revisions"}],"predecessor-version":[{"id":264796,"href":"https:\/\/www.ifun.de\/apiv2\/wp\/v2\/posts\/264792\/revisions\/264796"}],"wp:featuredmedia":[{"embeddable":true,"href":"https:\/\/www.ifun.de\/apiv2\/wp\/v2\/media\/264794"}],"wp:attachment":[{"href":"https:\/\/www.ifun.de\/apiv2\/wp\/v2\/media?parent=264792"}],"wp:term":[{"taxonomy":"category","embeddable":true,"href":"https:\/\/www.ifun.de\/apiv2\/wp\/v2\/categories?post=264792"},{"taxonomy":"post_tag","embeddable":true,"href":"https:\/\/www.ifun.de\/apiv2\/wp\/v2\/tags?post=264792"}],"curies":[{"name":"wp","href":"https:\/\/api.w.org\/{rel}","templated":true}]}}