{"id":264614,"date":"2025-09-09T18:41:01","date_gmt":"2025-09-09T16:41:01","guid":{"rendered":"https:\/\/www.ifun.de\/?p=264614"},"modified":"2025-09-09T18:41:50","modified_gmt":"2025-09-09T16:41:50","slug":"awe-dropping-das-apple-event-ab-1900-uhr-live-im-stream","status":"publish","type":"post","link":"https:\/\/www.ifun.de\/awe-dropping-das-apple-event-ab-1900-uhr-live-im-stream-264614\/","title":{"rendered":"Awe dropping: Das Apple-Event ab 19:00 Uhr live im Stream"},"content":{"rendered":"<p>Am heutigen Dienstag l\u00e4dt Apple zu seiner traditionellen September-Veranstaltung. Ab 19 Uhr deutscher Zeit k\u00f6nnen Interessierte die Pr\u00e4sentation live verfolgen. Der Stream wird <a href=\"https:\/\/www.apple.com\/de\/apple-events\/\">\u00fcber die offizielle Apple-Webseite<\/a>, \u00fcber die Apple-TV-Anwendung sowie \u00fcber <a href=\"https:\/\/www.youtube.com\/watch?v=H3KnMyojEQU\">den YouTube-Kanal<\/a> des Unternehmens bereitgestellt.<\/p>\n<p><a href=\"https:\/\/images.ifun.de\/wp-content\/uploads\/2025\/09\/de-us-motiv.jpg\"><img loading=\"lazy\" decoding=\"async\" class=\"aligncenter size-medium wp-image-264615\" src=\"https:\/\/images.ifun.de\/wp-content\/uploads\/2025\/09\/de-us-motiv-500x312.jpg\" alt=\"De Us Motiv\" width=\"500\" height=\"312\" srcset=\"https:\/\/images.ifun.de\/wp-content\/uploads\/2025\/09\/de-us-motiv-500x312.jpg 500w, https:\/\/images.ifun.de\/wp-content\/uploads\/2025\/09\/de-us-motiv-700x436.jpg 700w, https:\/\/images.ifun.de\/wp-content\/uploads\/2025\/09\/de-us-motiv-768x479.jpg 768w, https:\/\/images.ifun.de\/wp-content\/uploads\/2025\/09\/de-us-motiv.jpg 1476w\" sizes=\"auto, (max-width: 500px) 100vw, 500px\" \/><\/a><\/p>\n<h6>So hat Apple f\u00fcr heute eingeladen<\/h6>\n<p>Wir erwarten eine kombinierte Marketing- und Medienveranstaltung, bei der neben neuen Ger\u00e4ten auch die n\u00e4chsten Betriebssysteme im Mittelpunkt stehen.<\/p>\n<h2>Livestream \u00fcber YouTube und Apple TV App<\/h2>\n<p>Besondere Aufmerksamkeit gilt in diesem Jahr dem Nachfolger des iPhone 16 Plus. Neben dem regul\u00e4ren Modell wird mit einer neuen Variante gerechnet, die den Namen iPhone 17 Air tragen k\u00f6nnte. Das Ger\u00e4t soll ein besonders schlankes Geh\u00e4use besitzen, das Ger\u00fcchten zufolge nur rund 5,5 Millimeter tief ist.<\/p>\n<p><div class=\"responsive-video\"><iframe loading=\"lazy\" title=\"Apple Event \u2014 September 9\" width=\"500\" height=\"281\" src=\"https:\/\/www.youtube-nocookie.com\/embed\/H3KnMyojEQU?feature=oembed\" frameborder=\"0\" allow=\"accelerometer; autoplay; clipboard-write; encrypted-media; gyroscope; picture-in-picture; web-share\" referrerpolicy=\"strict-origin-when-cross-origin\" allowfullscreen><\/iframe><\/div><\/p>\n<p>Geplant ist offenbar ein 6,6 Zoll gro\u00dfes Display sowie ein A19-Prozessor mit reduzierter Grafikleistung. Auf der Vorderseite k\u00f6nnte eine Kamera mit 24 Megapixeln integriert sein, w\u00e4hrend die R\u00fcckseite nur eine Hauptkamera aufweist. Au\u00dferdem wird erwartet, dass erstmals ein 5G-Modemchip aus Apples eigener Entwicklung zum Einsatz kommt.<\/p>\n<h2>iPhone, Apple Watch und AirPods<\/h2>\n<p>Das animierte Logo der Einladung zeigt einen Farbverlauf aus Schwarz, Blau, Gelb und Orangerot, umgeben von einem blauen Leuchtring. Beobachter deuten dies als Hinweis auf m\u00f6gliche neue Farbvarianten. Das helle Blau wird mit dem iPhone 17 Air in Verbindung gebracht, w\u00e4hrend das Orange auf eine neue Pro-Farbe hindeuten k\u00f6nnte.<\/p>\n<ul>\n<li><strong>iPhone 17 &amp; Co.:<\/strong> <a title=\"iPhone 17 &amp; Co.: Die Erwartungen ans Apple-Event zusammengefasst\" href=\"https:\/\/www.iphone-ticker.de\/iphone-17-co-die-erwartungen-ans-apple-event-im-video-zusammengefasst-263444\/\">Die Erwartungen ans Apple-Event zusammengefasst<\/a><\/li>\n<\/ul>\n<p>Neben den iPhones d\u00fcrften auch neue Modelle der Apple Watch sowie die dritte Generation der Airports Pro <a href=\"https:\/\/www.iphone-ticker.de\/iphone-17-co-die-erwartungen-ans-apple-event-im-video-zusammengefasst-263444\/\">vorgestellt werden<\/a>. Ebenso wird die Vorstellung neuer AirPods als wahrscheinlich angesehen. Gewissheit bringt der heutige Abend. Wir halten euch im Web und in der <a href=\"https:\/\/www.ifun.de\/app\/369902977\">ifun.de-Applikation<\/a> auf dem Laufenden.<\/p>\n<!-- WP-Appbox (Version: 4.5.12 \/\/ Store: appstore \/\/ ID: 369902977) -->\t<!-- app-link -->\n\t<div id=\"article-single-app-preview\">\n\t\t<div id=\"article-single-app-preview-header\">\n\t\t\t<span class=\"title\">Laden im App Store<\/span>\n\t\t<\/div>\n\t\t<div id=\"article-single-app-preview-content\">\n\t\t\t<div id=\"article-single-app-preview-img\"><img loading=\"lazy\" decoding=\"async\" src=\"\/\/is1-ssl.mzstatic.com\/image\/thumb\/Purple211\/v4\/74\/39\/58\/7439581a-3b4f-f6f6-d722-60e2318c95b3\/AppIcon-0-0-1x_U007epad-0-11-0-85-220.png\/200x200ia-75.png\" alt=\"ifun.de\"  height=\"72\" width=\"72\" class=\"asl-icon-img\" \/><\/div>\n\t\t\t<div id=\"article-single-app-preview-desc\">\n\t\t\t\t<span class=\"name\">ifun.de<\/span><br \/>\n\t\t\t\t<span class=\"seller\">Entwickler: <a target=\"_blank\" rel=\"nofollow\" href=\"https:\/\/apps.apple.com\/de\/developer\/aketo-gmbh\/id776255936\">aketo GmbH<\/a><\/span>\n\t\t\t<\/div>\n\t\t\t<a target=\"_blank\" rel=\"nofollow\" href=\"https:\/\/apps.apple.com\/de\/app\/ifun-de\/id369902977\"><div id=\"article-single-app-preview-download\">Preis: Kostenlos<sup>+<\/sup><br \/>\n\t\t\t<span class=\"size\">Laden<\/span><\/div><\/a>\n\t\t<\/div>\n\t\t<!-- <div id=\"article-single-app-preview-footer\"><\/div>\t-->\n\t<\/div>\n\t<!-- app-link\/ende --><!-- \/WP-Appbox -->\n<p><img loading=\"lazy\" decoding=\"async\" src=\"https:\/\/vg08.met.vgwort.de\/na\/ceaeb007e90a45ee8f7587dfddc9978a\" width=\"1\" height=\"1\"  no-lazy class=\"tracking\"><\/p>\n","protected":false},"excerpt":{"rendered":"<a href=\"https:\/\/www.ifun.de\/awe-dropping-das-apple-event-ab-1900-uhr-live-im-stream-264614\/\"><img width=\"150\" height=\"150\" src=\"https:\/\/images.ifun.de\/wp-content\/uploads\/2025\/09\/apple-event-2025-150x150.jpg\" class=\"alignright tfe wp-post-image\" alt=\"Apple Event 2025\" decoding=\"async\" loading=\"lazy\" \/><\/a><p>Am heutigen Dienstag l\u00e4dt Apple zu seiner traditionellen September-Veranstaltung. Ab 19 Uhr deutscher Zeit k\u00f6nnen Interessierte die Pr\u00e4sentation live verfolgen. Der Stream wird \u00fcber die offizielle Apple-Webseite, \u00fcber die Apple-TV-Anwendung sowie \u00fcber den YouTube-Kanal des Unternehmens bereitgestellt. So hat Apple f\u00fcr heute eingeladen Wir erwarten eine kombinierte Marketing- und Medienveranstaltung, bei der neben neuen Ger\u00e4ten [&hellip;]<\/p>\n","protected":false},"author":1,"featured_media":264616,"comment_status":"open","ping_status":"closed","sticky":false,"template":"","format":"standard","meta":{"_acf_changed":false,"footnotes":""},"categories":[3],"tags":[4736,288],"class_list":["post-264614","post","type-post","status-publish","format-standard","has-post-thumbnail","hentry","category-apple","tag-apple","tag-event"],"acf":[],"aioseo_notices":[],"featured_image":["https:\/\/images.ifun.de\/wp-content\/uploads\/2025\/09\/apple-event-2025.jpg"],"subheadline":["Livestream \u00fcber YouTube und Apple TV App"],"rest_api_enabler":{"featured_image":"https:\/\/images.ifun.de\/wp-content\/uploads\/2025\/09\/apple-event-2025.jpg","subheadline":"Livestream \u00fcber YouTube und Apple TV App"},"_links":{"self":[{"href":"https:\/\/www.ifun.de\/apiv2\/wp\/v2\/posts\/264614","targetHints":{"allow":["GET"]}}],"collection":[{"href":"https:\/\/www.ifun.de\/apiv2\/wp\/v2\/posts"}],"about":[{"href":"https:\/\/www.ifun.de\/apiv2\/wp\/v2\/types\/post"}],"author":[{"embeddable":true,"href":"https:\/\/www.ifun.de\/apiv2\/wp\/v2\/users\/1"}],"replies":[{"embeddable":true,"href":"https:\/\/www.ifun.de\/apiv2\/wp\/v2\/comments?post=264614"}],"version-history":[{"count":1,"href":"https:\/\/www.ifun.de\/apiv2\/wp\/v2\/posts\/264614\/revisions"}],"predecessor-version":[{"id":264618,"href":"https:\/\/www.ifun.de\/apiv2\/wp\/v2\/posts\/264614\/revisions\/264618"}],"wp:featuredmedia":[{"embeddable":true,"href":"https:\/\/www.ifun.de\/apiv2\/wp\/v2\/media\/264616"}],"wp:attachment":[{"href":"https:\/\/www.ifun.de\/apiv2\/wp\/v2\/media?parent=264614"}],"wp:term":[{"taxonomy":"category","embeddable":true,"href":"https:\/\/www.ifun.de\/apiv2\/wp\/v2\/categories?post=264614"},{"taxonomy":"post_tag","embeddable":true,"href":"https:\/\/www.ifun.de\/apiv2\/wp\/v2\/tags?post=264614"}],"curies":[{"name":"wp","href":"https:\/\/api.w.org\/{rel}","templated":true}]}}