{"id":264180,"date":"2025-09-03T11:57:21","date_gmt":"2025-09-03T09:57:21","guid":{"rendered":"https:\/\/www.ifun.de\/?p=264180"},"modified":"2025-09-10T06:27:50","modified_gmt":"2025-09-10T04:27:50","slug":"harman-kardon-legt-die-soundsticks-neu-auf","status":"publish","type":"post","link":"https:\/\/www.ifun.de\/harman-kardon-legt-die-soundsticks-neu-auf-264180\/","title":{"rendered":"Harman Kardon legt die SoundSticks neu auf"},"content":{"rendered":"<p><a href=\"https:\/\/www.harmankardon.de\/\">Harman Kardon<\/a> hat eine Neuauflage seiner SoundSticks angek\u00fcndigt. Zu ihrem 25. Geburtstag werden die Kult-Lautsprecher in ihrer f\u00fcnften Version erscheinen. Das Update beinhaltet nicht nur technische Verbesserungen, sondern erweitert die SoundSticks auch um ein integriertes Beleuchtungssystem.<\/p>\n<p>Die SoundSticks bestehen weiterhin aus der Kombination von zwei Satellitenlautsprechern und einem Subwoofer. Neu ist die Integration zus\u00e4tzlicher Hocht\u00f6ner in den Satelliten, wodurch dem Hersteller zufolge ein Drei-Wege-Aufbau entsteht. Harman Kardon erkl\u00e4rt, dass der Subwoofer f\u00fcr kr\u00e4ftige B\u00e4sse sorgen soll, w\u00e4hrend die Mittel- und Hochtonbereiche eine pr\u00e4zisere Wiedergabe von Stimmen und Instrumenten erm\u00f6glichen.<\/p>\n<p><a href=\"https:\/\/images.ifun.de\/wp-content\/uploads\/2025\/09\/harman-kardon-soundsticks-5-detail.png\"><img loading=\"lazy\" decoding=\"async\" src=\"https:\/\/images.ifun.de\/wp-content\/uploads\/2025\/09\/harman-kardon-soundsticks-5-detail-700x482.png\" alt=\"Harman Kardon Soundsticks 5 Detail\" width=\"700\" height=\"482\" class=\"alignnone size-large wp-image-264183\" srcset=\"https:\/\/images.ifun.de\/wp-content\/uploads\/2025\/09\/harman-kardon-soundsticks-5-detail-700x482.png 700w, https:\/\/images.ifun.de\/wp-content\/uploads\/2025\/09\/harman-kardon-soundsticks-5-detail-500x344.png 500w, https:\/\/images.ifun.de\/wp-content\/uploads\/2025\/09\/harman-kardon-soundsticks-5-detail-768x529.png 768w, https:\/\/images.ifun.de\/wp-content\/uploads\/2025\/09\/harman-kardon-soundsticks-5-detail.png 1400w\" sizes=\"auto, (max-width: 700px) 100vw, 700px\" \/><\/a><\/p>\n<h2>Optisch ansprechend mit Ambient-Beleuchtung<\/h2>\n<p>Harman Kardon bewirbt die wahlweise in einer Variante mit transparentem Wei\u00df sowie in Schwarz mit einem Rauchglas-Effekt erh\u00e4ltlichen Lautsprecher auch als Designobjekt.<\/p>\n<p><a href=\"https:\/\/images.ifun.de\/wp-content\/uploads\/2025\/09\/harman-kardon-soundsticks-5-rauch.png\"><img loading=\"lazy\" decoding=\"async\" src=\"https:\/\/images.ifun.de\/wp-content\/uploads\/2025\/09\/harman-kardon-soundsticks-5-rauch-700x430.png\" alt=\"Harman Kardon Soundsticks 5 Rauch\" width=\"700\" height=\"430\" class=\"alignnone size-large wp-image-264184\" srcset=\"https:\/\/images.ifun.de\/wp-content\/uploads\/2025\/09\/harman-kardon-soundsticks-5-rauch-700x430.png 700w, https:\/\/images.ifun.de\/wp-content\/uploads\/2025\/09\/harman-kardon-soundsticks-5-rauch-500x307.png 500w, https:\/\/images.ifun.de\/wp-content\/uploads\/2025\/09\/harman-kardon-soundsticks-5-rauch-768x472.png 768w, https:\/\/images.ifun.de\/wp-content\/uploads\/2025\/09\/harman-kardon-soundsticks-5-rauch.png 1500w\" sizes=\"auto, (max-width: 700px) 100vw, 700px\" \/><\/a><\/p>\n<p>Neu ist ein in die einzelnen Komponenten integriertes Ambient-Beleuchtungssystem. Nutzer k\u00f6nnen zwischen f\u00fcnf dynamischen Lichtszenarien w\u00e4hlen, die sich an Naturmotiven wie einem Ozean oder dem Sonnenaufgang orientieren. Zus\u00e4tzlich kann man eine beliebige statische Farbe einstellen.<\/p>\n<h2>App-Steuerung, Bluetooth und HDMI<\/h2>\n<p>Gesteuert wird das System entweder \u00fcber ber\u00fchrungsempfindliche Tasten am Lautsprecherfu\u00df oder die App Harman Kardon One. Auf diesem Weg lassen sich dann weiterf\u00fchrende Optionen f\u00fcr die Beleuchtung oder Equalizer-Vorgaben nutzen.<\/p>\n<p><a href=\"https:\/\/images.ifun.de\/wp-content\/uploads\/2025\/09\/harman-kardon-soundsticks-5-anschluesse.png\"><img loading=\"lazy\" decoding=\"async\" src=\"https:\/\/images.ifun.de\/wp-content\/uploads\/2025\/09\/harman-kardon-soundsticks-5-anschluesse-700x604.png\" alt=\"Harman Kardon Soundsticks 5 Anschluesse\" width=\"700\" height=\"604\" class=\"alignnone size-large wp-image-264185\" srcset=\"https:\/\/images.ifun.de\/wp-content\/uploads\/2025\/09\/harman-kardon-soundsticks-5-anschluesse-700x604.png 700w, https:\/\/images.ifun.de\/wp-content\/uploads\/2025\/09\/harman-kardon-soundsticks-5-anschluesse-500x432.png 500w, https:\/\/images.ifun.de\/wp-content\/uploads\/2025\/09\/harman-kardon-soundsticks-5-anschluesse-768x663.png 768w, https:\/\/images.ifun.de\/wp-content\/uploads\/2025\/09\/harman-kardon-soundsticks-5-anschluesse-1536x1326.png 1536w, https:\/\/images.ifun.de\/wp-content\/uploads\/2025\/09\/harman-kardon-soundsticks-5-anschluesse.png 1605w\" sizes=\"auto, (max-width: 700px) 100vw, 700px\" \/><\/a><\/p>\n<p>F\u00fcr die drahtlose Nutzung unterst\u00fctzt das System Bluetooth 5.4 sowie die Funktion Auracast, mit der sich mehrere Lautsprecher koppeln lassen. Zudem gibt es einen HDMI-ARC-Anschluss, \u00fcber den sich die SoundSticks 5 ohne gr\u00f6\u00dferen Aufwand in ein TV-Setup einbinden lassen.<\/p>\n<p>Die SoundSticks 5 von Harman Kardon sollen ab dem 23. November 2025 erh\u00e4ltlich sein. Die unverbindliche Preisempfehlung des Herstellers liegt bei 329,99 Euro.<img loading=\"lazy\" decoding=\"async\" src=\"https:\/\/vg06.met.vgwort.de\/na\/a1c692936c2b41de99511c950d3b99af\" width=\"1\" height=\"1\" no-lazy class=\"tracking\"><\/p>\n","protected":false},"excerpt":{"rendered":"<a href=\"https:\/\/www.ifun.de\/harman-kardon-legt-die-soundsticks-neu-auf-264180\/\"><img width=\"150\" height=\"150\" src=\"https:\/\/images.ifun.de\/wp-content\/uploads\/2025\/09\/harman-kardon-soundsticks-5-anschluesse-150x150.png\" class=\"alignright tfe wp-post-image\" alt=\"Harman Kardon Soundsticks 5 Anschluesse\" decoding=\"async\" loading=\"lazy\" \/><\/a><p>Harman Kardon hat eine Neuauflage seiner SoundSticks angek\u00fcndigt. Zu ihrem 25. Geburtstag werden die Kult-Lautsprecher in ihrer f\u00fcnften Version erscheinen. Das Update beinhaltet nicht nur technische Verbesserungen, sondern erweitert die SoundSticks auch um ein integriertes Beleuchtungssystem. Die SoundSticks bestehen weiterhin aus der Kombination von zwei Satellitenlautsprechern und einem Subwoofer. Neu ist die Integration zus\u00e4tzlicher Hocht\u00f6ner [&hellip;]<\/p>\n","protected":false},"author":2,"featured_media":264185,"comment_status":"open","ping_status":"closed","sticky":false,"template":"","format":"standard","meta":{"_acf_changed":false,"footnotes":""},"categories":[1,1783],"tags":[149,3690,126],"class_list":["post-264180","post","type-post","status-publish","format-standard","has-post-thumbnail","hentry","category-news","category-feature","tag-bluetooth","tag-harmankardon","tag-lautsprecher"],"acf":[],"aioseo_notices":[],"featured_image":["https:\/\/images.ifun.de\/wp-content\/uploads\/2025\/09\/harman-kardon-soundsticks-5-feature.jpg"],"subheadline":["Jetzt mit Ambient-Beleuchtung"],"rest_api_enabler":{"featured_image":"https:\/\/images.ifun.de\/wp-content\/uploads\/2025\/09\/harman-kardon-soundsticks-5-feature.jpg","subheadline":"Jetzt mit Ambient-Beleuchtung"},"_links":{"self":[{"href":"https:\/\/www.ifun.de\/apiv2\/wp\/v2\/posts\/264180","targetHints":{"allow":["GET"]}}],"collection":[{"href":"https:\/\/www.ifun.de\/apiv2\/wp\/v2\/posts"}],"about":[{"href":"https:\/\/www.ifun.de\/apiv2\/wp\/v2\/types\/post"}],"author":[{"embeddable":true,"href":"https:\/\/www.ifun.de\/apiv2\/wp\/v2\/users\/2"}],"replies":[{"embeddable":true,"href":"https:\/\/www.ifun.de\/apiv2\/wp\/v2\/comments?post=264180"}],"version-history":[{"count":3,"href":"https:\/\/www.ifun.de\/apiv2\/wp\/v2\/posts\/264180\/revisions"}],"predecessor-version":[{"id":264188,"href":"https:\/\/www.ifun.de\/apiv2\/wp\/v2\/posts\/264180\/revisions\/264188"}],"wp:featuredmedia":[{"embeddable":true,"href":"https:\/\/www.ifun.de\/apiv2\/wp\/v2\/media\/264185"}],"wp:attachment":[{"href":"https:\/\/www.ifun.de\/apiv2\/wp\/v2\/media?parent=264180"}],"wp:term":[{"taxonomy":"category","embeddable":true,"href":"https:\/\/www.ifun.de\/apiv2\/wp\/v2\/categories?post=264180"},{"taxonomy":"post_tag","embeddable":true,"href":"https:\/\/www.ifun.de\/apiv2\/wp\/v2\/tags?post=264180"}],"curies":[{"name":"wp","href":"https:\/\/api.w.org\/{rel}","templated":true}]}}