{"id":26346,"date":"2012-06-15T17:24:42","date_gmt":"2012-06-15T15:24:42","guid":{"rendered":"http:\/\/www.ifun.de\/?p=26346"},"modified":"2013-03-31T14:10:55","modified_gmt":"2013-03-31T13:10:55","slug":"ipad-smart-case-test-video","status":"publish","type":"post","link":"https:\/\/www.ifun.de\/ipad-smart-case-test-video-26346\/","title":{"rendered":"Angetestet: Apples neues iPad Smart Case im Video"},"content":{"rendered":"<p>Seit letzter Woche bietet Apple neben dem altbekannten Smart Cover auch ein <a href=\"http:\/\/clk.tradedoubler.com\/click?p=3469&#038;a=747172&#038;g=17982018&#038;url=http:\/\/store.apple.com\/de\/go\/product\/MD455\">Smart Case<\/a> f\u00fcr das iPad 2 und das neue iPad an. Der Rundumschutz ist zum Preis von 49 Euro in sechs verschiedenen Farbvarianten erh\u00e4ltlich, wir haben uns die Variante in Gr\u00fcn live angesehen.<\/p>\n<p><div class=\"responsive-video\"><iframe loading=\"lazy\" width=\"464\" height=\"261\" src=\"http:\/\/www.youtube-nocookie.com\/embed\/llEdM9EslcY?rel=0\" frameborder=\"0\" allowfullscreen><\/iframe><\/div><\/p>\n<p>Komplett aus Polyurethan gefertigt, liegt die H\u00fclle ausgesprochen griffig in der Hand. Der vom Smart Cover bekannte Faltdeckel ist hier fest mit der R\u00fcckschale verbunden, hat aber ansonsten den gleichen Funktionsumfang. Das iPad l\u00e4sst sich damit in zwei verschiedenen Positionen aufstellen und wird beim \u00d6ffnen des Deckels aktiviert bzw. f\u00e4llt nach dem Schlie\u00dfen des Deckels in den Standby-Modus.<br \/>\n<!--more--><img loading=\"lazy\" decoding=\"async\" src=\"http:\/\/images.ifun.de\/wp-content\/uploads\/2012\/06\/smart-case-ipad-schwarz.jpg\" alt=\"\" title=\"smart-case-ipad-schwarz\" width=\"464\" height=\"213\" class=\"alignnone size-full wp-image-26349\" srcset=\"https:\/\/images.ifun.de\/wp-content\/uploads\/2012\/06\/smart-case-ipad-schwarz.jpg 464w, https:\/\/images.ifun.de\/wp-content\/uploads\/2012\/06\/smart-case-ipad-schwarz-300x137.jpg 300w\" sizes=\"auto, (max-width: 464px) 100vw, 464px\" \/><\/p>\n<p>W\u00e4hrend die \u00d6ffnungen f\u00fcr Mikrofon, Ohrh\u00f6rer und Dockanschluss ausgespart sind, umschlie\u00dft die R\u00fcckschale die Lautst\u00e4rketasten wie auch die Standbytaste komplett und schmiegt sich perfekt an die R\u00fcckseite des iPad. Die beiden eingepackten Schalter sind ebenso wie der ausgesparte Schieberegler f\u00fcr die Bildschirmsperre gut bedienbar.<\/p>\n<p>Wohl aufgrund der Tatsache, dass der Klappdeckel fest mit der der R\u00fcckschale verbunden ist, hat dieser etwas mehr Spiel an der Seite, als das direkt mit Magneten fixierte Smart Cover. Dies \u00e4u\u00dfert sich dadurch, dass das iPad in der leicht angeschr\u00e4gten Schreibstellung etwas federt und in der senkrechten Stellung fast einen Tick zu steil steht. Beides muss nicht st\u00f6rend sein, allerdings macht die alte Smart-Cover-L\u00f6sung hier einen etwas perfekteren Eindruck.<\/p>\n<p><img loading=\"lazy\" decoding=\"async\" src=\"http:\/\/images.ifun.de\/wp-content\/uploads\/2012\/06\/smart-case-ipad-rot.jpg\" alt=\"\" title=\"smart-case-ipad-rot\" width=\"200\" height=\"248\" class=\"alignright size-full wp-image-26350\" \/>Ebenfalls nicht hundertprozentig scheint uns die Passform der ringsum laufenden Gummilippe. Man hat ein wenig den Eindruck, als sei diese einen Tick zu lose und es steht zudem zu bef\u00fcrchten, dass sich der Rand auf Dauer noch etwas weitet. Der Klappdeckel schlie\u00dft nicht exakt mit der Au\u00dfenkante der Umrandung ab, sondern liegt ein wenig nach innen versetzt glatt auf. Hier braucht es anfangs vielleicht etwas Gew\u00f6hnung, bis man den richtigen Kniff zum \u00d6ffnen des Deckels hat.<\/p>\n<p>Letzter Kritikpunkt w\u00e4re noch die Schmutzanf\u00e4lligkeit des Materials. Wir kennen \u00c4hnliches von Apples erster iPad-H\u00fclle. Besonders die hellen Farben neigen dazu, beim Arbeiten auf Tischen und dergleichen schnell zu verschmutzen. Gl\u00fccklicherweise lassen sich diese Spuren aber recht gut mit einem feuchten Tuch wieder entfernen.<\/p>\n<p>All dies mag jetzt ein wenig pingelig klingen, aber Apple h\u00e4lt die eigenen Anspr\u00fcche ja auch entsprechend hoch, somit halten wir es n\u00f6tig, mit dieser Kritik nicht hinter dem Berg zu halten. Dennoch wollen wir nicht generell vom Kauf der H\u00fclle abraten, sie hat durchaus ihre Vorz\u00fcge. Das Smart Case ist funktionell und gibt dem iPad nicht nur durch die angebotenen Farbvarianten, sondern auch durch die M\u00f6glichkeit einer winzigen kostenlosen Gravur auf der R\u00fcckseite eine pers\u00f6nliche Note.<\/p>\n<p>Mit einem Fazit tun wir uns schwer, das Smart Case wird vermutlich polarisieren, man mag es oder mag es nicht. Schaut euch noch unser <a href=\"http:\/\/youtu.be\/llEdM9EslcY\">Video<\/a> oben dazu an, \u00fcber die Qualit\u00e4t wird man sicherlich erst nach ein paar Monaten Benutzung endg\u00fcltig urteilen k\u00f6nnen.<br \/>\n<strong><a href=\"http:\/\/clk.tradedoubler.com\/click?p=3469&#038;a=747172&#038;g=17982018&#038;url=http:\/\/store.apple.com\/de\/go\/product\/MD455\">-> iPad Smart Case &#8211; 49 Euro im Apple Store<\/a><\/strong><img loading=\"lazy\" decoding=\"async\" src=\"http:\/\/vg08.met.vgwort.de\/na\/64454c2883294712a732ee654e3e03be\" width=\"1\" height=\"1\" alt=\"\"><\/p>\n<p><img loading=\"lazy\" decoding=\"async\" src=\"http:\/\/images.ifun.de\/wp-content\/uploads\/2012\/06\/smart-case-blau1.jpg\" alt=\"\" title=\"smart-case-blau\" width=\"464\" height=\"365\" class=\"alignnone size-full wp-image-26351\" srcset=\"https:\/\/images.ifun.de\/wp-content\/uploads\/2012\/06\/smart-case-blau1.jpg 464w, https:\/\/images.ifun.de\/wp-content\/uploads\/2012\/06\/smart-case-blau1-300x235.jpg 300w\" sizes=\"auto, (max-width: 464px) 100vw, 464px\" \/><\/p>\n","protected":false},"excerpt":{"rendered":"<a href=\"https:\/\/www.ifun.de\/ipad-smart-case-test-video-26346\/\"><img width=\"150\" height=\"118\" src=\"https:\/\/images.ifun.de\/wp-content\/uploads\/2012\/06\/smart-case-blau1.jpg\" class=\"alignright tfe wp-post-image\" alt=\"\" decoding=\"async\" loading=\"lazy\" srcset=\"https:\/\/images.ifun.de\/wp-content\/uploads\/2012\/06\/smart-case-blau1.jpg 464w, https:\/\/images.ifun.de\/wp-content\/uploads\/2012\/06\/smart-case-blau1-300x235.jpg 300w\" sizes=\"auto, (max-width: 150px) 100vw, 150px\" \/><\/a><p>Seit letzter Woche bietet Apple neben dem altbekannten Smart Cover auch ein Smart Case f\u00fcr das iPad 2 und das neue iPad an. Der Rundumschutz ist zum Preis von 49 Euro in sechs verschiedenen Farbvarianten erh\u00e4ltlich, wir haben uns die Variante in Gr\u00fcn live angesehen. Komplett aus Polyurethan gefertigt, liegt die H\u00fclle ausgesprochen griffig in [&hellip;]<\/p>\n","protected":false},"author":2,"featured_media":26351,"comment_status":"open","ping_status":"closed","sticky":false,"template":"","format":"standard","meta":{"_acf_changed":false,"footnotes":""},"categories":[22],"tags":[4736,75,4740,215,195,1251],"class_list":["post-26346","post","type-post","status-publish","format-standard","has-post-thumbnail","hentry","category-zubehor","tag-apple","tag-hulle","tag-ipad","tag-review","tag-schutz","tag-smart-case"],"acf":[],"aioseo_notices":[],"rest_api_enabler":[],"_links":{"self":[{"href":"https:\/\/www.ifun.de\/apiv2\/wp\/v2\/posts\/26346","targetHints":{"allow":["GET"]}}],"collection":[{"href":"https:\/\/www.ifun.de\/apiv2\/wp\/v2\/posts"}],"about":[{"href":"https:\/\/www.ifun.de\/apiv2\/wp\/v2\/types\/post"}],"author":[{"embeddable":true,"href":"https:\/\/www.ifun.de\/apiv2\/wp\/v2\/users\/2"}],"replies":[{"embeddable":true,"href":"https:\/\/www.ifun.de\/apiv2\/wp\/v2\/comments?post=26346"}],"version-history":[{"count":8,"href":"https:\/\/www.ifun.de\/apiv2\/wp\/v2\/posts\/26346\/revisions"}],"predecessor-version":[{"id":37353,"href":"https:\/\/www.ifun.de\/apiv2\/wp\/v2\/posts\/26346\/revisions\/37353"}],"wp:featuredmedia":[{"embeddable":true,"href":"https:\/\/www.ifun.de\/apiv2\/wp\/v2\/media\/26351"}],"wp:attachment":[{"href":"https:\/\/www.ifun.de\/apiv2\/wp\/v2\/media?parent=26346"}],"wp:term":[{"taxonomy":"category","embeddable":true,"href":"https:\/\/www.ifun.de\/apiv2\/wp\/v2\/categories?post=26346"},{"taxonomy":"post_tag","embeddable":true,"href":"https:\/\/www.ifun.de\/apiv2\/wp\/v2\/tags?post=26346"}],"curies":[{"name":"wp","href":"https:\/\/api.w.org\/{rel}","templated":true}]}}