{"id":26224,"date":"2012-06-13T07:17:52","date_gmt":"2012-06-13T05:17:52","guid":{"rendered":"http:\/\/www.ifun.de\/?p=26224"},"modified":"2012-06-13T07:18:35","modified_gmt":"2012-06-13T05:18:35","slug":"mountain-lion-macbook-pro-retina-video","status":"publish","type":"post","link":"https:\/\/www.ifun.de\/mountain-lion-macbook-pro-retina-video-26224\/","title":{"rendered":"Apple-Videos zum MacBook Pro Retina und Mountain Lion &#8211; Versandzeit f\u00fcr neues MacBook erh\u00f6ht sich auf 3-4 Wochen"},"content":{"rendered":"<p>Mit drei neuen Videos bewirbt Apple die Vorz\u00fcge der f\u00fcr Juli angek\u00fcndigen neuen OS-X-Version <a href=\"http:\/\/www.ifun.de\/mac-mountain-lion-neue-funktionen-26017\/\">Mountain Lion<\/a> und das am Montag neu vorgestellten <a href=\"http:\/\/www.ifun.de\/macbook-pro-retina-25997\/\">MacBook Pro Retina<\/a>.<\/p>\n<p>Das Video zu Mountain Lion packt die wichtigsten neuen Funktionen des Betriebsystems auf rund 5 Minuten zusammen. Bei den Videos zum neuen MacBook handelt es sich um einen Webeclip sowie das bereits auf der WWDC-Keynote gezeigte knapp 6 Minuten lange Infovideo mit Schwerpunkt auf Technik und Design.<\/p>\n<p><div class=\"responsive-video\"><iframe loading=\"lazy\" width=\"464\" height=\"261\" src=\"http:\/\/www.youtube-nocookie.com\/embed\/j5BRsh8Dwgg?rel=0\" frameborder=\"0\" allowfullscreen><\/iframe><\/div><br \/>\n(<a href=\"http:\/\/youtu.be\/j5BRsh8Dwgg\">Direktlink zum Video<\/a>)<\/p>\n<p>Apropos MacBook Pro: Die Nachfrage nach dem &#8222;Next Generation MacBook&#8220; scheint enorm zu sein. Nicht einmal zwei Tage nach der Pr\u00e4sentation hat sich die Zeit bis zum Versand von Neubestellungen <a href=\"http:\/\/clk.tradedoubler.com\/click?p=3469&#038;a=747172&#038;g=17982018&#038;url=http:\/\/store.apple.com\/de\/go\/macbookpro\">im Apple Online-Store<\/a> bereits auf 3 bis 4 Wochen erh\u00f6ht. Wer direkt nach der Keynote bestellt hat, bekam noch Lieferzeiten unter 10 Tagen angezeigt.<\/p>\n<p><!--more--><div class=\"responsive-video\"><iframe loading=\"lazy\" width=\"464\" height=\"261\" src=\"http:\/\/www.youtube-nocookie.com\/embed\/AFUW7GcHsLQ?rel=0\" frameborder=\"0\" allowfullscreen><\/iframe><\/div><br \/>\n(<a href=\"http:\/\/youtu.be\/AFUW7GcHsLQ\">Direktlink zum Video<\/a>)<\/p>\n<p><div class=\"responsive-video\"><iframe loading=\"lazy\" width=\"464\" height=\"261\" src=\"http:\/\/www.youtube-nocookie.com\/embed\/Neff9scaCCI?rel=0\" frameborder=\"0\" allowfullscreen><\/iframe><\/div><br \/>\n(<a href=\"http:\/\/youtu.be\/Neff9scaCCI\">Direktlink zum Video<\/a>)<\/p>\n","protected":false},"excerpt":{"rendered":"<p>Mit drei neuen Videos bewirbt Apple die Vorz\u00fcge der f\u00fcr Juli angek\u00fcndigen neuen OS-X-Version Mountain Lion und das am Montag neu vorgestellten MacBook Pro Retina. Das Video zu Mountain Lion packt die wichtigsten neuen Funktionen des Betriebsystems auf rund 5 Minuten zusammen. Bei den Videos zum neuen MacBook handelt es sich um einen Webeclip sowie [&hellip;]<\/p>\n","protected":false},"author":2,"featured_media":0,"comment_status":"open","ping_status":"closed","sticky":false,"template":"","format":"standard","meta":{"_acf_changed":false,"footnotes":""},"categories":[20],"tags":[4736,6321,224,1257,974,293,31],"class_list":["post-26224","post","type-post","status-publish","format-standard","hentry","category-videos","tag-apple","tag-mac","tag-macbook-pro","tag-macbook-retina","tag-mountain-lion","tag-os-x","tag-video"],"acf":[],"aioseo_notices":[],"rest_api_enabler":[],"_links":{"self":[{"href":"https:\/\/www.ifun.de\/apiv2\/wp\/v2\/posts\/26224","targetHints":{"allow":["GET"]}}],"collection":[{"href":"https:\/\/www.ifun.de\/apiv2\/wp\/v2\/posts"}],"about":[{"href":"https:\/\/www.ifun.de\/apiv2\/wp\/v2\/types\/post"}],"author":[{"embeddable":true,"href":"https:\/\/www.ifun.de\/apiv2\/wp\/v2\/users\/2"}],"replies":[{"embeddable":true,"href":"https:\/\/www.ifun.de\/apiv2\/wp\/v2\/comments?post=26224"}],"version-history":[{"count":3,"href":"https:\/\/www.ifun.de\/apiv2\/wp\/v2\/posts\/26224\/revisions"}],"predecessor-version":[{"id":26227,"href":"https:\/\/www.ifun.de\/apiv2\/wp\/v2\/posts\/26224\/revisions\/26227"}],"wp:attachment":[{"href":"https:\/\/www.ifun.de\/apiv2\/wp\/v2\/media?parent=26224"}],"wp:term":[{"taxonomy":"category","embeddable":true,"href":"https:\/\/www.ifun.de\/apiv2\/wp\/v2\/categories?post=26224"},{"taxonomy":"post_tag","embeddable":true,"href":"https:\/\/www.ifun.de\/apiv2\/wp\/v2\/tags?post=26224"}],"curies":[{"name":"wp","href":"https:\/\/api.w.org\/{rel}","templated":true}]}}