{"id":261949,"date":"2025-07-31T14:45:48","date_gmt":"2025-07-31T12:45:48","guid":{"rendered":"https:\/\/www.ifun.de\/?p=261949"},"modified":"2025-07-31T14:45:48","modified_gmt":"2025-07-31T12:45:48","slug":"zwei-podcast-empfehlungen-tech-bro-topia-und-kyllroth","status":"publish","type":"post","link":"https:\/\/www.ifun.de\/zwei-podcast-empfehlungen-tech-bro-topia-und-kyllroth-261949\/","title":{"rendered":"Zwei Podcast-Empfehlungen: &#8222;Tech Bro Topia&#8220; und &#8222;Kyllroth&#8220;"},"content":{"rendered":"<p>Zwei neue Podcastformate werfen in diesem Sommer einen Blick auf gesellschaftliche Machtgef\u00fcge. Der eine fiktional, der andere dokumentarisch. W\u00e4hrend \u201e<a href=\"https:\/\/www.ardaudiothek.de\/episode\/urn:ard:extra:e47c10d15c0d312e\/\">Kyllroth. T\u00f6dliche Heimkehr 1917<\/a>\u201c ab dem 7. August ein historisches Kriminalszenario als H\u00f6rspiel erz\u00e4hlt, startet \u201e<a href=\"https:\/\/www.ardaudiothek.de\/episode\/urn:ard:episode:f48a5525dcf53e37\/\">Tech Bro Topia<\/a>\u201c bereits heute mit einer Analyse aktueller Ideologien aus dem Silicon Valley.<\/p>\n<p>Beide Produktionen kommen aus dem \u00f6ffentlich-rechtlichen Rundfunk und sind \u00fcber die <a href=\"https:\/\/www.ardaudiothek.de\/\">ARD Audiothek<\/a> abrufbar.<\/p>\n<h2>Ab sofort: &#8222;Tech Bro Topia&#8220;<\/h2>\n<p>Mit &#8222;<a href=\"https:\/\/www.ardaudiothek.de\/episode\/urn:ard:episode:f48a5525dcf53e37\/\">Tech Bro Topia<\/a>&#8220; startet der Deutschlandfunk eine sechsteilige Podcast-Reihe, die sich mit den Denkmodellen f\u00fchrender Tech-Unternehmer besch\u00e4ftigt. Im Mittelpunkt stehen Pers\u00f6nlichkeiten wie Elon Musk, Jeff Bezos und Marc Andreessen sowie deren Vorstellungen von Gesellschaft, Staat und Zukunft.<\/p>\n<p><a href=\"https:\/\/images.ifun.de\/wp-content\/uploads\/2025\/07\/tech-bro-topia-trailer-00-102-1920x1080-1.jpg\"><img loading=\"lazy\" decoding=\"async\" class=\"aligncenter size-large wp-image-261951\" src=\"https:\/\/images.ifun.de\/wp-content\/uploads\/2025\/07\/tech-bro-topia-trailer-00-102-1920x1080-1-700x394.jpg\" alt=\"Tech Bro Topia Trailer 00 102 1920x1080\" width=\"700\" height=\"394\" srcset=\"https:\/\/images.ifun.de\/wp-content\/uploads\/2025\/07\/tech-bro-topia-trailer-00-102-1920x1080-1-700x394.jpg 700w, https:\/\/images.ifun.de\/wp-content\/uploads\/2025\/07\/tech-bro-topia-trailer-00-102-1920x1080-1-500x281.jpg 500w, https:\/\/images.ifun.de\/wp-content\/uploads\/2025\/07\/tech-bro-topia-trailer-00-102-1920x1080-1-768x432.jpg 768w, https:\/\/images.ifun.de\/wp-content\/uploads\/2025\/07\/tech-bro-topia-trailer-00-102-1920x1080-1-1536x864.jpg 1536w, https:\/\/images.ifun.de\/wp-content\/uploads\/2025\/07\/tech-bro-topia-trailer-00-102-1920x1080-1.jpg 1920w\" sizes=\"auto, (max-width: 700px) 100vw, 700px\" \/><\/a><\/p>\n<p>Der Podcast untersucht, wie diese Ideologien in die politische Realit\u00e4t einflie\u00dfen, etwa \u00fcber Kontakte zu Regierungsvertretern und Denkern wie Curtis Yarvin. Dieser propagiert eine Umwandlung demokratischer Systeme in unternehmens\u00e4hnliche Strukturen, mit CEO statt Pr\u00e4sident.<\/p>\n<p>Die erste Folge der Serie steht ab sofort in der Deutschlandfunk-App bereit. Weitere Episoden erscheinen im w\u00f6chentlichen Rhythmus. In der ARD-Audiothek sind <a href=\"https:\/\/www.ardaudiothek.de\/episode\/urn:ard:episode:f48a5525dcf53e37\/\">bereits alle Folgen verf\u00fcgbar<\/a>.<\/p>\n<audio class=\"wp-audio-shortcode\" id=\"audio-261949-1\" preload=\"none\" style=\"width: 100%;\" controls=\"controls\"><source type=\"audio\/mpeg\" src=\"https:\/\/podcast-mp3.dradio.de\/podcast\/2025\/07\/31\/trailer_tech_bro_topia_dlf_20250731_0005_033f8d67.mp3?_=1\" \/><a href=\"https:\/\/podcast-mp3.dradio.de\/podcast\/2025\/07\/31\/trailer_tech_bro_topia_dlf_20250731_0005_033f8d67.mp3\">https:\/\/podcast-mp3.dradio.de\/podcast\/2025\/07\/31\/trailer_tech_bro_topia_dlf_20250731_0005_033f8d67.mp3<\/a><\/audio>\n<h2>Ab 7. August: \u201eKyllroth. T\u00f6dliche Heimkehr 1917\u201c<\/h2>\n<p>\u201e<a href=\"https:\/\/www.ardaudiothek.de\/episode\/urn:ard:extra:e47c10d15c0d312e\/\">Kyllroth. T\u00f6dliche Heimkehr 1917<\/a>\u201c ist ein achtteiliges H\u00f6rspiel des WDR, das auf wahren Begebenheiten basiert. Es erz\u00e4hlt die Geschichte des fiktiven Eifelorts Kyllroth kurz nach dem Ersten Weltkrieg.<\/p>\n<p><a href=\"https:\/\/images.ifun.de\/wp-content\/uploads\/2025\/07\/Kyllroth_16zu9_3840x2160px_ARD_704.jpg\"><img loading=\"lazy\" decoding=\"async\" class=\"aligncenter size-large wp-image-261950\" src=\"https:\/\/images.ifun.de\/wp-content\/uploads\/2025\/07\/Kyllroth_16zu9_3840x2160px_ARD_704-700x394.jpg\" alt=\"Kyllroth 16zu9 3840x2160px ARD 704\" width=\"700\" height=\"394\" srcset=\"https:\/\/images.ifun.de\/wp-content\/uploads\/2025\/07\/Kyllroth_16zu9_3840x2160px_ARD_704-700x394.jpg 700w, https:\/\/images.ifun.de\/wp-content\/uploads\/2025\/07\/Kyllroth_16zu9_3840x2160px_ARD_704-500x281.jpg 500w, https:\/\/images.ifun.de\/wp-content\/uploads\/2025\/07\/Kyllroth_16zu9_3840x2160px_ARD_704.jpg 704w\" sizes=\"auto, (max-width: 700px) 100vw, 700px\" \/><\/a><\/p>\n<p>Die M\u00e4nner kehren aus dem Krieg zur\u00fcck und sterben wenig sp\u00e4ter unter r\u00e4tselhaften Umst\u00e4nden. Im Mittelpunkt steht eine Gruppe von Frauen, die w\u00e4hrend der Kriegsjahre Verantwortung \u00fcbernommen hat und ihre Selbstst\u00e4ndigkeit nicht wieder aufgeben will. Die Handlung orientiert sich an den historischen Ereignissen im ungarischen Dorf Nagyrev, wo zahlreiche Frauen zwischen 1914 und 1929 ihre Ehem\u00e4nner vergifteten. True Crime trifft History.<\/p>\n<p>Das H\u00f6rspiel ist ab dem 7. August <a href=\"https:\/\/www.ardaudiothek.de\/episode\/urn:ard:extra:e47c10d15c0d312e\/\">in der ARD Audiothek verf\u00fcgbar<\/a>.<\/p>\n<audio class=\"wp-audio-shortcode\" id=\"audio-261949-2\" preload=\"none\" style=\"width: 100%;\" controls=\"controls\"><source type=\"audio\/mpeg\" src=\"https:\/\/wdrmedien-a.akamaihd.net\/medp\/podcast\/weltweit\/fsk0\/332\/3322007\/3322007_63025737.mp3?_=2\" \/><a href=\"https:\/\/wdrmedien-a.akamaihd.net\/medp\/podcast\/weltweit\/fsk0\/332\/3322007\/3322007_63025737.mp3\">https:\/\/wdrmedien-a.akamaihd.net\/medp\/podcast\/weltweit\/fsk0\/332\/3322007\/3322007_63025737.mp3<\/a><\/audio>\n","protected":false},"excerpt":{"rendered":"<a href=\"https:\/\/www.ifun.de\/zwei-podcast-empfehlungen-tech-bro-topia-und-kyllroth-261949\/\"><img width=\"150\" height=\"150\" src=\"https:\/\/images.ifun.de\/wp-content\/uploads\/2025\/07\/podcast-tipps-150x150.png\" class=\"alignright tfe wp-post-image\" alt=\"Podcast Tipps\" decoding=\"async\" loading=\"lazy\" \/><\/a><p>Zwei neue Podcastformate werfen in diesem Sommer einen Blick auf gesellschaftliche Machtgef\u00fcge. Der eine fiktional, der andere dokumentarisch. W\u00e4hrend \u201eKyllroth. T\u00f6dliche Heimkehr 1917\u201c ab dem 7. August ein historisches Kriminalszenario als H\u00f6rspiel erz\u00e4hlt, startet \u201eTech Bro Topia\u201c bereits heute mit einer Analyse aktueller Ideologien aus dem Silicon Valley. Beide Produktionen kommen aus dem \u00f6ffentlich-rechtlichen Rundfunk [&hellip;]<\/p>\n","protected":false},"author":1,"featured_media":261952,"comment_status":"open","ping_status":"closed","sticky":false,"template":"","format":"standard","meta":{"_acf_changed":false,"footnotes":""},"categories":[1],"tags":[183,446,125],"class_list":["post-261949","post","type-post","status-publish","format-standard","has-post-thumbnail","hentry","category-news","tag-ard","tag-podcast","tag-tipp"],"acf":[],"aioseo_notices":[],"featured_image":["https:\/\/images.ifun.de\/wp-content\/uploads\/2025\/07\/ard-audiothek-podcasts-1.jpg"],"subheadline":["Zwischen Kriegsheimkehr und Silicon Valley"],"rest_api_enabler":{"featured_image":"https:\/\/images.ifun.de\/wp-content\/uploads\/2025\/07\/ard-audiothek-podcasts-1.jpg","subheadline":"Zwischen Kriegsheimkehr und Silicon Valley"},"_links":{"self":[{"href":"https:\/\/www.ifun.de\/apiv2\/wp\/v2\/posts\/261949","targetHints":{"allow":["GET"]}}],"collection":[{"href":"https:\/\/www.ifun.de\/apiv2\/wp\/v2\/posts"}],"about":[{"href":"https:\/\/www.ifun.de\/apiv2\/wp\/v2\/types\/post"}],"author":[{"embeddable":true,"href":"https:\/\/www.ifun.de\/apiv2\/wp\/v2\/users\/1"}],"replies":[{"embeddable":true,"href":"https:\/\/www.ifun.de\/apiv2\/wp\/v2\/comments?post=261949"}],"version-history":[{"count":3,"href":"https:\/\/www.ifun.de\/apiv2\/wp\/v2\/posts\/261949\/revisions"}],"predecessor-version":[{"id":261958,"href":"https:\/\/www.ifun.de\/apiv2\/wp\/v2\/posts\/261949\/revisions\/261958"}],"wp:featuredmedia":[{"embeddable":true,"href":"https:\/\/www.ifun.de\/apiv2\/wp\/v2\/media\/261952"}],"wp:attachment":[{"href":"https:\/\/www.ifun.de\/apiv2\/wp\/v2\/media?parent=261949"}],"wp:term":[{"taxonomy":"category","embeddable":true,"href":"https:\/\/www.ifun.de\/apiv2\/wp\/v2\/categories?post=261949"},{"taxonomy":"post_tag","embeddable":true,"href":"https:\/\/www.ifun.de\/apiv2\/wp\/v2\/tags?post=261949"}],"curies":[{"name":"wp","href":"https:\/\/api.w.org\/{rel}","templated":true}]}}