{"id":261641,"date":"2025-07-28T10:33:59","date_gmt":"2025-07-28T08:33:59","guid":{"rendered":"https:\/\/www.ifun.de\/?p=261641"},"modified":"2025-07-28T10:39:00","modified_gmt":"2025-07-28T08:39:00","slug":"der-tiger-naechstes-prime-video-highlight-zuerst-im-kino","status":"publish","type":"post","link":"https:\/\/www.ifun.de\/der-tiger-naechstes-prime-video-highlight-zuerst-im-kino-261641\/","title":{"rendered":"Der Tiger: N\u00e4chstes Prime-Video-Highlight zuerst im Kino"},"content":{"rendered":"<p>Mit &#8222;Der Tiger&#8220; bringt Amazon sein n\u00e4chsten deutsches Original nicht direkt ins Streaming, sondern zun\u00e4chst auf die Kinoleinwand. Das Antikriegsdrama von Regisseur <a href=\"https:\/\/www.imdb.com\/de\/name\/nm0304541\">Dennis Gansel<\/a> (u.a. &#8222;Das Boot&#8220;) startet am 18. September exklusiv in ausgew\u00e4hlten CineStar-Kinos, bevor es sp\u00e4ter im Jahr bei Prime Video abrufbar sein wird.<\/p>\n<p><a href=\"https:\/\/images.ifun.de\/wp-content\/uploads\/2025\/07\/der-tiger-amazon-square.jpg\"><img loading=\"lazy\" decoding=\"async\" class=\"aligncenter size-medium wp-image-261642\" src=\"https:\/\/images.ifun.de\/wp-content\/uploads\/2025\/07\/der-tiger-amazon-square-500x333.jpg\" alt=\"Der Tiger Amazon Square\" width=\"500\" height=\"333\" srcset=\"https:\/\/images.ifun.de\/wp-content\/uploads\/2025\/07\/der-tiger-amazon-square-500x333.jpg 500w, https:\/\/images.ifun.de\/wp-content\/uploads\/2025\/07\/der-tiger-amazon-square-700x467.jpg 700w, https:\/\/images.ifun.de\/wp-content\/uploads\/2025\/07\/der-tiger-amazon-square-768x512.jpg 768w, https:\/\/images.ifun.de\/wp-content\/uploads\/2025\/07\/der-tiger-amazon-square-1536x1024.jpg 1536w, https:\/\/images.ifun.de\/wp-content\/uploads\/2025\/07\/der-tiger-amazon-square.jpg 2000w\" sizes=\"auto, (max-width: 500px) 100vw, 500px\" \/><\/a><\/p>\n<p>Im Zentrum der Handlung steht eine f\u00fcnfk\u00f6pfige Panzerbesatzung, die 1943 an der Ostfront auf eine geheime Mission geschickt wird. Der Auftrag f\u00fchrt die Soldaten tief in feindliches Gebiet und konfrontiert sie nicht nur mit dem Gegner, sondern auch mit psychischen Grenzerfahrungen und wachsender Zerr\u00fcttung.<\/p>\n<p>Der Film bringt unter anderem David Sch\u00fctter, Laurence Rupp und Leonard Kunz in den Hauptrollen auf die Leinwand. Das Drehbuch stammt von Dennis Gansel und Colin Teevan.<\/p>\n<h2>US-Streamer sollen lokal investieren m\u00fcssen<\/h2>\n<p>Der Kinostart von &#8222;Der Tiger&#8220; f\u00e4llt in eine Phase politischer Debatten \u00fcber die Rolle internationaler Streaming-Plattformen in der deutschen Filmf\u00f6rderung. Kulturstaatsminister Wolfram Weimer hatte sich zuletzt \u00f6ffentlich f\u00fcr eine st\u00e4rkere Investitionsverpflichtung von US-Streamingdiensten <a href=\"https:\/\/www.deutschlandfunk.de\/interview-weimer-wolfram-kulturstaatsminister-100.html\">ausgesprochen<\/a>. Ziel ist es, den Standort Deutschland langfristig zu st\u00e4rken und die lokale Filmindustrie aus ihrer aktuellen Krise zu f\u00fchren.<\/p>\n<p>In Frankreich gilt bereits eine verbindliche Quote, nach der Streaminganbieter 20 Prozent ihres Umsatzes in heimische Produktionen investieren m\u00fcssen. F\u00fcr Deutschland stellt sich Weimer eine Quote zwischen zehn und f\u00fcnfzehn Prozent vor. Das k\u00f6nne entweder gesetzlich geregelt oder auf freiwilliger Basis erreicht werden.<\/p>\n<p><div class=\"responsive-video\"><iframe loading=\"lazy\" title=\"Der Tiger | Official Trailer\" width=\"500\" height=\"281\" src=\"https:\/\/www.youtube-nocookie.com\/embed\/4uZWlKGRZis?feature=oembed\" frameborder=\"0\" allow=\"accelerometer; autoplay; clipboard-write; encrypted-media; gyroscope; picture-in-picture; web-share\" referrerpolicy=\"strict-origin-when-cross-origin\" allowfullscreen><\/iframe><\/div><\/p>\n<h2>Deutsche Filmbranche in der Krise<\/h2>\n<p>Weimer sieht neben einer Investitionspflicht f\u00fcr Streaminganbieter auch die Notwendigkeit direkter Filmf\u00f6rderung durch den Staat. Die deutsche Filmbranche sei sowohl finanziell als auch strukturell unter Druck. Besonders betroffen seien unabh\u00e4ngige Produktionen und kleinere Studios. Der Kulturstaatsminister k\u00fcndigte an, sich f\u00fcr eine Erh\u00f6hung der F\u00f6rdermittel stark zu machen. Parallel dazu soll ein sogenannter Plattform-Soli diskutiert werden, der gro\u00dfe Digitalkonzerne wie Google und Meta verpflichten k\u00f6nnte, Abgaben f\u00fcr ihre Marktaktivit\u00e4ten in Deutschland zu leisten.<\/p>\n<p>Die Ver\u00f6ffentlichung von \u201eDer Tiger\u201c in deutschen Kinos k\u00f6nnte damit auch als Beispiel f\u00fcr eine m\u00f6gliche neue Balance zwischen Streaming und Kino gewertet werden.<\/p>\n<p><audio class=\"wp-audio-shortcode\" id=\"audio-261641-1\" preload=\"none\" style=\"width: 100%;\" controls=\"controls\"><source type=\"audio\/mpeg\" src=\"https:\/\/download.deutschlandfunk.de\/file\/dradio\/2025\/07\/27\/interview_weimer_wolfram_kulturstaatsminister_dlf_20250727_1105_83f1a751.mp3?_=1\" \/><a href=\"https:\/\/download.deutschlandfunk.de\/file\/dradio\/2025\/07\/27\/interview_weimer_wolfram_kulturstaatsminister_dlf_20250727_1105_83f1a751.mp3\">https:\/\/download.deutschlandfunk.de\/file\/dradio\/2025\/07\/27\/interview_weimer_wolfram_kulturstaatsminister_dlf_20250727_1105_83f1a751.mp3<\/a><\/audio><br \/>\n<h8>Kulturstaatsminister Wolfram Weimer im Interview<\/h8><\/p>\n<p><img loading=\"lazy\" decoding=\"async\" src=\"https:\/\/vg09.met.vgwort.de\/na\/57161c19f9bd402fb8dca87ecf5d40c6\" width=\"1\" height=\"1\"  no-lazy class=\"tracking\"><\/p>\n","protected":false},"excerpt":{"rendered":"<a href=\"https:\/\/www.ifun.de\/der-tiger-naechstes-prime-video-highlight-zuerst-im-kino-261641\/\"><img width=\"150\" height=\"150\" src=\"https:\/\/images.ifun.de\/wp-content\/uploads\/2025\/07\/der-tiger-amazon-150x150.jpg\" class=\"alignright tfe wp-post-image\" alt=\"Der Tiger Amazon\" decoding=\"async\" loading=\"lazy\" \/><\/a><p>Mit &#8222;Der Tiger&#8220; bringt Amazon sein n\u00e4chsten deutsches Original nicht direkt ins Streaming, sondern zun\u00e4chst auf die Kinoleinwand. Das Antikriegsdrama von Regisseur Dennis Gansel (u.a. &#8222;Das Boot&#8220;) startet am 18. September exklusiv in ausgew\u00e4hlten CineStar-Kinos, bevor es sp\u00e4ter im Jahr bei Prime Video abrufbar sein wird. Im Zentrum der Handlung steht eine f\u00fcnfk\u00f6pfige Panzerbesatzung, die [&hellip;]<\/p>\n","protected":false},"author":1,"featured_media":261643,"comment_status":"open","ping_status":"closed","sticky":false,"template":"","format":"standard","meta":{"_acf_changed":false,"footnotes":""},"categories":[20],"tags":[53,60,31],"class_list":["post-261641","post","type-post","status-publish","format-standard","has-post-thumbnail","hentry","category-videos","tag-amazon","tag-streaming","tag-video"],"acf":[],"aioseo_notices":[],"featured_image":["https:\/\/images.ifun.de\/wp-content\/uploads\/2025\/07\/der-tiger-amazon.jpg"],"subheadline":["Erster Trailer des deutschen Antikriegsfilms"],"rest_api_enabler":{"featured_image":"https:\/\/images.ifun.de\/wp-content\/uploads\/2025\/07\/der-tiger-amazon.jpg","subheadline":"Erster Trailer des deutschen Antikriegsfilms"},"_links":{"self":[{"href":"https:\/\/www.ifun.de\/apiv2\/wp\/v2\/posts\/261641","targetHints":{"allow":["GET"]}}],"collection":[{"href":"https:\/\/www.ifun.de\/apiv2\/wp\/v2\/posts"}],"about":[{"href":"https:\/\/www.ifun.de\/apiv2\/wp\/v2\/types\/post"}],"author":[{"embeddable":true,"href":"https:\/\/www.ifun.de\/apiv2\/wp\/v2\/users\/1"}],"replies":[{"embeddable":true,"href":"https:\/\/www.ifun.de\/apiv2\/wp\/v2\/comments?post=261641"}],"version-history":[{"count":4,"href":"https:\/\/www.ifun.de\/apiv2\/wp\/v2\/posts\/261641\/revisions"}],"predecessor-version":[{"id":261652,"href":"https:\/\/www.ifun.de\/apiv2\/wp\/v2\/posts\/261641\/revisions\/261652"}],"wp:featuredmedia":[{"embeddable":true,"href":"https:\/\/www.ifun.de\/apiv2\/wp\/v2\/media\/261643"}],"wp:attachment":[{"href":"https:\/\/www.ifun.de\/apiv2\/wp\/v2\/media?parent=261641"}],"wp:term":[{"taxonomy":"category","embeddable":true,"href":"https:\/\/www.ifun.de\/apiv2\/wp\/v2\/categories?post=261641"},{"taxonomy":"post_tag","embeddable":true,"href":"https:\/\/www.ifun.de\/apiv2\/wp\/v2\/tags?post=261641"}],"curies":[{"name":"wp","href":"https:\/\/api.w.org\/{rel}","templated":true}]}}