{"id":261135,"date":"2025-07-21T07:40:50","date_gmt":"2025-07-21T05:40:50","guid":{"rendered":"https:\/\/www.ifun.de\/?p=261135"},"modified":"2025-07-28T06:53:47","modified_gmt":"2025-07-28T04:53:47","slug":"ipad-pro-soll-kuenftig-mit-zwei-frontkameras-kommen","status":"publish","type":"post","link":"https:\/\/www.ifun.de\/ipad-pro-soll-kuenftig-mit-zwei-frontkameras-kommen-261135\/","title":{"rendered":"iPad Pro soll k\u00fcnftig mit zwei Frontkameras kommen"},"content":{"rendered":"<p>Die kommende Generation des iPad Pro scheint mit einer interessanten Erg\u00e4nzung ausgestattet zu sein. Apple plant offenbar, das Ger\u00e4t nicht nur mit einem schnelleren Prozessor auszustatten, sondern auch eine zus\u00e4tzliche Frontkamera zu verbauen, um eine komfortablere Nutzung sowohl im Hoch- als auch im Querformat zu erm\u00f6glichen. Der Bloomberg-Journalist <a href=\"https:\/\/www.bloomberg.com\/account\/newsletters\/power-on\">Mark Gurman<\/a> berichtet in seinem Newsletter \u00fcber diese seinen Aussagen zufolge \u00fcberraschende Neuerung.<\/p>\n<h2>Optimale Nutzung in beiden Ausrichtungen<\/h2>\n<p>Mit der Vorstellung des iPad Pro M4 hat Apple die Frontkamera im Mai vergangenen Jahres erstmals auf die lange Seite des Ger\u00e4ts verlagert. Diese Umstellung ist als Reaktion auf die verbreitete Nutzung des Tablets im Querformat zu sehen. Die neue Kameraposition bringt insbesondere bei Videoanrufen und auch bei der Verwendung von Face ID Vorteile.<\/p>\n<p><a href=\"https:\/\/images.ifun.de\/wp-content\/uploads\/2025\/07\/ipad-pro-facetime.jpg\"><img loading=\"lazy\" decoding=\"async\" src=\"https:\/\/images.ifun.de\/wp-content\/uploads\/2025\/07\/ipad-pro-facetime-700x491.jpg\" alt=\"Ipad Pro Facetime\" width=\"700\" height=\"491\" class=\"alignnone size-large wp-image-261139\" srcset=\"https:\/\/images.ifun.de\/wp-content\/uploads\/2025\/07\/ipad-pro-facetime-700x491.jpg 700w, https:\/\/images.ifun.de\/wp-content\/uploads\/2025\/07\/ipad-pro-facetime-500x351.jpg 500w, https:\/\/images.ifun.de\/wp-content\/uploads\/2025\/07\/ipad-pro-facetime-768x539.jpg 768w, https:\/\/images.ifun.de\/wp-content\/uploads\/2025\/07\/ipad-pro-facetime.jpg 1400w\" sizes=\"auto, (max-width: 700px) 100vw, 700px\" \/><\/a><\/p>\n<p>Wenngleich diese wohl \u00fcberwiegen, m\u00fcssen Nutzer, die das Ger\u00e4t bevorzugt im Hochformat verwenden, seither mit Einschr\u00e4nkungen bei der Entsperrung und Kameranutzung leben. Apple wolle diesen Konflikt nun durch eine zweite Frontkamera auf der k\u00fcrzeren Seite des iPad Pro l\u00f6sen. Die Nutzung des Ger\u00e4ts w\u00e4re damit in beiden Ausrichtungen gleichwertig m\u00f6glich.<\/p>\n<p>Optisch soll die zus\u00e4tzlich in die Frontseite des iPad Pro integrierte Kamera kaum auffallen. Das Objektiv verschwindet nahezu unsichtbar im dunklen Bildschirmrand, wie schon der winzige Punkt der bisher dort vorhandenen Querformat-Kamera. <\/p>\n<h2>iPad Pro mit M5-Prozessor im Oktober<\/h2>\n<p>\u00dcberlegungen, das iPad umfassender f\u00fcr die Nutzung sowohl im Quer- als auch im Hochformat zu optimieren, gab es schon vor der Ver\u00f6ffentlichung der ersten Generation des Apple-Tablets. Damals hat Apple mit dem Gedanken gespielt, den letztendlich an der kurzen Seite platzierten Dock-Anschluss zus\u00e4tzlich f\u00fcr das Querformat anzubieten. Dies wurde allerdings vor dem Marktstart verworfen.<\/p>\n<p>Die n\u00e4chste Generation des iPad Pro soll uns noch in diesem Jahr erreichen. Angeblich plant Apple, das im vergangenen Jahr vorgestellte Modell im Oktober mit einem M5-Prozessor auszustatten. Die zus\u00e4tzliche Kamera soll ansonsten die einzige nennenswerte Neuerung im Zusammenhang mit dem iPad Pro 2025 darstellen.<img loading=\"lazy\" decoding=\"async\" src=\"https:\/\/vg09.met.vgwort.de\/na\/dc8fd4ce02dd485c86fee79d737356fd\" width=\"1\" height=\"1\" no-lazy class=\"tracking\"><\/p>\n","protected":false},"excerpt":{"rendered":"<a href=\"https:\/\/www.ifun.de\/ipad-pro-soll-kuenftig-mit-zwei-frontkameras-kommen-261135\/\"><img width=\"150\" height=\"150\" src=\"https:\/\/images.ifun.de\/wp-content\/uploads\/2025\/07\/ipad-pro-kamera-front-feature-150x150.jpg\" class=\"alignright tfe wp-post-image\" alt=\"Ipad Pro Kamera Front Feature\" decoding=\"async\" loading=\"lazy\" \/><\/a><p>Die kommende Generation des iPad Pro scheint mit einer interessanten Erg\u00e4nzung ausgestattet zu sein. Apple plant offenbar, das Ger\u00e4t nicht nur mit einem schnelleren Prozessor auszustatten, sondern auch eine zus\u00e4tzliche Frontkamera zu verbauen, um eine komfortablere Nutzung sowohl im Hoch- als auch im Querformat zu erm\u00f6glichen. Der Bloomberg-Journalist Mark Gurman berichtet in seinem Newsletter \u00fcber [&hellip;]<\/p>\n","protected":false},"author":2,"featured_media":261138,"comment_status":"open","ping_status":"closed","sticky":false,"template":"","format":"standard","meta":{"_acf_changed":false,"footnotes":""},"categories":[10,1783],"tags":[2486,50,6884],"class_list":["post-261135","post","type-post","status-publish","format-standard","has-post-thumbnail","hentry","category-ipad","category-feature","tag-ipad-pro","tag-kamera","tag-m5-prozessor"],"acf":[],"aioseo_notices":[],"featured_image":["https:\/\/images.ifun.de\/wp-content\/uploads\/2025\/07\/ipad-pro-kamera-front-feature.jpg"],"subheadline":["M5-Version im Herbst erwartet"],"rest_api_enabler":{"featured_image":"https:\/\/images.ifun.de\/wp-content\/uploads\/2025\/07\/ipad-pro-kamera-front-feature.jpg","subheadline":"M5-Version im Herbst erwartet"},"_links":{"self":[{"href":"https:\/\/www.ifun.de\/apiv2\/wp\/v2\/posts\/261135","targetHints":{"allow":["GET"]}}],"collection":[{"href":"https:\/\/www.ifun.de\/apiv2\/wp\/v2\/posts"}],"about":[{"href":"https:\/\/www.ifun.de\/apiv2\/wp\/v2\/types\/post"}],"author":[{"embeddable":true,"href":"https:\/\/www.ifun.de\/apiv2\/wp\/v2\/users\/2"}],"replies":[{"embeddable":true,"href":"https:\/\/www.ifun.de\/apiv2\/wp\/v2\/comments?post=261135"}],"version-history":[{"count":4,"href":"https:\/\/www.ifun.de\/apiv2\/wp\/v2\/posts\/261135\/revisions"}],"predecessor-version":[{"id":261142,"href":"https:\/\/www.ifun.de\/apiv2\/wp\/v2\/posts\/261135\/revisions\/261142"}],"wp:featuredmedia":[{"embeddable":true,"href":"https:\/\/www.ifun.de\/apiv2\/wp\/v2\/media\/261138"}],"wp:attachment":[{"href":"https:\/\/www.ifun.de\/apiv2\/wp\/v2\/media?parent=261135"}],"wp:term":[{"taxonomy":"category","embeddable":true,"href":"https:\/\/www.ifun.de\/apiv2\/wp\/v2\/categories?post=261135"},{"taxonomy":"post_tag","embeddable":true,"href":"https:\/\/www.ifun.de\/apiv2\/wp\/v2\/tags?post=261135"}],"curies":[{"name":"wp","href":"https:\/\/api.w.org\/{rel}","templated":true}]}}