{"id":25997,"date":"2012-06-11T19:50:39","date_gmt":"2012-06-11T17:50:39","guid":{"rendered":"http:\/\/www.ifun.de\/?p=25997"},"modified":"2013-10-21T06:54:34","modified_gmt":"2013-10-21T04:54:34","slug":"macbook-pro-retina","status":"publish","type":"post","link":"https:\/\/www.ifun.de\/macbook-pro-retina-25997\/","title":{"rendered":"Apple stellt &#8222;MacBook Pro Retina&#8220; vor: Die n\u00e4chste Generation mit Retina-Display und verdammt viel Akku"},"content":{"rendered":"<p>Ein 15&#8243;-Monitor, ein Retina-Display, eine Aufl\u00f6sung von 2880 x 1800 Bildpunkten und so leicht wie kein Macbook zuvor. Apple hat heute das &#8222;<a href=\"http:\/\/ifun.de\/applestore\/http:\/\/store.apple.com\/de\/go\/macbookpro\">MacBook Pro mit Retina-Display<\/a>&#8220; vorgestellt und damit eine neue Generation der High-End MacBooks eingel\u00e4utet.<br \/>\n<img loading=\"lazy\" decoding=\"async\" src=\"http:\/\/images.ifun.de\/wp-content\/uploads\/2012\/06\/macbookpro-retina.jpg\" alt=\"\" title=\"macbookpro-retina\" width=\"464\" height=\"160\" class=\"alignnone size-full wp-image-26019\" srcset=\"https:\/\/images.ifun.de\/wp-content\/uploads\/2012\/06\/macbookpro-retina.jpg 464w, https:\/\/images.ifun.de\/wp-content\/uploads\/2012\/06\/macbookpro-retina-300x103.jpg 300w\" sizes=\"auto, (max-width: 464px) 100vw, 464px\" \/><\/p>\n<p>Das hochperformante Modell l\u00e4sst sich wahlweise mit 2,3 oder 2,6 GHz Quad-Core i7-Prozessoren bestellen und schiebt sich mit seinen nur 1,8 cm H\u00f6he vom \u00c4u\u00dferen her zwischen MacBook Air und Macbook Pro &#8211; der Platzersparnis fiel allerdings das DVD-Laufwerk des MacBook Pro zum Opfer. In der Basiskonfiguration kommen beide verf\u00fcgbare Modelle mit 8 GB Arbeitsspeicher, erweiterbar auf 16 GB. Die interne SSD ist hat bei kleinen Modell 256 und beim gro\u00dfen 512 GB Speicherplatz.<\/p>\n<p>Das &#8222;MacBook Pro Retina&#8220; kann noch heute <a href=\"http:\/\/ifun.de\/applestore\/http:\/\/store.apple.com\/de\/go\/macbookpro\">im Apple Store<\/a> bestellt werden. In der kleinen Ausf\u00fchrung kostet das neue Apple-Notebook 2279 Euro, die gro\u00dfe Version mit 2,6 GHz kostet 2899 Euro.<\/p>\n","protected":false},"excerpt":{"rendered":"<a href=\"https:\/\/www.ifun.de\/macbook-pro-retina-25997\/\"><img width=\"150\" height=\"87\" src=\"https:\/\/images.ifun.de\/wp-content\/uploads\/2012\/06\/macbookretina.jpg\" class=\"alignright tfe wp-post-image\" alt=\"\" decoding=\"async\" loading=\"lazy\" srcset=\"https:\/\/images.ifun.de\/wp-content\/uploads\/2012\/06\/macbookretina.jpg 464w, https:\/\/images.ifun.de\/wp-content\/uploads\/2012\/06\/macbookretina-300x173.jpg 300w\" sizes=\"auto, (max-width: 150px) 100vw, 150px\" \/><\/a><p>Das neue MacBook Pro:<br \/>\nApple pr\u00e4sentiert das erste Notebook mit Retina-Bildschirm<\/p>\n","protected":false},"author":1,"featured_media":26003,"comment_status":"open","ping_status":"closed","sticky":false,"template":"","format":"standard","meta":{"footnotes":""},"categories":[3,19],"tags":[4736,144,224,145,524,353],"class_list":["post-25997","post","type-post","status-publish","format-standard","has-post-thumbnail","hentry","category-apple","category-topnews","tag-apple","tag-macbook","tag-macbook-pro","tag-notebook","tag-retina","tag-wwdc"],"aioseo_notices":[],"aioseo_head":"\n\t\t<!-- All in One SEO Pro 5.0.1.1 - aioseo.com -->\n\t<meta name=\"description\" content=\"Das neue MacBook Pro: Apple pr\u00e4sentiert das erste Notebook mit Retina-Bildschirm\" \/>\n\t<meta name=\"robots\" content=\"max-image-preview:large\" \/>\n\t<meta name=\"author\" content=\"Nicolas\"\/>\n\t<meta name=\"google-site-verification\" content=\"uH_IhWlZO-QDb51DGwVoGT_GCZmfJp98klL3XmbE3ow\" \/>\n\t<link rel=\"canonical\" href=\"https:\/\/www.ifun.de\/macbook-pro-retina-25997\/\" \/>\n\t<meta name=\"generator\" content=\"All in One SEO Pro (AIOSEO) 5.0.1.1\" \/>\n\t\t<meta property=\"og:locale\" content=\"de_DE\" \/>\n\t\t<meta property=\"og:site_name\" content=\"ifun.de | Apple-News seit 2001\" \/>\n\t\t<meta property=\"og:type\" content=\"article\" \/>\n\t\t<meta property=\"og:title\" content=\"Apple stellt \u201eMacBook Pro Retina\u201c vor: Die n\u00e4chste Generation mit Retina-Display und verdammt viel Akku | ifun.de\" \/>\n\t\t<meta property=\"og:description\" content=\"Das neue MacBook Pro: Apple pr\u00e4sentiert das erste Notebook mit Retina-Bildschirm\" \/>\n\t\t<meta property=\"og:url\" content=\"https:\/\/www.ifun.de\/macbook-pro-retina-25997\/\" \/>\n\t\t<meta property=\"article:published_time\" content=\"2012-06-11T17:50:39+00:00\" \/>\n\t\t<meta property=\"article:modified_time\" content=\"2013-10-21T04:54:34+00:00\" \/>\n\t\t<meta property=\"article:publisher\" content=\"https:\/\/facebook.com\/ifun.de\" \/>\n\t\t<meta name=\"twitter:card\" content=\"summary_large_image\" \/>\n\t\t<meta name=\"twitter:site\" content=\"@ifun_news\" \/>\n\t\t<meta name=\"twitter:title\" content=\"Apple stellt \u201eMacBook Pro Retina\u201c vor: Die n\u00e4chste Generation mit Retina-Display und verdammt viel Akku | ifun.de\" \/>\n\t\t<meta name=\"twitter:description\" content=\"Das neue MacBook Pro: Apple pr\u00e4sentiert das erste Notebook mit Retina-Bildschirm\" \/>\n\t\t<meta name=\"twitter:creator\" content=\"@ifun_news\" \/>\n\t\t<script type=\"application\/ld+json\" class=\"aioseo-schema\">\n\t\t\t{\"@context\":\"https:\\\/\\\/schema.org\",\"@graph\":[{\"@type\":\"Article\",\"@id\":\"https:\\\/\\\/www.ifun.de\\\/macbook-pro-retina-25997\\\/#article\",\"name\":\"Apple stellt \\u201eMacBook Pro Retina\\u201c vor: Die n\\u00e4chste Generation mit Retina-Display und verdammt viel Akku | ifun.de\",\"headline\":\"Apple stellt &#8222;MacBook Pro Retina&#8220; vor: Die n\\u00e4chste Generation mit Retina-Display und verdammt viel Akku\",\"author\":{\"@id\":\"https:\\\/\\\/www.ifun.de\\\/author\\\/admin\\\/#author\"},\"publisher\":{\"@id\":\"https:\\\/\\\/www.ifun.de\\\/#organization\"},\"image\":{\"@type\":\"ImageObject\",\"url\":\"https:\\\/\\\/images.ifun.de\\\/wp-content\\\/uploads\\\/2012\\\/06\\\/macbookretina.jpg\",\"width\":464,\"height\":269},\"datePublished\":\"2012-06-11T19:50:39+02:00\",\"dateModified\":\"2013-10-21T06:54:34+02:00\",\"inLanguage\":\"de-DE\",\"commentCount\":81,\"mainEntityOfPage\":{\"@id\":\"https:\\\/\\\/www.ifun.de\\\/macbook-pro-retina-25997\\\/#webpage\"},\"isPartOf\":{\"@id\":\"https:\\\/\\\/www.ifun.de\\\/macbook-pro-retina-25997\\\/#webpage\"},\"articleSection\":\"Apple, Topnews, Apple, MacBook, MacBook Pro, Notebook, Retina, WWDC\"},{\"@type\":\"BreadcrumbList\",\"@id\":\"https:\\\/\\\/www.ifun.de\\\/macbook-pro-retina-25997\\\/#breadcrumblist\",\"itemListElement\":[{\"@type\":\"ListItem\",\"@id\":\"https:\\\/\\\/www.ifun.de#listItem\",\"position\":1,\"name\":\"Home\",\"item\":\"https:\\\/\\\/www.ifun.de\",\"nextItem\":{\"@type\":\"ListItem\",\"@id\":\"https:\\\/\\\/www.ifun.de\\\/category\\\/apple\\\/#listItem\",\"name\":\"Apple\"}},{\"@type\":\"ListItem\",\"@id\":\"https:\\\/\\\/www.ifun.de\\\/category\\\/apple\\\/#listItem\",\"position\":2,\"name\":\"Apple\",\"item\":\"https:\\\/\\\/www.ifun.de\\\/category\\\/apple\\\/\",\"nextItem\":{\"@type\":\"ListItem\",\"@id\":\"https:\\\/\\\/www.ifun.de\\\/macbook-pro-retina-25997\\\/#listItem\",\"name\":\"Apple stellt &#8222;MacBook Pro Retina&#8220; vor: Die n\\u00e4chste Generation mit Retina-Display und verdammt viel Akku\"},\"previousItem\":{\"@type\":\"ListItem\",\"@id\":\"https:\\\/\\\/www.ifun.de#listItem\",\"name\":\"Home\"}},{\"@type\":\"ListItem\",\"@id\":\"https:\\\/\\\/www.ifun.de\\\/macbook-pro-retina-25997\\\/#listItem\",\"position\":3,\"name\":\"Apple stellt &#8222;MacBook Pro Retina&#8220; vor: Die n\\u00e4chste Generation mit Retina-Display und verdammt viel Akku\",\"previousItem\":{\"@type\":\"ListItem\",\"@id\":\"https:\\\/\\\/www.ifun.de\\\/category\\\/apple\\\/#listItem\",\"name\":\"Apple\"}}]},{\"@type\":\"Organization\",\"@id\":\"https:\\\/\\\/www.ifun.de\\\/#organization\",\"name\":\"ifun.de\",\"description\":\"Apple-News seit 2001\",\"url\":\"https:\\\/\\\/www.ifun.de\\\/\",\"telephone\":\"+493057707123\",\"logo\":{\"@type\":\"ImageObject\",\"url\":\"https:\\\/\\\/images.ifun.de\\\/wp-content\\\/uploads\\\/2026\\\/02\\\/apple-touch-icon.png\",\"@id\":\"https:\\\/\\\/www.ifun.de\\\/macbook-pro-retina-25997\\\/#organizationLogo\",\"width\":512,\"height\":512,\"caption\":\"Apple Touch Icon\"},\"image\":{\"@id\":\"https:\\\/\\\/www.ifun.de\\\/macbook-pro-retina-25997\\\/#organizationLogo\"},\"sameAs\":[\"https:\\\/\\\/facebook.com\\\/ifun.de\",\"https:\\\/\\\/x.com\\\/ifun_news\"]},{\"@type\":\"Person\",\"@id\":\"https:\\\/\\\/www.ifun.de\\\/author\\\/admin\\\/#author\",\"url\":\"https:\\\/\\\/www.ifun.de\\\/author\\\/admin\\\/\",\"name\":\"Nicolas\"},{\"@type\":\"WebPage\",\"@id\":\"https:\\\/\\\/www.ifun.de\\\/macbook-pro-retina-25997\\\/#webpage\",\"url\":\"https:\\\/\\\/www.ifun.de\\\/macbook-pro-retina-25997\\\/\",\"name\":\"Apple stellt \\u201eMacBook Pro Retina\\u201c vor: Die n\\u00e4chste Generation mit Retina-Display und verdammt viel Akku | ifun.de\",\"description\":\"Das neue MacBook Pro: Apple pr\\u00e4sentiert das erste Notebook mit Retina-Bildschirm\",\"inLanguage\":\"de-DE\",\"isPartOf\":{\"@id\":\"https:\\\/\\\/www.ifun.de\\\/#website\"},\"breadcrumb\":{\"@id\":\"https:\\\/\\\/www.ifun.de\\\/macbook-pro-retina-25997\\\/#breadcrumblist\"},\"author\":{\"@id\":\"https:\\\/\\\/www.ifun.de\\\/author\\\/admin\\\/#author\"},\"creator\":{\"@id\":\"https:\\\/\\\/www.ifun.de\\\/author\\\/admin\\\/#author\"},\"image\":{\"@type\":\"ImageObject\",\"url\":\"https:\\\/\\\/images.ifun.de\\\/wp-content\\\/uploads\\\/2012\\\/06\\\/macbookretina.jpg\",\"@id\":\"https:\\\/\\\/www.ifun.de\\\/macbook-pro-retina-25997\\\/#mainImage\",\"width\":464,\"height\":269},\"primaryImageOfPage\":{\"@id\":\"https:\\\/\\\/www.ifun.de\\\/macbook-pro-retina-25997\\\/#mainImage\"},\"datePublished\":\"2012-06-11T19:50:39+02:00\",\"dateModified\":\"2013-10-21T06:54:34+02:00\"},{\"@type\":\"WebSite\",\"@id\":\"https:\\\/\\\/www.ifun.de\\\/#website\",\"url\":\"https:\\\/\\\/www.ifun.de\\\/\",\"name\":\"ifun.de\",\"description\":\"Apple-News seit 2001\",\"inLanguage\":\"de-DE\",\"publisher\":{\"@id\":\"https:\\\/\\\/www.ifun.de\\\/#organization\"}}]}\n\t\t<\/script>\n\t\t<!-- All in One SEO Pro -->\r\n\t\t<title>Apple stellt \u201eMacBook Pro Retina\u201c vor: Die n\u00e4chste Generation mit Retina-Display und verdammt viel Akku | ifun.de<\/title>\n\n","aioseo_head_json":{"title":"Apple stellt \u201eMacBook Pro Retina\u201c vor: Die n\u00e4chste Generation mit Retina-Display und verdammt viel Akku | ifun.de","description":"Das neue MacBook Pro: Apple pr\u00e4sentiert das erste Notebook mit Retina-Bildschirm","canonical_url":"https:\/\/www.ifun.de\/macbook-pro-retina-25997\/","robots":"max-image-preview:large","keywords":"","webmasterTools":{"google-site-verification":"uH_IhWlZO-QDb51DGwVoGT_GCZmfJp98klL3XmbE3ow","miscellaneous":""},"schema":{"@context":"https:\/\/schema.org","@graph":[{"@type":"Article","@id":"https:\/\/www.ifun.de\/macbook-pro-retina-25997\/#article","name":"Apple stellt \u201eMacBook Pro Retina\u201c vor: Die n\u00e4chste Generation mit Retina-Display und verdammt viel Akku | ifun.de","headline":"Apple stellt &#8222;MacBook Pro Retina&#8220; vor: Die n\u00e4chste Generation mit Retina-Display und verdammt viel Akku","author":{"@id":"https:\/\/www.ifun.de\/author\/admin\/#author"},"publisher":{"@id":"https:\/\/www.ifun.de\/#organization"},"image":{"@type":"ImageObject","url":"https:\/\/images.ifun.de\/wp-content\/uploads\/2012\/06\/macbookretina.jpg","width":464,"height":269},"datePublished":"2012-06-11T19:50:39+02:00","dateModified":"2013-10-21T06:54:34+02:00","inLanguage":"de-DE","commentCount":81,"mainEntityOfPage":{"@id":"https:\/\/www.ifun.de\/macbook-pro-retina-25997\/#webpage"},"isPartOf":{"@id":"https:\/\/www.ifun.de\/macbook-pro-retina-25997\/#webpage"},"articleSection":"Apple, Topnews, Apple, MacBook, MacBook Pro, Notebook, Retina, WWDC"},{"@type":"BreadcrumbList","@id":"https:\/\/www.ifun.de\/macbook-pro-retina-25997\/#breadcrumblist","itemListElement":[{"@type":"ListItem","@id":"https:\/\/www.ifun.de#listItem","position":1,"name":"Home","item":"https:\/\/www.ifun.de","nextItem":{"@type":"ListItem","@id":"https:\/\/www.ifun.de\/category\/apple\/#listItem","name":"Apple"}},{"@type":"ListItem","@id":"https:\/\/www.ifun.de\/category\/apple\/#listItem","position":2,"name":"Apple","item":"https:\/\/www.ifun.de\/category\/apple\/","nextItem":{"@type":"ListItem","@id":"https:\/\/www.ifun.de\/macbook-pro-retina-25997\/#listItem","name":"Apple stellt &#8222;MacBook Pro Retina&#8220; vor: Die n\u00e4chste Generation mit Retina-Display und verdammt viel Akku"},"previousItem":{"@type":"ListItem","@id":"https:\/\/www.ifun.de#listItem","name":"Home"}},{"@type":"ListItem","@id":"https:\/\/www.ifun.de\/macbook-pro-retina-25997\/#listItem","position":3,"name":"Apple stellt &#8222;MacBook Pro Retina&#8220; vor: Die n\u00e4chste Generation mit Retina-Display und verdammt viel Akku","previousItem":{"@type":"ListItem","@id":"https:\/\/www.ifun.de\/category\/apple\/#listItem","name":"Apple"}}]},{"@type":"Organization","@id":"https:\/\/www.ifun.de\/#organization","name":"ifun.de","description":"Apple-News seit 2001","url":"https:\/\/www.ifun.de\/","telephone":"+493057707123","logo":{"@type":"ImageObject","url":"https:\/\/images.ifun.de\/wp-content\/uploads\/2026\/02\/apple-touch-icon.png","@id":"https:\/\/www.ifun.de\/macbook-pro-retina-25997\/#organizationLogo","width":512,"height":512,"caption":"Apple Touch Icon"},"image":{"@id":"https:\/\/www.ifun.de\/macbook-pro-retina-25997\/#organizationLogo"},"sameAs":["https:\/\/facebook.com\/ifun.de","https:\/\/x.com\/ifun_news"]},{"@type":"Person","@id":"https:\/\/www.ifun.de\/author\/admin\/#author","url":"https:\/\/www.ifun.de\/author\/admin\/","name":"Nicolas"},{"@type":"WebPage","@id":"https:\/\/www.ifun.de\/macbook-pro-retina-25997\/#webpage","url":"https:\/\/www.ifun.de\/macbook-pro-retina-25997\/","name":"Apple stellt \u201eMacBook Pro Retina\u201c vor: Die n\u00e4chste Generation mit Retina-Display und verdammt viel Akku | ifun.de","description":"Das neue MacBook Pro: Apple pr\u00e4sentiert das erste Notebook mit Retina-Bildschirm","inLanguage":"de-DE","isPartOf":{"@id":"https:\/\/www.ifun.de\/#website"},"breadcrumb":{"@id":"https:\/\/www.ifun.de\/macbook-pro-retina-25997\/#breadcrumblist"},"author":{"@id":"https:\/\/www.ifun.de\/author\/admin\/#author"},"creator":{"@id":"https:\/\/www.ifun.de\/author\/admin\/#author"},"image":{"@type":"ImageObject","url":"https:\/\/images.ifun.de\/wp-content\/uploads\/2012\/06\/macbookretina.jpg","@id":"https:\/\/www.ifun.de\/macbook-pro-retina-25997\/#mainImage","width":464,"height":269},"primaryImageOfPage":{"@id":"https:\/\/www.ifun.de\/macbook-pro-retina-25997\/#mainImage"},"datePublished":"2012-06-11T19:50:39+02:00","dateModified":"2013-10-21T06:54:34+02:00"},{"@type":"WebSite","@id":"https:\/\/www.ifun.de\/#website","url":"https:\/\/www.ifun.de\/","name":"ifun.de","description":"Apple-News seit 2001","inLanguage":"de-DE","publisher":{"@id":"https:\/\/www.ifun.de\/#organization"}}]},"og:locale":"de_DE","og:site_name":"ifun.de | Apple-News seit 2001","og:type":"article","og:title":"Apple stellt \u201eMacBook Pro Retina\u201c vor: Die n\u00e4chste Generation mit Retina-Display und verdammt viel Akku | ifun.de","og:description":"Das neue MacBook Pro: Apple pr\u00e4sentiert das erste Notebook mit Retina-Bildschirm","og:url":"https:\/\/www.ifun.de\/macbook-pro-retina-25997\/","article:published_time":"2012-06-11T17:50:39+00:00","article:modified_time":"2013-10-21T04:54:34+00:00","article:publisher":"https:\/\/facebook.com\/ifun.de","twitter:card":"summary_large_image","twitter:site":"@ifun_news","twitter:title":"Apple stellt \u201eMacBook Pro Retina\u201c vor: Die n\u00e4chste Generation mit Retina-Display und verdammt viel Akku | ifun.de","twitter:description":"Das neue MacBook Pro: Apple pr\u00e4sentiert das erste Notebook mit Retina-Bildschirm","twitter:creator":"@ifun_news"},"aioseo_meta_data":{"post_id":"25997","title":null,"description":null,"keywords":null,"keyphrases":null,"primary_term":null,"canonical_url":null,"og_title":null,"og_description":null,"og_object_type":"default","og_image_type":"default","og_image_url":null,"og_image_width":null,"og_image_height":null,"og_image_custom_url":null,"og_image_custom_fields":null,"og_video":null,"og_custom_url":null,"og_article_section":null,"og_article_tags":null,"twitter_use_og":false,"twitter_card":"default","twitter_image_type":"default","twitter_image_url":null,"twitter_image_custom_url":null,"twitter_image_custom_fields":null,"twitter_title":null,"twitter_description":null,"schema":{"blockGraphs":[],"customGraphs":[],"default":{"data":{"Article":[],"Course":[],"Dataset":[],"FAQPage":[],"Movie":[],"Person":[],"Product":[],"ProductReview":[],"Car":[],"Recipe":[],"Service":[],"SoftwareApplication":[],"WebPage":[]},"graphName":"Article","isEnabled":true},"graphs":[]},"schema_type":"default","schema_type_options":null,"pillar_content":false,"robots_default":true,"robots_noindex":false,"robots_noarchive":false,"robots_nosnippet":false,"robots_nofollow":false,"robots_noimageindex":false,"robots_noodp":false,"robots_notranslate":false,"robots_max_snippet":null,"robots_max_videopreview":null,"robots_max_imagepreview":"large","priority":null,"frequency":null,"local_seo":null,"seo_analyzer_scan_date":"2026-07-22 12:17:05","breadcrumb_settings":null,"limit_modified_date":false,"reviewed_by":null,"open_ai":null,"ai":null,"created":"2026-02-25 01:00:47","updated":"2026-07-22 12:17:05","focus_keyword":null,"additional_keywords":null,"truseo_locale":null},"aioseo_breadcrumb":"<div class=\"aioseo-breadcrumbs\"><span class=\"aioseo-breadcrumb\">\n\t<a href=\"https:\/\/www.ifun.de\" title=\"Home\">Home<\/a>\n<\/span><span class=\"aioseo-breadcrumb-separator\">\u00bb<\/span><span class=\"aioseo-breadcrumb\">\n\t<a href=\"https:\/\/www.ifun.de\/category\/apple\/\" title=\"Apple\">Apple<\/a>\n<\/span><span class=\"aioseo-breadcrumb-separator\">\u00bb<\/span><span class=\"aioseo-breadcrumb\">\n\tApple stellt \u201eMacBook Pro Retina\u201c vor: Die n\u00e4chste Generation mit Retina-Display und verdammt viel Akku\n<\/span><\/div>","aioseo_breadcrumb_json":[{"label":"Home","link":"https:\/\/www.ifun.de"},{"label":"Apple","link":"https:\/\/www.ifun.de\/category\/apple\/"},{"label":"Apple stellt &#8222;MacBook Pro Retina&#8220; vor: Die n\u00e4chste Generation mit Retina-Display und verdammt viel Akku","link":"https:\/\/www.ifun.de\/macbook-pro-retina-25997\/"}],"rest_api_enabler":[],"_links":{"self":[{"href":"https:\/\/www.ifun.de\/apiv2\/wp\/v2\/posts\/25997","targetHints":{"allow":["GET"]}}],"collection":[{"href":"https:\/\/www.ifun.de\/apiv2\/wp\/v2\/posts"}],"about":[{"href":"https:\/\/www.ifun.de\/apiv2\/wp\/v2\/types\/post"}],"author":[{"embeddable":true,"href":"https:\/\/www.ifun.de\/apiv2\/wp\/v2\/users\/1"}],"replies":[{"embeddable":true,"href":"https:\/\/www.ifun.de\/apiv2\/wp\/v2\/comments?post=25997"}],"version-history":[{"count":15,"href":"https:\/\/www.ifun.de\/apiv2\/wp\/v2\/posts\/25997\/revisions"}],"predecessor-version":[{"id":48579,"href":"https:\/\/www.ifun.de\/apiv2\/wp\/v2\/posts\/25997\/revisions\/48579"}],"wp:featuredmedia":[{"embeddable":true,"href":"https:\/\/www.ifun.de\/apiv2\/wp\/v2\/media\/26003"}],"wp:attachment":[{"href":"https:\/\/www.ifun.de\/apiv2\/wp\/v2\/media?parent=25997"}],"wp:term":[{"taxonomy":"category","embeddable":true,"href":"https:\/\/www.ifun.de\/apiv2\/wp\/v2\/categories?post=25997"},{"taxonomy":"post_tag","embeddable":true,"href":"https:\/\/www.ifun.de\/apiv2\/wp\/v2\/tags?post=25997"}],"curies":[{"name":"wp","href":"https:\/\/api.w.org\/{rel}","templated":true}]}}