{"id":2595,"date":"2006-11-17T07:44:31","date_gmt":"2010-12-02T20:31:24","guid":{"rendered":""},"modified":"2010-12-02T20:31:24","modified_gmt":"2010-12-02T20:31:24","slug":"ipod-flugzeug-ruckzieher-von-afklm","status":"publish","type":"post","link":"https:\/\/www.ifun.de\/ipod-flugzeug-ruckzieher-von-afklm-2595\/","title":{"rendered":"iPod-Flugzeug: R\u00fcckzieher von AF\/KLM"},"content":{"rendered":"<p>In Sachen <a href=\"\/content\/view\/2586\/42\/\">iPod-Integration in das Bord-Entertainmentsystem<\/a> machen zwei der sechs genannten Airlines einen R\u00fcckzieher. Die Partner-Airlines Air France und KLM wollen von einem derartigen Deal nichts wissen, laut <a href=\"http:\/\/today.reuters.com\/news\/articleinvesting.aspx?view=CN&#038;WTmodLOC=C3-News-8&#038;symbol=AAPL.O&#038;type=qcna&#038;storyID=2006-11-14T224156Z_01_N14278348_RTRUKOC_0_US-APPLE-AIRLINES.xml\" target=\"_blank\">Reuters<\/a> erk\u00e4rt ein Apple-Sprecher die leicht peinliche Angelegenheit mit einem Missverst\u00e4ndnis.<br \/>\nEin Branchenkenner erwartet jedoch, dass sich noch weitere Airlines auf eine Apple-Partnerschaft einlassen. Angesichts der Vielzahl der verkauften iPods w\u00e4re die Flugzeugintegration ein netter Weg um die Passagiere zufrieden zu stimmen: &#8222;it keeps them out of the flight attendant&#8217;s hair&#8220;.<br \/>\nNicht gesagt ist jedenfalls, ob die Gesellschaften dann tats\u00e4chlich auch alle Pl\u00e4tze mit einem derartigen System ausstatten. United zumindest sieht die iPod-Integration erst mal als eine Aufwertung der First- und Business-Class an.<\/p>\n","protected":false},"excerpt":{"rendered":"<p>In Sachen iPod-Integration in das Bord-Entertainmentsystem machen zwei der sechs genannten Airlines einen R\u00fcckzieher. Die Partner-Airlines Air France und KLM wollen von einem derartigen Deal nichts wissen, laut Reuters erk\u00e4rt ein Apple-Sprecher die leicht peinliche Angelegenheit mit einem Missverst\u00e4ndnis. Ein Branchenkenner erwartet jedoch, dass sich noch weitere Airlines auf eine Apple-Partnerschaft einlassen. Angesichts der Vielzahl [&hellip;]<\/p>\n","protected":false},"author":1,"featured_media":0,"comment_status":"open","ping_status":"open","sticky":false,"template":"","format":"standard","meta":{"_acf_changed":false,"footnotes":""},"categories":[],"tags":[],"class_list":["post-2595","post","type-post","status-publish","format-standard","hentry"],"acf":[],"aioseo_notices":[],"rest_api_enabler":[],"_links":{"self":[{"href":"https:\/\/www.ifun.de\/apiv2\/wp\/v2\/posts\/2595","targetHints":{"allow":["GET"]}}],"collection":[{"href":"https:\/\/www.ifun.de\/apiv2\/wp\/v2\/posts"}],"about":[{"href":"https:\/\/www.ifun.de\/apiv2\/wp\/v2\/types\/post"}],"author":[{"embeddable":true,"href":"https:\/\/www.ifun.de\/apiv2\/wp\/v2\/users\/1"}],"replies":[{"embeddable":true,"href":"https:\/\/www.ifun.de\/apiv2\/wp\/v2\/comments?post=2595"}],"version-history":[{"count":0,"href":"https:\/\/www.ifun.de\/apiv2\/wp\/v2\/posts\/2595\/revisions"}],"wp:attachment":[{"href":"https:\/\/www.ifun.de\/apiv2\/wp\/v2\/media?parent=2595"}],"wp:term":[{"taxonomy":"category","embeddable":true,"href":"https:\/\/www.ifun.de\/apiv2\/wp\/v2\/categories?post=2595"},{"taxonomy":"post_tag","embeddable":true,"href":"https:\/\/www.ifun.de\/apiv2\/wp\/v2\/tags?post=2595"}],"curies":[{"name":"wp","href":"https:\/\/api.w.org\/{rel}","templated":true}]}}