{"id":25895,"date":"2012-06-08T19:37:36","date_gmt":"2012-06-08T17:37:36","guid":{"rendered":"http:\/\/www.ifun.de\/?p=25895"},"modified":"2012-06-08T19:39:07","modified_gmt":"2012-06-08T17:39:07","slug":"apple-tv-sdk-wwdc","status":"publish","type":"post","link":"https:\/\/www.ifun.de\/apple-tv-sdk-wwdc-25895\/","title":{"rendered":"Ger\u00fccht: Apple stellt auf WWDC angeblich SDK f\u00fcr Apple TV vor"},"content":{"rendered":"<p>Kurz und knapp etwas \u00d6l ins Ger\u00fcchtefeuer: Die US-Webseite <a href=\"http:\/\/www.bgr.com\/2012\/06\/08\/apple-tv-sdk-wwdc-2012\/\">BGR<\/a> will erfahren haben, dass Apple n\u00e4chste Woche ein &#8222;TV-SDK&#8220; vorstellen, also Entwicklern die entsprechenden Werkzeuge an die Hand geben wird, um Anwendungen f\u00fcr die erwartete neue Apple-TV-Version von iOS zu entwickeln.<\/p>\n<p><img loading=\"lazy\" decoding=\"async\" src=\"http:\/\/images.ifun.de\/wp-content\/uploads\/2012\/05\/appletv.jpg\" alt=\"\" title=\"appletv\" width=\"464\" height=\"292\" class=\"alignnone size-full wp-image-25571\" srcset=\"https:\/\/images.ifun.de\/wp-content\/uploads\/2012\/05\/appletv.jpg 464w, https:\/\/images.ifun.de\/wp-content\/uploads\/2012\/05\/appletv-300x188.jpg 300w\" sizes=\"auto, (max-width: 464px) 100vw, 464px\" \/><\/p>\n<p>Wenn wir davon ausgehen, dass die Ende Mai aufgekommenen <a href=\"http:\/\/www.ifun.de\/apple-tv-funktionen-ios-fernseher-hdtv-25570\/\">Ger\u00fcchte<\/a> um eine neue, deutlich funktionserweiterte Version von iOS f\u00fcr Apple TV realistisch sind, kommt diese neue Ank\u00fcndigung wenig \u00fcberraschend, sondern passt in den Rahmen der bisherigen Spekulationen. Mit diesem neuen T\u00e4tigkeitsbereich f\u00fcr iOS-Entwickler lie\u00dfen sich sicherlich einige der noch nicht n\u00e4her benannten <a href=\"http:\/\/www.ifun.de\/wwdc-apple-spekulationen-25658\/\">&#8222;Geheim-Sessions&#8220; im WWDC-Programm<\/a> f\u00fcllen.<\/p>\n<p>Wir halten eine solche Erweiterung des Leistungsumfangs von Apple TV f\u00fcr sehr wahrscheinlich. Gleichzeitig gehen wir aber weiterhin nicht davon aus, dass Apple in absehbarer Zeit ein vollwertiges TV-Ger\u00e4t vorstellen wird.<\/p>\n","protected":false},"excerpt":{"rendered":"<a href=\"https:\/\/www.ifun.de\/apple-tv-sdk-wwdc-25895\/\"><img decoding=\"async\" width=\"150\" src=\"http:\/\/images.ifun.de\/wp-content\/uploads\/2012\/05\/appletv.jpg\" class=\"alignright wp-post-image tfe\" alt=\"\" title=\"appletv\" \/><\/a><p>Kurz und knapp etwas \u00d6l ins Ger\u00fcchtefeuer: Die US-Webseite BGR will erfahren haben, dass Apple n\u00e4chste Woche ein &#8222;TV-SDK&#8220; vorstellen, also Entwicklern die entsprechenden Werkzeuge an die Hand geben wird, um Anwendungen f\u00fcr die erwartete neue Apple-TV-Version von iOS zu entwickeln. Wenn wir davon ausgehen, dass die Ende Mai aufgekommenen Ger\u00fcchte um eine neue, deutlich [&hellip;]<\/p>\n","protected":false},"author":2,"featured_media":0,"comment_status":"open","ping_status":"closed","sticky":false,"template":"","format":"standard","meta":{"_acf_changed":false,"footnotes":""},"categories":[4],"tags":[26,4739,985,353],"class_list":["post-25895","post","type-post","status-publish","format-standard","hentry","category-appletv","tag-apple-tv","tag-ios","tag-sdk","tag-wwdc"],"acf":[],"aioseo_notices":[],"rest_api_enabler":[],"_links":{"self":[{"href":"https:\/\/www.ifun.de\/apiv2\/wp\/v2\/posts\/25895","targetHints":{"allow":["GET"]}}],"collection":[{"href":"https:\/\/www.ifun.de\/apiv2\/wp\/v2\/posts"}],"about":[{"href":"https:\/\/www.ifun.de\/apiv2\/wp\/v2\/types\/post"}],"author":[{"embeddable":true,"href":"https:\/\/www.ifun.de\/apiv2\/wp\/v2\/users\/2"}],"replies":[{"embeddable":true,"href":"https:\/\/www.ifun.de\/apiv2\/wp\/v2\/comments?post=25895"}],"version-history":[{"count":2,"href":"https:\/\/www.ifun.de\/apiv2\/wp\/v2\/posts\/25895\/revisions"}],"predecessor-version":[{"id":25897,"href":"https:\/\/www.ifun.de\/apiv2\/wp\/v2\/posts\/25895\/revisions\/25897"}],"wp:attachment":[{"href":"https:\/\/www.ifun.de\/apiv2\/wp\/v2\/media?parent=25895"}],"wp:term":[{"taxonomy":"category","embeddable":true,"href":"https:\/\/www.ifun.de\/apiv2\/wp\/v2\/categories?post=25895"},{"taxonomy":"post_tag","embeddable":true,"href":"https:\/\/www.ifun.de\/apiv2\/wp\/v2\/tags?post=25895"}],"curies":[{"name":"wp","href":"https:\/\/api.w.org\/{rel}","templated":true}]}}