{"id":257728,"date":"2025-06-30T06:51:44","date_gmt":"2025-06-30T04:51:44","guid":{"rendered":"https:\/\/www.ifun.de\/?p=257728"},"modified":"2025-07-07T13:47:27","modified_gmt":"2025-07-07T11:47:27","slug":"ring-statt-uhr-apple-denkt-ueber-neue-wearables-nach","status":"publish","type":"post","link":"https:\/\/www.ifun.de\/ring-statt-uhr-apple-denkt-ueber-neue-wearables-nach-257728\/","title":{"rendered":"Ring statt Uhr? Apple denkt \u00fcber neue Wearables nach"},"content":{"rendered":"<p>Apple Wearables-Sparte, zu der unter anderem die Apple Watch und die AirPods z\u00e4hlen, steht unter Druck. Im vergangenen Gesch\u00e4ftsjahr sank der Umsatz in diesem Bereich um sieben Prozent. Vor allem die Smartwatch-Familie zeigt Schw\u00e4chen. Zwar wurden einzelne Modelle technisch \u00fcberarbeitet, doch \u00e4u\u00dferlich \u00e4hneln sie weitgehend ihren Vorg\u00e4ngern.<\/p>\n<p><a href=\"https:\/\/images.ifun.de\/wp-content\/uploads\/2025\/06\/apple-fitness-ring-square.png\"><img loading=\"lazy\" decoding=\"async\" class=\"aligncenter size-large wp-image-257730\" src=\"https:\/\/images.ifun.de\/wp-content\/uploads\/2025\/06\/apple-fitness-ring-square-700x700.png\" alt=\"Apple Fitness Ring Square\" width=\"500\" height=\"500\" srcset=\"https:\/\/images.ifun.de\/wp-content\/uploads\/2025\/06\/apple-fitness-ring-square-700x700.png 700w, https:\/\/images.ifun.de\/wp-content\/uploads\/2025\/06\/apple-fitness-ring-square-500x500.png 500w, https:\/\/images.ifun.de\/wp-content\/uploads\/2025\/06\/apple-fitness-ring-square-150x150.png 150w, https:\/\/images.ifun.de\/wp-content\/uploads\/2025\/06\/apple-fitness-ring-square-768x768.png 768w, https:\/\/images.ifun.de\/wp-content\/uploads\/2025\/06\/apple-fitness-ring-square.png 1024w\" sizes=\"auto, (max-width: 500px) 100vw, 500px\" \/><\/a><\/p>\n<h6>So in etwa? Dieses KI-Rendering versteht sich als Symbolbild.<\/h6>\n<p>Die 2022 erstmals vorgestellte Apple Watch Ultra, erhielt seither lediglich Detailverbesserungen. Auch bei den AirPods gibt es wenig Bewegung: Das Pro-Modell wurde seit zwei Jahren nicht mehr aktualisiert.<\/p>\n<h2>Neue Ger\u00e4teklassen in Vorbereitung<\/h2>\n<p>Wie der Wirtschaftsnachrichtendienst Bloomberg <a href=\"https:\/\/www.bloomberg.com\/news\/newsletters\/2025-06-29\/apple-should-launch-oura-ring-competitor-tethered-vision-pro-ios-26-beta-2-mchmc20h\">berichtet<\/a>, hat die Produktlinie bereits mehrere umsatzschwache Quartale hinter sich. F\u00fcr die Apple Watch allein wird im laufenden Jahr mit einem weiteren R\u00fcckgang gerechnet, nachdem bereits 2024 ein Minus von \u00fcber 14 Prozent verzeichnet wurde.<\/p>\n<p>Apple plant, die Apple Watch SE als g\u00fcnstigeres Einsteigermodell zu \u00fcberarbeiten. F\u00fcr die n\u00e4chste Version der Apple Watch Ultra wird laut Bloomberg mit neuen Funktionen gerechnet. Dazu geh\u00f6rt unter anderem die M\u00f6glichkeit, \u00fcber Satellit zu kommunizieren, ohne auf ein gekoppeltes iPhone angewiesen zu sein.<\/p>\n<p><a href=\"https:\/\/images.ifun.de\/wp-content\/uploads\/2025\/06\/wearables-apple.jpg\"><img loading=\"lazy\" decoding=\"async\" class=\"aligncenter size-large wp-image-257731\" src=\"https:\/\/images.ifun.de\/wp-content\/uploads\/2025\/06\/wearables-apple-700x348.jpg\" alt=\"Wearables Apple\" width=\"700\" height=\"348\" srcset=\"https:\/\/images.ifun.de\/wp-content\/uploads\/2025\/06\/wearables-apple-700x348.jpg 700w, https:\/\/images.ifun.de\/wp-content\/uploads\/2025\/06\/wearables-apple-500x248.jpg 500w, https:\/\/images.ifun.de\/wp-content\/uploads\/2025\/06\/wearables-apple-768x382.jpg 768w, https:\/\/images.ifun.de\/wp-content\/uploads\/2025\/06\/wearables-apple-1536x763.jpg 1536w, https:\/\/images.ifun.de\/wp-content\/uploads\/2025\/06\/wearables-apple.jpg 1618w\" sizes=\"auto, (max-width: 700px) 100vw, 700px\" \/><\/a><\/p>\n<h6>Apples Wearables-Sparte: Zuletzt durch Umsatzr\u00fcckg\u00e4nge aufgefallen<\/h6>\n<h2>Kompakte Alternative zur Uhr<\/h2>\n<p>Noch deutlicher k\u00f6nnte sich eine Erweiterung des Wearable-Sortiments auswirken. Neben einer Brille, die fr\u00fchestens Ende 2026 erscheinen d\u00fcrfte, befasst sich Apple dem Bericht zufolge auch mit der Entwicklung eines eigenen Fitnessrings. Vergleichbare Produkte sind bereits von Anbietern wie Oura, Samsung oder RingConn erh\u00e4ltlich. Sie setzen auf ein minimalistisches Design, das Gesundheitsdaten wie Schlaf oder Puls zuverl\u00e4ssig erfassen kann. ifun.de berichtete:<\/p>\n<ul>\n<li><strong>Ringconn Gen 2:<\/strong> <a title=\"Ringconn Gen 2: Der kleinste und vermutlich derzeit beste Smart Ring\" href=\"https:\/\/www.iphone-ticker.de\/ringconn-gen-2-der-kleinste-und-vermutlich-gerade-beste-smart-ring-257367\/\">Der kleinste und vermutlich derzeit beste Smart Ring<\/a><\/li>\n<\/ul>\n<p>Ein Ring mit Sensoren bietet zwar weniger Funktionen als eine Smartwatch, daf\u00fcr aber mehr Tragekomfort in bestimmten Alltagssituationen. Besonders nachts oder beim Sport empfinden viele Nutzer das schlanke Format als angenehmer. Fitnessringe punkten zudem mit l\u00e4ngerer Akkulaufzeit und verursachen keine zus\u00e4tzlichen Bildschirmbenachrichtigungen.<\/p>\n<p>Laut Bloomberg untersucht Apple derzeit, wie sich ein solcher Ring in das bestehende Ger\u00e4te-\u00d6kosystem integrieren lie\u00dfe. M\u00f6glich w\u00e4re etwa eine Interaktion mit der Vision-Pro-Brille, die Nutzung als digitale Zutrittskarte oder eine Unterst\u00fctzung f\u00fcr kontaktloses Bezahlen.<\/p>\n<p><img loading=\"lazy\" decoding=\"async\" src=\"https:\/\/vg05.met.vgwort.de\/na\/05c8f268668146e1afecc4ef1310e53f\" width=\"1\" height=\"1\"  no-lazy class=\"tracking\"><\/p>\n","protected":false},"excerpt":{"rendered":"<a href=\"https:\/\/www.ifun.de\/ring-statt-uhr-apple-denkt-ueber-neue-wearables-nach-257728\/\"><img width=\"150\" height=\"150\" src=\"https:\/\/images.ifun.de\/wp-content\/uploads\/2025\/06\/wearables-apple-150x150.jpg\" class=\"alignright tfe wp-post-image\" alt=\"Wearables Apple\" decoding=\"async\" loading=\"lazy\" \/><\/a><p>Apple Wearables-Sparte, zu der unter anderem die Apple Watch und die AirPods z\u00e4hlen, steht unter Druck. Im vergangenen Gesch\u00e4ftsjahr sank der Umsatz in diesem Bereich um sieben Prozent. Vor allem die Smartwatch-Familie zeigt Schw\u00e4chen. Zwar wurden einzelne Modelle technisch \u00fcberarbeitet, doch \u00e4u\u00dferlich \u00e4hneln sie weitgehend ihren Vorg\u00e4ngern. So in etwa? Dieses KI-Rendering versteht sich als [&hellip;]<\/p>\n","protected":false},"author":1,"featured_media":257731,"comment_status":"open","ping_status":"closed","sticky":false,"template":"","format":"standard","meta":{"_acf_changed":false,"footnotes":""},"categories":[22,1783],"tags":[4736,3910,2604,6322,2491],"class_list":["post-257728","post","type-post","status-publish","format-standard","has-post-thumbnail","hentry","category-zubehor","category-feature","tag-apple","tag-geruechte","tag-ring","tag-rumors","tag-wearables"],"acf":[],"aioseo_notices":[],"featured_image":["https:\/\/images.ifun.de\/wp-content\/uploads\/2025\/06\/apple-fitness-ring.jpg"],"subheadline":["R\u00fcckl\u00e4ufige Zahlen bei Uhren und Kopfh\u00f6rern"],"rest_api_enabler":{"featured_image":"https:\/\/images.ifun.de\/wp-content\/uploads\/2025\/06\/apple-fitness-ring.jpg","subheadline":"R\u00fcckl\u00e4ufige Zahlen bei Uhren und Kopfh\u00f6rern"},"_links":{"self":[{"href":"https:\/\/www.ifun.de\/apiv2\/wp\/v2\/posts\/257728","targetHints":{"allow":["GET"]}}],"collection":[{"href":"https:\/\/www.ifun.de\/apiv2\/wp\/v2\/posts"}],"about":[{"href":"https:\/\/www.ifun.de\/apiv2\/wp\/v2\/types\/post"}],"author":[{"embeddable":true,"href":"https:\/\/www.ifun.de\/apiv2\/wp\/v2\/users\/1"}],"replies":[{"embeddable":true,"href":"https:\/\/www.ifun.de\/apiv2\/wp\/v2\/comments?post=257728"}],"version-history":[{"count":2,"href":"https:\/\/www.ifun.de\/apiv2\/wp\/v2\/posts\/257728\/revisions"}],"predecessor-version":[{"id":257735,"href":"https:\/\/www.ifun.de\/apiv2\/wp\/v2\/posts\/257728\/revisions\/257735"}],"wp:featuredmedia":[{"embeddable":true,"href":"https:\/\/www.ifun.de\/apiv2\/wp\/v2\/media\/257731"}],"wp:attachment":[{"href":"https:\/\/www.ifun.de\/apiv2\/wp\/v2\/media?parent=257728"}],"wp:term":[{"taxonomy":"category","embeddable":true,"href":"https:\/\/www.ifun.de\/apiv2\/wp\/v2\/categories?post=257728"},{"taxonomy":"post_tag","embeddable":true,"href":"https:\/\/www.ifun.de\/apiv2\/wp\/v2\/tags?post=257728"}],"curies":[{"name":"wp","href":"https:\/\/api.w.org\/{rel}","templated":true}]}}