{"id":256808,"date":"2025-06-16T14:20:32","date_gmt":"2025-06-16T12:20:32","guid":{"rendered":"https:\/\/www.ifun.de\/?p=256808"},"modified":"2025-06-16T14:21:28","modified_gmt":"2025-06-16T12:21:28","slug":"apple-startet-reparaturprogramm-fuer-den-mac-mini-m2","status":"publish","type":"post","link":"https:\/\/www.ifun.de\/apple-startet-reparaturprogramm-fuer-den-mac-mini-m2-256808\/","title":{"rendered":"Apple startet Reparaturprogramm f\u00fcr den Mac mini M2"},"content":{"rendered":"<p>Apple hat ein <a href=\"https:\/\/support.apple.com\/de-de\/mac-mini-2023-service-program-for-no-power-issue\">Reparaturprogramm f\u00fcr den Mac mini mit M2-Prozessor<\/a> gestartet. Wenn ihr ein solches Ger\u00e4t besitzt, solltet ihr anhand der Seriennummer pr\u00fcfen, ob der Computer f\u00fcr das kostenlose Austauschprogramm qualifiziert ist. Konkret geht es dabei um Probleme mit der Stromversorgung dieser Ger\u00e4te.<\/p>\n<p>Offenbar geht es dabei um einen Fehler, aufgrund dessen sich die betroffenen Ger\u00e4te pl\u00f6tzlich nicht mehr anschalten lassen. Entweder bleibt der Computer komplett tot, oder die LED an der Vorderseite blinkt, doch das Ger\u00e4t startet nicht mehr.<\/p>\n<p><a href=\"https:\/\/images.ifun.de\/wp-content\/uploads\/2023\/01\/macmini-m2-rueckseite.jpg\"><img loading=\"lazy\" decoding=\"async\" src=\"https:\/\/images.ifun.de\/wp-content\/uploads\/2023\/01\/macmini-m2-rueckseite.jpg\" alt=\"Macmini M2 Rueckseite\" width=\"1400\" height=\"343\" class=\"alignnone size-full wp-image-202364\" srcset=\"https:\/\/images.ifun.de\/wp-content\/uploads\/2023\/01\/macmini-m2-rueckseite.jpg 1400w, https:\/\/images.ifun.de\/wp-content\/uploads\/2023\/01\/macmini-m2-rueckseite-500x123.jpg 500w, https:\/\/images.ifun.de\/wp-content\/uploads\/2023\/01\/macmini-m2-rueckseite-700x172.jpg 700w, https:\/\/images.ifun.de\/wp-content\/uploads\/2023\/01\/macmini-m2-rueckseite-768x188.jpg 768w\" sizes=\"auto, (max-width: 1400px) 100vw, 1400px\" \/><\/a><\/p>\n<p>Apple zufolge sind ausschlie\u00dflich Modelle des Mac mini mit M2-Prozessor betroffen, die zwischen dem 16. Juni 2024 und dem 23. November 2024 hergestellt wurden. Ob das Ger\u00e4t tats\u00e4chlich f\u00fcr die Teilnahme am Austauschprogramm qualifiziert ist, kann mithilfe der Seriennummer \u00fcberpr\u00fcft werden. Ihr k\u00f6nnt euch die Seriennummer \u00fcber das Apple-Men\u00fc und dort mithilfe der Option \u201e\u00dcber diesen Mac\u201c anzeigen lassen und sie anschlie\u00dfend <a href=\"https:\/\/support.apple.com\/de-de\/mac-mini-2023-service-program-for-no-power-issue\">in dieses Abfrageformular<\/a> eingeben.<\/p>\n<h2>Vorbeugende Reparatur empfehlenswert<\/h2>\n<p>Besitzer eines Mac mini mit M2-Prozessor sollten auch dann, wenn sie bislang keine Probleme festgestellt haben, \u00fcberpr\u00fcfen, ob ihr Computer f\u00fcr das Reparaturprogramm qualifiziert ist. Auf diese Weise k\u00f6nnt ihr einem potenziellen Ausfall des Ger\u00e4ts vorbeugen und euch den damit verbundenen \u00c4rger ersparen. Beachtet auch, dass dieses Reparaturprogramm auf einen Zeitraum von drei Jahren nach dem ersten Verkauf befristet ist. Der Mac mini mit M2-Prozessor wurde im Januar 2023 vorgestellt und offiziell bis zur Einf\u00fchrung des bis heute aktuellen Mac mini M4 im November 2024 verkauft.<\/p>\n<p>Die Reparatur der qualifizierten Ger\u00e4te findet kostenlos entweder in einem der deutschen Apple-Ladengesch\u00e4fte oder bei einem autorisierten Service-Partner von Apple statt. Apple betont, dass nur ein sehr geringer Prozentsatz der mit einem M2-Prozessor ausgestatteten Mac-mini-Modelle von dem Fehler betroffen ist.<img loading=\"lazy\" decoding=\"async\" src=\"https:\/\/vg01.met.vgwort.de\/na\/b8ecb2142d494775a0853819b1dd89ee\" width=\"1\" height=\"1\" no-lazy class=\"tracking\"><\/p>\n","protected":false},"excerpt":{"rendered":"<a href=\"https:\/\/www.ifun.de\/apple-startet-reparaturprogramm-fuer-den-mac-mini-m2-256808\/\"><img width=\"150\" height=\"150\" src=\"https:\/\/images.ifun.de\/wp-content\/uploads\/2023\/01\/macmini-m2-rueckseite-150x150.jpg\" class=\"alignright tfe wp-post-image\" alt=\"Macmini M2 Rueckseite\" decoding=\"async\" loading=\"lazy\" \/><\/a><p>Apple hat ein Reparaturprogramm f\u00fcr den Mac mini mit M2-Prozessor gestartet. Wenn ihr ein solches Ger\u00e4t besitzt, solltet ihr anhand der Seriennummer pr\u00fcfen, ob der Computer f\u00fcr das kostenlose Austauschprogramm qualifiziert ist. Konkret geht es dabei um Probleme mit der Stromversorgung dieser Ger\u00e4te. Offenbar geht es dabei um einen Fehler, aufgrund dessen sich die betroffenen [&hellip;]<\/p>\n","protected":false},"author":2,"featured_media":202364,"comment_status":"open","ping_status":"closed","sticky":false,"template":"","format":"standard","meta":{"_acf_changed":false,"footnotes":""},"categories":[16],"tags":[4736,515,177],"class_list":["post-256808","post","type-post","status-publish","format-standard","has-post-thumbnail","hentry","category-mac","tag-apple","tag-mac-mini","tag-problem"],"acf":[],"aioseo_notices":[],"featured_image":["https:\/\/images.ifun.de\/wp-content\/uploads\/2023\/01\/mac-mini-2023-m2-feature.jpg"],"subheadline":["Problem mit der Stromversorgung"],"rest_api_enabler":{"featured_image":"https:\/\/images.ifun.de\/wp-content\/uploads\/2023\/01\/mac-mini-2023-m2-feature.jpg","subheadline":"Problem mit der Stromversorgung"},"_links":{"self":[{"href":"https:\/\/www.ifun.de\/apiv2\/wp\/v2\/posts\/256808","targetHints":{"allow":["GET"]}}],"collection":[{"href":"https:\/\/www.ifun.de\/apiv2\/wp\/v2\/posts"}],"about":[{"href":"https:\/\/www.ifun.de\/apiv2\/wp\/v2\/types\/post"}],"author":[{"embeddable":true,"href":"https:\/\/www.ifun.de\/apiv2\/wp\/v2\/users\/2"}],"replies":[{"embeddable":true,"href":"https:\/\/www.ifun.de\/apiv2\/wp\/v2\/comments?post=256808"}],"version-history":[{"count":3,"href":"https:\/\/www.ifun.de\/apiv2\/wp\/v2\/posts\/256808\/revisions"}],"predecessor-version":[{"id":256813,"href":"https:\/\/www.ifun.de\/apiv2\/wp\/v2\/posts\/256808\/revisions\/256813"}],"wp:featuredmedia":[{"embeddable":true,"href":"https:\/\/www.ifun.de\/apiv2\/wp\/v2\/media\/202364"}],"wp:attachment":[{"href":"https:\/\/www.ifun.de\/apiv2\/wp\/v2\/media?parent=256808"}],"wp:term":[{"taxonomy":"category","embeddable":true,"href":"https:\/\/www.ifun.de\/apiv2\/wp\/v2\/categories?post=256808"},{"taxonomy":"post_tag","embeddable":true,"href":"https:\/\/www.ifun.de\/apiv2\/wp\/v2\/tags?post=256808"}],"curies":[{"name":"wp","href":"https:\/\/api.w.org\/{rel}","templated":true}]}}