{"id":256628,"date":"2025-06-12T15:29:01","date_gmt":"2025-06-12T13:29:01","guid":{"rendered":"https:\/\/www.ifun.de\/?p=256628"},"modified":"2025-06-12T15:31:41","modified_gmt":"2025-06-12T13:31:41","slug":"fensterverwaltung-in-ipados-26-apple-erklaert-verspaetete-ipad-anpassung","status":"publish","type":"post","link":"https:\/\/www.ifun.de\/fensterverwaltung-in-ipados-26-apple-erklaert-verspaetete-ipad-anpassung-256628\/","title":{"rendered":"Fensterverwaltung in iPadOS 26: Apple erkl\u00e4rt versp\u00e4tete iPad-Anpassung"},"content":{"rendered":"<p class=\"ai-optimize-12 ai-optimize-introduction\">In einem Interview mit dem Technikportal <a href=\"https:\/\/arstechnica.com\/gadgets\/2025\/06\/apples-craig-federighi-on-the-long-road-to-the-ipads-mac-like-multitasking\/\">Ars Technica<\/a> hat sich Apples Softwarechef Craig Federighi zu den Hintergr\u00fcnden der neuen Multitasking-Oberfl\u00e4che in iPadOS 26 ge\u00e4u\u00dfert. Die Funktion wurde auf der WWDC-Entwicklerkonferenz pr\u00e4sentiert und erinnert in Aufbau und Handhabung deutlich an das Fensterkonzept von macOS.<\/p>\n<p><a href=\"https:\/\/images.ifun.de\/wp-content\/uploads\/2025\/06\/multitasking-fensterdarstellung-ipados26.png\"><img loading=\"lazy\" decoding=\"async\" class=\"aligncenter size-medium wp-image-256423\" src=\"https:\/\/images.ifun.de\/wp-content\/uploads\/2025\/06\/multitasking-fensterdarstellung-ipados26-500x367.png\" alt=\"Multitasking Fensterdarstellung Ipados26\" width=\"500\" height=\"367\" srcset=\"https:\/\/images.ifun.de\/wp-content\/uploads\/2025\/06\/multitasking-fensterdarstellung-ipados26-500x367.png 500w, https:\/\/images.ifun.de\/wp-content\/uploads\/2025\/06\/multitasking-fensterdarstellung-ipados26-700x514.png 700w, https:\/\/images.ifun.de\/wp-content\/uploads\/2025\/06\/multitasking-fensterdarstellung-ipados26-768x564.png 768w, https:\/\/images.ifun.de\/wp-content\/uploads\/2025\/06\/multitasking-fensterdarstellung-ipados26-1536x1128.png 1536w, https:\/\/images.ifun.de\/wp-content\/uploads\/2025\/06\/multitasking-fensterdarstellung-ipados26-2048x1504.png 2048w\" sizes=\"auto, (max-width: 500px) 100vw, 500px\" \/><\/a><\/p>\n<p class=\"ai-optimize-13\">Federighi r\u00e4umte ein, dass der Wunsch nach einer solchen Funktion unter Entwicklern und professionellen Nutzern schon lange existiert. Dass Apple dem erst jetzt nachkomme, habe nicht allein mit strategischen \u00dcberlegungen zu tun gehabt, sondern auch mit technischen Beschr\u00e4nkungen fr\u00fcherer Ger\u00e4tegenerationen. \u201eWenn man ganz zur\u00fcckgeht zu Split View und Slide Over in iOS 9, dann muss man sich klarmachen: Das iPad ist ein direkt zu bedienendes Ger\u00e4t. Wenn man etwas ber\u00fchrt und bewegt, muss es sofort reagieren\u201c, so Federighi. Fr\u00fcher sei es schlicht nicht m\u00f6glich gewesen, eine Vielzahl von Fenstern ohne Leistungseinbu\u00dfen darzustellen.<\/p>\n<p class=\"ai-optimize-19\"><a href=\"https:\/\/images.ifun.de\/wp-content\/uploads\/2025\/06\/app-als-fenster-ipados-26.png\"><img loading=\"lazy\" decoding=\"async\" class=\"aligncenter size-large wp-image-256425\" src=\"https:\/\/images.ifun.de\/wp-content\/uploads\/2025\/06\/app-als-fenster-ipados-26-700x514.png\" alt=\"App Als Fenster Ipados 26\" width=\"700\" height=\"514\" srcset=\"https:\/\/images.ifun.de\/wp-content\/uploads\/2025\/06\/app-als-fenster-ipados-26-700x514.png 700w, https:\/\/images.ifun.de\/wp-content\/uploads\/2025\/06\/app-als-fenster-ipados-26-500x367.png 500w, https:\/\/images.ifun.de\/wp-content\/uploads\/2025\/06\/app-als-fenster-ipados-26-768x563.png 768w, https:\/\/images.ifun.de\/wp-content\/uploads\/2025\/06\/app-als-fenster-ipados-26-1536x1127.png 1536w, https:\/\/images.ifun.de\/wp-content\/uploads\/2025\/06\/app-als-fenster-ipados-26-2048x1503.png 2048w\" sizes=\"auto, (max-width: 700px) 100vw, 700px\" \/><\/a><\/p>\n<h2 class=\"ai-optimize-14\">\u00c4ltere Ger\u00e4te bleiben eingeschr\u00e4nkt<\/h2>\n<p class=\"ai-optimize-15\">Auch die von der Community durchaus ambivalent aufgenommene Multitasking-Funktion &#8222;<a href=\"https:\/\/www.ifun.de\/stage-manager-gut-versteckt-und-nur-fuer-die-allerneuesten-ipads-188535\/\">Stage Manager<\/a>&#8222;, die 2022 eingef\u00fchrt wurde, kam im Gespr\u00e4ch mit dem Top-Manager zur Sprache. Stage Manager war initial nur auf ausgew\u00e4hlten iPads verf\u00fcgbar und wurde zum Start von Stabilit\u00e4tsproblemen begleitet. Apple habe sich damals bewusst f\u00fcr eine klare Mindestanforderung entschieden: acht gleichzeitig laufende Apps, verteilt auf internes und externes Display. \u201eWir wollten nicht sagen: Du bekommst Stage Manager, aber eben nur eine abgespeckte Version davon\u201c, sagte Federighi.<\/p>\n<p class=\"ai-optimize-21\"><a href=\"https:\/\/images.ifun.de\/wp-content\/uploads\/2025\/06\/fesnter-ipados-26-ifun.png\"><img loading=\"lazy\" decoding=\"async\" class=\"aligncenter size-large wp-image-256629\" src=\"https:\/\/images.ifun.de\/wp-content\/uploads\/2025\/06\/fesnter-ipados-26-ifun-700x517.png\" alt=\"Fesnter Ipados 26 Ifun\" width=\"700\" height=\"517\" srcset=\"https:\/\/images.ifun.de\/wp-content\/uploads\/2025\/06\/fesnter-ipados-26-ifun-700x517.png 700w, https:\/\/images.ifun.de\/wp-content\/uploads\/2025\/06\/fesnter-ipados-26-ifun-500x369.png 500w, https:\/\/images.ifun.de\/wp-content\/uploads\/2025\/06\/fesnter-ipados-26-ifun-768x567.png 768w, https:\/\/images.ifun.de\/wp-content\/uploads\/2025\/06\/fesnter-ipados-26-ifun-1536x1133.png 1536w, https:\/\/images.ifun.de\/wp-content\/uploads\/2025\/06\/fesnter-ipados-26-ifun.png 1732w\" sizes=\"auto, (max-width: 700px) 100vw, 700px\" \/><\/a><\/p>\n<p class=\"ai-optimize-16\">Mit iPadOS 26 verfolgt Apple nun einen anderen Ansatz. Die neue Fensterverwaltung wird von einer breiteren Ger\u00e4tebasis unterst\u00fctzt. Zwar gebe es weiterhin Unterschiede (etwa in der Anzahl aktiver Fenster), doch der Zugang zur Funktion sei nun nicht mehr auf teurere Modelle beschr\u00e4nkt. Im Hintergrund habe man daf\u00fcr unter anderem das Fenstersystem und die Verwaltung von Hintergrundprozessen neu strukturiert.<\/p>\n<h2 class=\"ai-optimize-17\">iPad bleibt eigenst\u00e4ndig<\/h2>\n<p class=\"ai-optimize-18\">Trotz der nun deutlich macOS-n\u00e4heren Bedienung betonte Federighi, dass Apple am eigenst\u00e4ndigen Charakter des iPads festhalte. Wo es sinnvoll sei, nutze man \u00e4hnliche Designans\u00e4tze \u2013 etwa bei den Fenster-Schaltfl\u00e4chen. \u201eAber dort, wo es keinen Sinn ergibt, bleibt das iPad eben das iPad\u201c, so Federighi.<\/p>\n<p><video poster=\"\" preload=\"auto\" autoplay=\"autoplay\" loop=\"loop\" muted=\"\" controls=\"controls\" width=\"100%\"><source src=\"https:\/\/www.apple.com\/newsroom\/videos\/2025\/autoplay\/06\/ipados-26-introduces-powerful-new-features-that-push-ipad-even-further\/apple-wwdc25-ipados-26-windowing-system\/large_2x.mp4\" \/><\/video><br \/>\n<img loading=\"lazy\" decoding=\"async\" class=\"tracking\" src=\"https:\/\/vg04.met.vgwort.de\/na\/8f90294e5cdf437b890dc9476c8348fb\" width=\"1\" height=\"1\" no-lazy><\/p>\n","protected":false},"excerpt":{"rendered":"<a href=\"https:\/\/www.ifun.de\/fensterverwaltung-in-ipados-26-apple-erklaert-verspaetete-ipad-anpassung-256628\/\"><img width=\"150\" height=\"150\" src=\"https:\/\/images.ifun.de\/wp-content\/uploads\/2025\/06\/fenster-ipados-26-feature-150x150.jpg\" class=\"alignright tfe wp-post-image\" alt=\"Fenster Ipados 26 Feature\" decoding=\"async\" loading=\"lazy\" \/><\/a><p>In einem Interview mit dem Technikportal Ars Technica hat sich Apples Softwarechef Craig Federighi zu den Hintergr\u00fcnden der neuen Multitasking-Oberfl\u00e4che in iPadOS 26 ge\u00e4u\u00dfert. Die Funktion wurde auf der WWDC-Entwicklerkonferenz pr\u00e4sentiert und erinnert in Aufbau und Handhabung deutlich an das Fensterkonzept von macOS. Federighi r\u00e4umte ein, dass der Wunsch nach einer solchen Funktion unter Entwicklern [&hellip;]<\/p>\n","protected":false},"author":1,"featured_media":256630,"comment_status":"open","ping_status":"closed","sticky":false,"template":"","format":"standard","meta":{"_acf_changed":false,"footnotes":""},"categories":[1],"tags":[3266,4740,6839,353],"class_list":["post-256628","post","type-post","status-publish","format-standard","has-post-thumbnail","hentry","category-news","tag-fenstermanager","tag-ipad","tag-ipados-26","tag-wwdc"],"acf":[],"aioseo_notices":[],"featured_image":["https:\/\/images.ifun.de\/wp-content\/uploads\/2025\/06\/fenster-ipados-26-feature.jpg"],"subheadline":["Sp\u00e4te Antwort auf langj\u00e4hrige Nutzerw\u00fcnsche"],"rest_api_enabler":{"featured_image":"https:\/\/images.ifun.de\/wp-content\/uploads\/2025\/06\/fenster-ipados-26-feature.jpg","subheadline":"Sp\u00e4te Antwort auf langj\u00e4hrige Nutzerw\u00fcnsche"},"_links":{"self":[{"href":"https:\/\/www.ifun.de\/apiv2\/wp\/v2\/posts\/256628","targetHints":{"allow":["GET"]}}],"collection":[{"href":"https:\/\/www.ifun.de\/apiv2\/wp\/v2\/posts"}],"about":[{"href":"https:\/\/www.ifun.de\/apiv2\/wp\/v2\/types\/post"}],"author":[{"embeddable":true,"href":"https:\/\/www.ifun.de\/apiv2\/wp\/v2\/users\/1"}],"replies":[{"embeddable":true,"href":"https:\/\/www.ifun.de\/apiv2\/wp\/v2\/comments?post=256628"}],"version-history":[{"count":3,"href":"https:\/\/www.ifun.de\/apiv2\/wp\/v2\/posts\/256628\/revisions"}],"predecessor-version":[{"id":256636,"href":"https:\/\/www.ifun.de\/apiv2\/wp\/v2\/posts\/256628\/revisions\/256636"}],"wp:featuredmedia":[{"embeddable":true,"href":"https:\/\/www.ifun.de\/apiv2\/wp\/v2\/media\/256630"}],"wp:attachment":[{"href":"https:\/\/www.ifun.de\/apiv2\/wp\/v2\/media?parent=256628"}],"wp:term":[{"taxonomy":"category","embeddable":true,"href":"https:\/\/www.ifun.de\/apiv2\/wp\/v2\/categories?post=256628"},{"taxonomy":"post_tag","embeddable":true,"href":"https:\/\/www.ifun.de\/apiv2\/wp\/v2\/tags?post=256628"}],"curies":[{"name":"wp","href":"https:\/\/api.w.org\/{rel}","templated":true}]}}