{"id":256330,"date":"2025-06-09T20:20:00","date_gmt":"2025-06-09T18:20:00","guid":{"rendered":"https:\/\/www.ifun.de\/?p=256330"},"modified":"2025-06-09T20:45:12","modified_gmt":"2025-06-09T18:45:12","slug":"visionos-26-erweiterte-darstellung-von-apps-und-inhalten-im-raum","status":"publish","type":"post","link":"https:\/\/www.ifun.de\/visionos-26-erweiterte-darstellung-von-apps-und-inhalten-im-raum-256330\/","title":{"rendered":"visionOS 26: Erweiterte Darstellung von Apps und Inhalten im Raum"},"content":{"rendered":"<p class=\"ai-optimize-6 ai-optimize-introduction\">Mittlerweile ist es schon zwei Jahre her, seit Apple an gleicher Stelle und an gleichem Ort die Datenbrille <a href=\"https:\/\/www.apple.com\/visionos\/visionos-2\/\">Vision Pro<\/a> angek\u00fcndigt hat. Seit vergangenem Sommer ist die Apple Vision Pro auch in Deutschland erh\u00e4ltlich. Ernstzunehmende Verbreitung findet die mit 4.000 Euro f\u00fcr gew\u00f6hnliche Apple-Kunden wohl auch deutlich zu teure Mixed-Reality-Brille.<\/p>\n<p class=\"ai-optimize-7\"><a href=\"https:\/\/images.ifun.de\/wp-content\/uploads\/2025\/06\/visionos-spacial-scenes.jpg\"><img loading=\"lazy\" decoding=\"async\" class=\"aligncenter size-medium wp-image-256350\" src=\"https:\/\/images.ifun.de\/wp-content\/uploads\/2025\/06\/visionos-spacial-scenes-500x279.jpg\" alt=\"Visionos Spacial Scenes\" width=\"500\" height=\"279\" srcset=\"https:\/\/images.ifun.de\/wp-content\/uploads\/2025\/06\/visionos-spacial-scenes-500x279.jpg 500w, https:\/\/images.ifun.de\/wp-content\/uploads\/2025\/06\/visionos-spacial-scenes-700x391.jpg 700w, https:\/\/images.ifun.de\/wp-content\/uploads\/2025\/06\/visionos-spacial-scenes-768x429.jpg 768w, https:\/\/images.ifun.de\/wp-content\/uploads\/2025\/06\/visionos-spacial-scenes.jpg 1400w\" sizes=\"auto, (max-width: 500px) 100vw, 500px\" \/><\/a><\/p>\n<p class=\"ai-optimize-8\">Dennoch bem\u00fcht sich Apple redlich, das zugrundeliegende Betriebssystem visionOS stetig zu verbessern. Dies geschieht wohl nicht zuletzt auch in Vorbereitung auf eine kommende Generation der Vision Pro, die dann hoffentlich nicht nur g\u00fcnstiger, sondern auch komfortabler zu tragen ist.<\/p>\n<h2 class=\"ai-optimize-22\">R\u00e4umliche Widgets kommen<\/h2>\n<p class=\"p1 ai-optimize-16\">So hat Apple auf der Entwicklerkonferenz WWDC eine umfassende Aktualisierung f\u00fcr sein r\u00e4umliches Betriebssystem vorgestellt. <a href=\"https:\/\/www.apple.com\/os\/visionos\/\">visionOS 26<\/a> erweitert die M\u00f6glichkeiten des Headsets Vision Pro um zahlreiche Funktionen, die auf den Einsatz sowohl im privaten als auch im beruflichen Umfeld zielen. Eine zentrale Neuerung ist die Einf\u00fchrung r\u00e4umlicher Widgets.<\/p>\n<p class=\"ai-optimize-21\"><a href=\"https:\/\/images.ifun.de\/wp-content\/uploads\/2025\/06\/visoinos-widget.jpg\"><img loading=\"lazy\" decoding=\"async\" class=\"aligncenter size-large wp-image-256353\" src=\"https:\/\/images.ifun.de\/wp-content\/uploads\/2025\/06\/visoinos-widget-700x465.jpg\" alt=\"Visoinos Widget\" width=\"700\" height=\"465\" srcset=\"https:\/\/images.ifun.de\/wp-content\/uploads\/2025\/06\/visoinos-widget-700x465.jpg 700w, https:\/\/images.ifun.de\/wp-content\/uploads\/2025\/06\/visoinos-widget-500x332.jpg 500w, https:\/\/images.ifun.de\/wp-content\/uploads\/2025\/06\/visoinos-widget-768x510.jpg 768w, https:\/\/images.ifun.de\/wp-content\/uploads\/2025\/06\/visoinos-widget-1536x1020.jpg 1536w, https:\/\/images.ifun.de\/wp-content\/uploads\/2025\/06\/visoinos-widget.jpg 1856w\" sizes=\"auto, (max-width: 700px) 100vw, 700px\" \/><\/a><\/p>\n<p class=\"p1 ai-optimize-16\">Diese lassen sich im Raum platzieren, bleiben an ihrem Ort erhalten und sind individuell anpassbar \u2013 etwa hinsichtlich Gr\u00f6\u00dfe, Farbe und Tiefe. Neben Uhrzeit, Wetter, Musik oder Fotos lassen sich auch Inhalte von Drittanbieter-Apps einbinden. Auch die Anordnung der Anwendungen im Raum wird k\u00fcnftig gespeichert und beim erneuten Start automatisch wiederhergestellt.<\/p>\n<p class=\"p1 ai-optimize-17\">Zudem erlaubt visionOS 26 die Darstellung sogenannter \u201espatial scenes\u201c. Dabei wird aus einem zweidimensionalen Foto mithilfe k\u00fcnstlicher Intelligenz eine Tiefenstruktur berechnet, die eine plastischere Darstellung erlaubt. Das neue Feature ist sowohl in der Fotos-App als auch in der neuen \u201eSpatial Gallery\u201c verf\u00fcgbar. Webseiten k\u00f6nnen in einem angepassten Darstellungsmodus r\u00e4umliche Objekte und animierte Bilder direkt in die Umgebung einbetten, w\u00e4hrend unterst\u00fctzte Spiele k\u00fcnftig auch mit Controllern wie dem PlayStation VR 2 Sense Controller gespielt werden k\u00f6nnen.<\/p>\n<p class=\"ai-optimize-23\"><a href=\"https:\/\/images.ifun.de\/wp-content\/uploads\/2025\/06\/visionos-spacial.jpg\"><img loading=\"lazy\" decoding=\"async\" class=\"aligncenter size-large wp-image-256352\" src=\"https:\/\/images.ifun.de\/wp-content\/uploads\/2025\/06\/visionos-spacial-700x430.jpg\" alt=\"Visionos Spacial\" width=\"700\" height=\"430\" srcset=\"https:\/\/images.ifun.de\/wp-content\/uploads\/2025\/06\/visionos-spacial-700x430.jpg 700w, https:\/\/images.ifun.de\/wp-content\/uploads\/2025\/06\/visionos-spacial-500x307.jpg 500w, https:\/\/images.ifun.de\/wp-content\/uploads\/2025\/06\/visionos-spacial-768x472.jpg 768w, https:\/\/images.ifun.de\/wp-content\/uploads\/2025\/06\/visionos-spacial-1536x944.jpg 1536w, https:\/\/images.ifun.de\/wp-content\/uploads\/2025\/06\/visionos-spacial-2048x1259.jpg 2048w\" sizes=\"auto, (max-width: 700px) 100vw, 700px\" \/><\/a><\/p>\n<h2 class=\"p3 ai-optimize-18\">Neue Zubeh\u00f6r-Unterst\u00fctzung<b><\/b><\/h2>\n<p class=\"p1 ai-optimize-19\">F\u00fcr den Einsatz in Firmen erweitert Apple die M\u00f6glichkeiten zur gemeinsamen Nutzung von Vision-Pro-Ger\u00e4ten. Einstellungen wie Sehprofil oder Handerkennung k\u00f6nnen auf dem iPhone gespeichert und bei Bedarf auf ein geteiltes Ger\u00e4t \u00fcbertragen werden. Eine neue Programmierschnittstelle erlaubt zudem, sensible Inhalte wie Gesch\u00e4ftsdaten oder Patientenakten nur bestimmten Nutzern zug\u00e4nglich zu machen.<\/p>\n<p class=\"ai-optimize-24\"><a href=\"https:\/\/images.ifun.de\/wp-content\/uploads\/2025\/06\/visionos-persona.jpg\"><img loading=\"lazy\" decoding=\"async\" class=\"aligncenter size-large wp-image-256351\" src=\"https:\/\/images.ifun.de\/wp-content\/uploads\/2025\/06\/visionos-persona-700x417.jpg\" alt=\"Visionos Persona\" width=\"700\" height=\"417\" srcset=\"https:\/\/images.ifun.de\/wp-content\/uploads\/2025\/06\/visionos-persona-700x417.jpg 700w, https:\/\/images.ifun.de\/wp-content\/uploads\/2025\/06\/visionos-persona-500x298.jpg 500w, https:\/\/images.ifun.de\/wp-content\/uploads\/2025\/06\/visionos-persona-768x457.jpg 768w, https:\/\/images.ifun.de\/wp-content\/uploads\/2025\/06\/visionos-persona-1536x915.jpg 1536w, https:\/\/images.ifun.de\/wp-content\/uploads\/2025\/06\/visionos-persona-2048x1219.jpg 2048w\" sizes=\"auto, (max-width: 700px) 100vw, 700px\" \/><\/a><\/p>\n<p class=\"p1 ai-optimize-20\">Auch bei der Steuerung gibt es Fortschritte: Neue Eingabeger\u00e4te wie der \u201eLogitech Muse\u201c unterst\u00fctzen r\u00e4umliche Interaktionen in sechs Bewegungsachsen und erm\u00f6glichen pr\u00e4zise Zeichnungen und 3D-Kollaboration.<\/p>\n<p class=\"ai-optimize-6\"><a href=\"https:\/\/images.ifun.de\/wp-content\/uploads\/2025\/06\/visionos-26-controller.jpg\"><img loading=\"lazy\" decoding=\"async\" class=\"aligncenter size-large wp-image-256360\" src=\"https:\/\/images.ifun.de\/wp-content\/uploads\/2025\/06\/visionos-26-controller-700x407.jpg\" alt=\"Visionos 26 Controller\" width=\"700\" height=\"407\" srcset=\"https:\/\/images.ifun.de\/wp-content\/uploads\/2025\/06\/visionos-26-controller-700x407.jpg 700w, https:\/\/images.ifun.de\/wp-content\/uploads\/2025\/06\/visionos-26-controller-500x290.jpg 500w, https:\/\/images.ifun.de\/wp-content\/uploads\/2025\/06\/visionos-26-controller-768x446.jpg 768w, https:\/\/images.ifun.de\/wp-content\/uploads\/2025\/06\/visionos-26-controller.jpg 1400w\" sizes=\"auto, (max-width: 700px) 100vw, 700px\" \/><\/a><br \/>\nIm kreativen Bereich bringt Adobe eine neue Version von Premiere auf visionOS, die direktes Bearbeiten von r\u00e4umlichen Videos im Headset erm\u00f6glicht. Videoformate wie 180- und 360-Grad-Aufnahmen werden jetzt nativ unterst\u00fctzt \u2013 unter anderem durch Kooperationen mit GoPro, Insta360 und Canon.<\/p>\n<p class=\"ai-optimize-7\"><a href=\"https:\/\/images.ifun.de\/wp-content\/uploads\/2025\/06\/visionos-bento.jpg\"><img loading=\"lazy\" decoding=\"async\" class=\"aligncenter size-large wp-image-256359\" src=\"https:\/\/images.ifun.de\/wp-content\/uploads\/2025\/06\/visionos-bento-700x390.jpg\" alt=\"Visionos Bento\" width=\"700\" height=\"390\" srcset=\"https:\/\/images.ifun.de\/wp-content\/uploads\/2025\/06\/visionos-bento-700x390.jpg 700w, https:\/\/images.ifun.de\/wp-content\/uploads\/2025\/06\/visionos-bento-500x279.jpg 500w, https:\/\/images.ifun.de\/wp-content\/uploads\/2025\/06\/visionos-bento-768x428.jpg 768w, https:\/\/images.ifun.de\/wp-content\/uploads\/2025\/06\/visionos-bento.jpg 1400w\" sizes=\"auto, (max-width: 700px) 100vw, 700px\" \/><\/a><\/p>\n<p><img loading=\"lazy\" decoding=\"async\" class=\"tracking\" src=\"https:\/\/vg07.met.vgwort.de\/na\/c2ca64c6fc38474396a52827c9ffeb51\" width=\"1\" height=\"1\" \/><\/p>\n","protected":false},"excerpt":{"rendered":"<a href=\"https:\/\/www.ifun.de\/visionos-26-erweiterte-darstellung-von-apps-und-inhalten-im-raum-256330\/\"><img width=\"150\" height=\"150\" src=\"https:\/\/images.ifun.de\/wp-content\/uploads\/2025\/06\/visoinos-widget-150x150.jpg\" class=\"alignright tfe wp-post-image\" alt=\"Visoinos Widget\" decoding=\"async\" loading=\"lazy\" \/><\/a><p>Mittlerweile ist es schon zwei Jahre her, seit Apple an gleicher Stelle und an gleichem Ort die Datenbrille Vision Pro angek\u00fcndigt hat. Seit vergangenem Sommer ist die Apple Vision Pro auch in Deutschland erh\u00e4ltlich. Ernstzunehmende Verbreitung findet die mit 4.000 Euro f\u00fcr gew\u00f6hnliche Apple-Kunden wohl auch deutlich zu teure Mixed-Reality-Brille. Dennoch bem\u00fcht sich Apple redlich, [&hellip;]<\/p>\n","protected":false},"author":2,"featured_media":256353,"comment_status":"open","ping_status":"closed","sticky":false,"template":"","format":"standard","meta":{"_acf_changed":false,"footnotes":""},"categories":[1],"tags":[6169,6170,353],"class_list":["post-256330","post","type-post","status-publish","format-standard","has-post-thumbnail","hentry","category-news","tag-apple-vision-pro","tag-visionos","tag-wwdc"],"acf":[],"aioseo_notices":[],"featured_image":["https:\/\/images.ifun.de\/wp-content\/uploads\/2025\/04\/apple-vision-pro-feature.jpg"],"subheadline":["Solide Systempflege"],"rest_api_enabler":{"featured_image":"https:\/\/images.ifun.de\/wp-content\/uploads\/2025\/04\/apple-vision-pro-feature.jpg","subheadline":"Solide Systempflege"},"_links":{"self":[{"href":"https:\/\/www.ifun.de\/apiv2\/wp\/v2\/posts\/256330","targetHints":{"allow":["GET"]}}],"collection":[{"href":"https:\/\/www.ifun.de\/apiv2\/wp\/v2\/posts"}],"about":[{"href":"https:\/\/www.ifun.de\/apiv2\/wp\/v2\/types\/post"}],"author":[{"embeddable":true,"href":"https:\/\/www.ifun.de\/apiv2\/wp\/v2\/users\/2"}],"replies":[{"embeddable":true,"href":"https:\/\/www.ifun.de\/apiv2\/wp\/v2\/comments?post=256330"}],"version-history":[{"count":8,"href":"https:\/\/www.ifun.de\/apiv2\/wp\/v2\/posts\/256330\/revisions"}],"predecessor-version":[{"id":256386,"href":"https:\/\/www.ifun.de\/apiv2\/wp\/v2\/posts\/256330\/revisions\/256386"}],"wp:featuredmedia":[{"embeddable":true,"href":"https:\/\/www.ifun.de\/apiv2\/wp\/v2\/media\/256353"}],"wp:attachment":[{"href":"https:\/\/www.ifun.de\/apiv2\/wp\/v2\/media?parent=256330"}],"wp:term":[{"taxonomy":"category","embeddable":true,"href":"https:\/\/www.ifun.de\/apiv2\/wp\/v2\/categories?post=256330"},{"taxonomy":"post_tag","embeddable":true,"href":"https:\/\/www.ifun.de\/apiv2\/wp\/v2\/tags?post=256330"}],"curies":[{"name":"wp","href":"https:\/\/api.w.org\/{rel}","templated":true}]}}