{"id":25633,"date":"2012-06-01T08:54:42","date_gmt":"2012-06-01T06:54:42","guid":{"rendered":"http:\/\/www.ifun.de\/?p=25633"},"modified":"2012-06-04T11:02:31","modified_gmt":"2012-06-04T09:02:31","slug":"kamera-statt-tv-gerat-apple-arbeitet-moglicherweise-an-einer-kompakten-und-benutzerfreundlichen-fotovideo-kamera","status":"publish","type":"post","link":"https:\/\/www.ifun.de\/kamera-statt-tv-gerat-apple-arbeitet-moglicherweise-an-einer-kompakten-und-benutzerfreundlichen-fotovideo-kamera-25633\/","title":{"rendered":"Kamera statt TV-Ger\u00e4t? Apple arbeitet m\u00f6glicherweise an einer kompakten und benutzerfreundlichen Foto\/Video-Kamera"},"content":{"rendered":"<p>Eine Kamera soll einfach zu bedienen sein, schnell reagieren und am besten perfekte Bilder mehr oder weniger alleine machen. Bislang tun sich die Kamerahersteller allerdings ausgesprochen schwer mit diesen Vorgaben. K\u00f6nnte es Apple gelingen, auch diesen Markt zu revolutionieren?<\/p>\n<p>Unsere US-Kollegen von der iLounge werfen diesbez\u00fcglich ein paar <a href=\"http:\/\/www.ilounge.com\/index.php\/backstage\/\">interessante Fakten<\/a> in die Runde: W\u00e4hrend alle Welt mit Spekulationen um ein TV-Ger\u00e4t aus Apple-Produktion wetteifert, k\u00f6nnte der Hersteller still und heimlich an einer eigenst\u00e4ndigen Kameral\u00f6sung arbeiten. Steve Jobs hatte in der Vergangenheit durchaus Interesse f\u00fcr die entsprechenden Techniken gezeigt und der umsatzstarke Foto\/Video-Markt scheint wie geschaffen f\u00fcr eine Apple-Intervention.<\/p>\n<p><img loading=\"lazy\" decoding=\"async\" src=\"http:\/\/images.ifun.de\/wp-content\/uploads\/2012\/06\/kamera.jpg\" alt=\"\" title=\"kamera\" width=\"464\" height=\"280\" class=\"alignnone size-full wp-image-25634\" srcset=\"https:\/\/images.ifun.de\/wp-content\/uploads\/2012\/06\/kamera.jpg 464w, https:\/\/images.ifun.de\/wp-content\/uploads\/2012\/06\/kamera-300x181.jpg 300w\" sizes=\"auto, (max-width: 464px) 100vw, 464px\" \/><br \/>\n<em>(Das Foto dient nur zu Illustrationszwecken und stammt aus einer \u00e4lteren <a href=\"http:\/\/www.adr-studio.it\/site\/?page_id=14&#038;album=1&#038;gallery=44\">Designstudie von ADR<\/a>)<\/em><\/p>\n<p>Momentan gibt es allerdings nicht allzu viele Fakten sondern in erster Linie Ger\u00fcchte und Spekulationen, diese wir wenn sie von der iLounge kommen jedoch wie immer sehr ernst nehmen:<\/p>\n<p><!--more--><\/p>\n<ul>\n<li>Wie wir es von anderen Apple-Produkten her bereits kennen, soll die L\u00f6sung Hand und Fu\u00df haben, hochwertig und auch f\u00fcr Anwender mit wenig Grundkenntnissen schnell bedienbar sein.<\/li>\n<li>Eine Kamera w\u00fcrde sich deutlich besser ins Apple-Produktportoflio und auch die bestehende Logistik einf\u00fcgen, als ein unhandliches, teures TV-Ger\u00e4t.<\/li>\n<li>Die Kamera k\u00f6nnte mit entsprechender Technik ausgestattet sein, um diverse iCloud-Funktionen zu nutzen &#8211; beispielsweise die Integration von Wi-Fi und automatische Fotostream-Uploads.<\/li>\n<\/ul>\n<p>Zwei interessante Fakten scheinen durchaus f\u00fcr diese Theorie zu sprechen. So hat Steve Jobs selbst den Fotografiebereich in <a href=\"http:\/\/bits.blogs.nytimes.com\/2011\/11\/18\/one-on-one-walter-isaacson-biographer-of-steve-jobs\">Interviews<\/a> mehrfach als interessanten Markt dargestellt, auf dem man noch einiges bewegen k\u00f6nnte. Zudem hat er sich vor seinem Tod auch aktiv f\u00fcr neue Techniken in diesem Bereich interessiert, beispielsweise das Thema <a href=\"http:\/\/www.iphone-ticker.de\/lytro-macher-der-lichtfeld-kamera-zu-besuch-im-apple-hauptquartier-video-29984\/\">Lichtfeld-Kameras<\/a>.<\/p>\n<p>Dar\u00fcber hinaus ist bemerkenswert, dass Apple erst k\u00fcrzlich den lange Jahre f\u00fcr die in Macs integrierten Kameras verwendeten Namen &#8222;iSight&#8220; durch &#8222;Facetime-Kamera&#8220; ersetzt hat &#8211; somit h\u00e4tte man die entsprechende Produktbezeichnung bereit im Portfolio, gleichzeitig hat Apple sich diesen Markennamen unter anderem f\u00fcr den Bereich &#8222;Cameras; still and video cameras incorporated in computers and handheld mobile digital electronic devices&#8220; neu sch\u00fctzen lassen.<\/p>\n<p>Nat\u00fcrlich klingt dies alles immer noch sehr vage, aber als interessante Basis f\u00fcr Spekulationen sollte diese Ansammlung von Thesen und Fakten auf jeden Fall dienen.<img loading=\"lazy\" decoding=\"async\" src=\"http:\/\/vg02.met.vgwort.de\/na\/d8b5aee208d44b7084a6d47d8a4c7ed2\" width=\"1\" height=\"1\" alt=\"\"><\/p>\n","protected":false},"excerpt":{"rendered":"<a href=\"https:\/\/www.ifun.de\/kamera-statt-tv-gerat-apple-arbeitet-moglicherweise-an-einer-kompakten-und-benutzerfreundlichen-fotovideo-kamera-25633\/\"><img width=\"150\" height=\"97\" src=\"https:\/\/images.ifun.de\/wp-content\/uploads\/2012\/06\/kamera1.png\" class=\"alignright tfe wp-post-image\" alt=\"\" decoding=\"async\" loading=\"lazy\" \/><\/a><p>Apple arbeitet m\u00f6glicherweise an einer kompakten Kamera f\u00fcr Film- und Videoaufnahmen<\/p>\n","protected":false},"author":2,"featured_media":25697,"comment_status":"open","ping_status":"closed","sticky":false,"template":"","format":"standard","meta":{"_acf_changed":false,"footnotes":""},"categories":[7,18],"tags":[4736,100,3910,1228,50,31],"class_list":["post-25633","post","type-post","status-publish","format-standard","has-post-thumbnail","hentry","category-featured","category-rumors","tag-apple","tag-foto","tag-geruechte","tag-isight","tag-kamera","tag-video"],"acf":[],"aioseo_notices":[],"featured_image":["http:\/\/images.ifun.de\/wp-content\/uploads\/2012\/06\/kamera1.png"],"rest_api_enabler":{"featured_image":"http:\/\/images.ifun.de\/wp-content\/uploads\/2012\/06\/kamera1.png"},"_links":{"self":[{"href":"https:\/\/www.ifun.de\/apiv2\/wp\/v2\/posts\/25633","targetHints":{"allow":["GET"]}}],"collection":[{"href":"https:\/\/www.ifun.de\/apiv2\/wp\/v2\/posts"}],"about":[{"href":"https:\/\/www.ifun.de\/apiv2\/wp\/v2\/types\/post"}],"author":[{"embeddable":true,"href":"https:\/\/www.ifun.de\/apiv2\/wp\/v2\/users\/2"}],"replies":[{"embeddable":true,"href":"https:\/\/www.ifun.de\/apiv2\/wp\/v2\/comments?post=25633"}],"version-history":[{"count":8,"href":"https:\/\/www.ifun.de\/apiv2\/wp\/v2\/posts\/25633\/revisions"}],"predecessor-version":[{"id":25698,"href":"https:\/\/www.ifun.de\/apiv2\/wp\/v2\/posts\/25633\/revisions\/25698"}],"wp:featuredmedia":[{"embeddable":true,"href":"https:\/\/www.ifun.de\/apiv2\/wp\/v2\/media\/25697"}],"wp:attachment":[{"href":"https:\/\/www.ifun.de\/apiv2\/wp\/v2\/media?parent=25633"}],"wp:term":[{"taxonomy":"category","embeddable":true,"href":"https:\/\/www.ifun.de\/apiv2\/wp\/v2\/categories?post=25633"},{"taxonomy":"post_tag","embeddable":true,"href":"https:\/\/www.ifun.de\/apiv2\/wp\/v2\/tags?post=25633"}],"curies":[{"name":"wp","href":"https:\/\/api.w.org\/{rel}","templated":true}]}}