{"id":25570,"date":"2012-05-30T16:07:59","date_gmt":"2012-05-30T14:07:59","guid":{"rendered":"http:\/\/www.ifun.de\/?p=25570"},"modified":"2012-06-10T20:18:41","modified_gmt":"2012-06-10T18:18:41","slug":"apple-tv-funktionen-ios-fernseher-hdtv","status":"publish","type":"post","link":"https:\/\/www.ifun.de\/apple-tv-funktionen-ios-fernseher-hdtv-25570\/","title":{"rendered":"Neues Betriebssystem f\u00fcr Apple TV soll deutlich erweiterten Funktionsumfang bieten &#8211; Pr\u00e4sentation angeblich zur WWDC"},"content":{"rendered":"<p>M\u00f6glicherweise bringt uns die \u00fcbern\u00e4chste Woche bereits konkrete Infos zu den Apple-Pl\u00e4nen im TV-Bereich. Wie die US-Webseite <a href=\"http:\/\/www.bgr.com\/2012\/05\/30\/apple-itv-os-demo-wwdc\/\">BGR<\/a> aus vertrauensw\u00fcrdigen Quellen erfahren hat, soll auf der dann in San Francisco stattfindenden Entwicklerkonferenz WWDC eine brandneue Version des Apple-TV-Betriebssystems vorgestellt werden.<\/p>\n<p><img loading=\"lazy\" decoding=\"async\" src=\"http:\/\/images.ifun.de\/wp-content\/uploads\/2012\/05\/appletv.jpg\" alt=\"\" title=\"appletv\" width=\"464\" height=\"292\" class=\"alignnone size-full wp-image-25571\" srcset=\"https:\/\/images.ifun.de\/wp-content\/uploads\/2012\/05\/appletv.jpg 464w, https:\/\/images.ifun.de\/wp-content\/uploads\/2012\/05\/appletv-300x188.jpg 300w\" sizes=\"auto, (max-width: 464px) 100vw, 464px\" \/><\/p>\n<p>Die neue Version soll dann deutlich mehr Funktionalit\u00e4t bieten und eine offene Schnittstelle f\u00fcr Entwickler von Zubeh\u00f6r mitbringen. Dar\u00fcber lie\u00dfen sich dann Produkte von Drittanbietern nahtlos in die Apple-Umgebung einbinden, beispielsweise angeschlossene Hardware direkt \u00fcber die Apple-Oberfl\u00e4che steuern.<\/p>\n<p>Die gro\u00dfe Frage bleibt weiterhin, ob Apple in diesem Zusammenhang auch ein eigenes TV-Ger\u00e4t auf den Markt bringt. Die Ger\u00fcchte um ein solches Ger\u00e4t, auf dem dann ebenfalls die Apple-TV-Software laufen w\u00fcrde, rei\u00dfen nicht ab. Uns erscheint die Vorstellung, dass Apple mit einem vollwertigen TV-Ger\u00e4t auf den Markt kommt allerdings weiterhin sehr mutig &#8211; sollte das Update die Funktionalit\u00e4t von Apples kleiner Set-Top-Box tats\u00e4chlich derart erweitern, w\u00e4re diese sicherlich der schnellere Wegbereiter in die Wohnzimmer als ein sich nicht g\u00fcnstiges, vollwertiges TV-Ger\u00e4t mit Apple-Logo.<\/p>\n","protected":false},"excerpt":{"rendered":"<a href=\"https:\/\/www.ifun.de\/apple-tv-funktionen-ios-fernseher-hdtv-25570\/\"><img width=\"150\" height=\"94\" src=\"https:\/\/images.ifun.de\/wp-content\/uploads\/2012\/05\/appletv.jpg\" class=\"alignright tfe wp-post-image\" alt=\"\" decoding=\"async\" loading=\"lazy\" srcset=\"https:\/\/images.ifun.de\/wp-content\/uploads\/2012\/05\/appletv.jpg 464w, https:\/\/images.ifun.de\/wp-content\/uploads\/2012\/05\/appletv-300x188.jpg 300w\" sizes=\"auto, (max-width: 150px) 100vw, 150px\" \/><\/a><p>M\u00f6glicherweise bringt uns die \u00fcbern\u00e4chste Woche bereits konkrete Infos zu den Apple-Pl\u00e4nen im TV-Bereich. Wie die US-Webseite BGR aus vertrauensw\u00fcrdigen Quellen erfahren hat, soll auf der dann in San Francisco stattfindenden Entwicklerkonferenz WWDC eine brandneue Version des Apple-TV-Betriebssystems vorgestellt werden. Die neue Version soll dann deutlich mehr Funktionalit\u00e4t bieten und eine offene Schnittstelle f\u00fcr Entwickler [&hellip;]<\/p>\n","protected":false},"author":2,"featured_media":25571,"comment_status":"open","ping_status":"closed","sticky":false,"template":"","format":"standard","meta":{"_acf_changed":false,"footnotes":""},"categories":[4],"tags":[4736,26,621,4739,59,353],"class_list":["post-25570","post","type-post","status-publish","format-standard","has-post-thumbnail","hentry","category-appletv","tag-apple","tag-apple-tv","tag-fernseher","tag-ios","tag-tv","tag-wwdc"],"acf":[],"aioseo_notices":[],"rest_api_enabler":[],"_links":{"self":[{"href":"https:\/\/www.ifun.de\/apiv2\/wp\/v2\/posts\/25570","targetHints":{"allow":["GET"]}}],"collection":[{"href":"https:\/\/www.ifun.de\/apiv2\/wp\/v2\/posts"}],"about":[{"href":"https:\/\/www.ifun.de\/apiv2\/wp\/v2\/types\/post"}],"author":[{"embeddable":true,"href":"https:\/\/www.ifun.de\/apiv2\/wp\/v2\/users\/2"}],"replies":[{"embeddable":true,"href":"https:\/\/www.ifun.de\/apiv2\/wp\/v2\/comments?post=25570"}],"version-history":[{"count":4,"href":"https:\/\/www.ifun.de\/apiv2\/wp\/v2\/posts\/25570\/revisions"}],"predecessor-version":[{"id":25574,"href":"https:\/\/www.ifun.de\/apiv2\/wp\/v2\/posts\/25570\/revisions\/25574"}],"wp:featuredmedia":[{"embeddable":true,"href":"https:\/\/www.ifun.de\/apiv2\/wp\/v2\/media\/25571"}],"wp:attachment":[{"href":"https:\/\/www.ifun.de\/apiv2\/wp\/v2\/media?parent=25570"}],"wp:term":[{"taxonomy":"category","embeddable":true,"href":"https:\/\/www.ifun.de\/apiv2\/wp\/v2\/categories?post=25570"},{"taxonomy":"post_tag","embeddable":true,"href":"https:\/\/www.ifun.de\/apiv2\/wp\/v2\/tags?post=25570"}],"curies":[{"name":"wp","href":"https:\/\/api.w.org\/{rel}","templated":true}]}}