{"id":255434,"date":"2025-05-28T13:41:18","date_gmt":"2025-05-28T11:41:18","guid":{"rendered":"https:\/\/www.ifun.de\/?p=255434"},"modified":"2025-05-28T13:41:18","modified_gmt":"2025-05-28T11:41:18","slug":"jetzt-auch-ipads-apple-erweitert-selbstreparaturangebot","status":"publish","type":"post","link":"https:\/\/www.ifun.de\/jetzt-auch-ipads-apple-erweitert-selbstreparaturangebot-255434\/","title":{"rendered":"Jetzt auch iPads: Apple erweitert Selbstreparaturangebot"},"content":{"rendered":"<p class=\"ai-optimize-6 ai-optimize-introduction\">Apple erweitert sein Angebot zur Eigenreparatur von Ger\u00e4ten: Ab sofort lassen sich auch verschiedene Modelle des iPads im Rahmen <a href=\"https:\/\/selfservicerepair.eu\/de-DE\/home\">des bestehenden Programms<\/a> selbst instand setzen. Nutzerinnen und Nutzer des iPad Air (ab M2), iPad Pro (M4), iPad mini (A17 Pro) und des iPads mit A16-Chip erhalten Zugriff auf technische Unterlagen, Ersatzteile in Originalqualit\u00e4t sowie auf Diagnosetools.<\/p>\n<p class=\"ai-optimize-12\"><a href=\"https:\/\/images.ifun.de\/wp-content\/uploads\/2021\/11\/apple-reparatur-grafik.jpg\"><img loading=\"lazy\" decoding=\"async\" class=\"aligncenter size-medium wp-image-178691\" src=\"https:\/\/images.ifun.de\/wp-content\/uploads\/2021\/11\/apple-reparatur-grafik-500x361.jpg\" alt=\"Apple Reparatur Grafik\" width=\"500\" height=\"361\" srcset=\"https:\/\/images.ifun.de\/wp-content\/uploads\/2021\/11\/apple-reparatur-grafik-500x361.jpg 500w, https:\/\/images.ifun.de\/wp-content\/uploads\/2021\/11\/apple-reparatur-grafik-700x505.jpg 700w, https:\/\/images.ifun.de\/wp-content\/uploads\/2021\/11\/apple-reparatur-grafik-768x554.jpg 768w, https:\/\/images.ifun.de\/wp-content\/uploads\/2021\/11\/apple-reparatur-grafik.jpg 1288w\" sizes=\"auto, (max-width: 500px) 100vw, 500px\" \/><\/a><\/p>\n<p class=\"ai-optimize-6 ai-optimize-introduction\">Zum Lieferumfang z\u00e4hlen auch Werkzeuge, die gemietet oder gekauft werden k\u00f6nnen. Die abgedeckten Reparaturen betreffen unter anderem Displays, Akkus, Kameras und Anschl\u00fcsse.<\/p>\n<ul>\n<li class=\"ai-optimize-11\"><strong>Infoportal:<\/strong> <a href=\"https:\/\/support.apple.com\/de-de\/docs\/ipad\">Reparaturhandb\u00fccher f\u00fcr iPad<\/a><\/li>\n<\/ul>\n<p class=\"ai-optimize-7\">Mit dieser Erweiterung verfolgt Apple das Ziel, die Lebensdauer seiner Ger\u00e4te durch zug\u00e4ngliche Reparaturm\u00f6glichkeiten zu verl\u00e4ngern. Die Ma\u00dfnahme richtet sich sowohl an technisch versierte Privatpersonen als auch an Reparaturbetriebe, die au\u00dferhalb der Garantie arbeiten.<\/p>\n<h2 class=\"ai-optimize-8\">Neuer Zugang zu Originalteilen f\u00fcr Fachbetriebe<\/h2>\n<p class=\"ai-optimize-9\">Gleichzeitig f\u00fchrt Apple ein Vertriebsmodell ein, \u00fcber das auch unabh\u00e4ngige Dienstleister Ersatzteile beziehen k\u00f6nnen \u2013 selbst wenn sie keine direkte Servicepartnerschaft mit dem Unternehmen unterhalten. In Europa erfolgt der Zugang \u00fcber Anbieter wie MobileSentrix und Mobileparts.shop. Die gelisteten Ersatzteile decken unter anderem Komponenten aktueller iPhones ab; Teile f\u00fcr iPads sind nun ebenfalls bestellbar.<\/p>\n<p class=\"ai-optimize-10\">Insgesamt unterst\u00fctzt das Programm inzwischen 65 Apple-Ger\u00e4te. Bis zum Sommer soll das Angebot in weiteren L\u00e4ndern verf\u00fcgbar sein, darunter auch Kanada. Ziel der Ma\u00dfnahmen ist es, die Anzahl qualifizierter Reparaturm\u00f6glichkeiten zu erh\u00f6hen \u2013 vom Apple Store bis hin zu autorisierten und unabh\u00e4ngigen Dienstleistern sowie \u00fcber das eigene Self Service-Portal.<\/p>\n<p class=\"ai-optimize-15\"><a href=\"https:\/\/images.ifun.de\/wp-content\/uploads\/2025\/05\/Apple-Self-Service-Repair-iPhone_big.jpg.large_2x-1.jpg\"><img loading=\"lazy\" decoding=\"async\" class=\"aligncenter size-large wp-image-255437\" src=\"https:\/\/images.ifun.de\/wp-content\/uploads\/2025\/05\/Apple-Self-Service-Repair-iPhone_big.jpg.large_2x-1-700x466.jpg\" alt=\"Apple Self Service Repair IPhone Big.jpg.large 2x 1\" width=\"700\" height=\"466\" srcset=\"https:\/\/images.ifun.de\/wp-content\/uploads\/2025\/05\/Apple-Self-Service-Repair-iPhone_big.jpg.large_2x-1-700x466.jpg 700w, https:\/\/images.ifun.de\/wp-content\/uploads\/2025\/05\/Apple-Self-Service-Repair-iPhone_big.jpg.large_2x-1-500x333.jpg 500w, https:\/\/images.ifun.de\/wp-content\/uploads\/2025\/05\/Apple-Self-Service-Repair-iPhone_big.jpg.large_2x-1-768x512.jpg 768w, https:\/\/images.ifun.de\/wp-content\/uploads\/2025\/05\/Apple-Self-Service-Repair-iPhone_big.jpg.large_2x-1-1536x1023.jpg 1536w, https:\/\/images.ifun.de\/wp-content\/uploads\/2025\/05\/Apple-Self-Service-Repair-iPhone_big.jpg.large_2x-1.jpg 1960w\" sizes=\"auto, (max-width: 700px) 100vw, 700px\" \/><\/a><\/p>\n<h2 class=\"ai-optimize-14\">Aktivierungssperre f\u00fcr Ersatzteile<\/h2>\n<p class=\"p1 ai-optimize-13\">Mit der Einf\u00fchrung von iOS 18 weitete Apple die bestehende Aktivierungssperre <a href=\"https:\/\/www.iphone-ticker.de\/mit-ios-18-apple-fuehrt-aktivierungssperre-fuer-iphone-ersatzteile-ein-241922\/\">erstmals auf einzelne iPhone-Komponenten<\/a> wie Akkus, Kameras und Displays aus. Diese Funktion war bislang nur auf vollst\u00e4ndige Ger\u00e4te beschr\u00e4nkt. Ziel ist es, den Weiterverkauf von Bauteilen aus gestohlenen iPhones zu unterbinden. Die Ma\u00dfnahme, die bereits im April angek\u00fcndigt und in der Beta-Version getestet wurde, verkn\u00fcpft jedes Ersatzteil mit der Apple-ID des urspr\u00fcnglichen Nutzers. Ohne dessen Freigabe lassen sich bestimmte Funktionen nicht mehr vollst\u00e4ndig nutzen. Ob die Aktivierungssperre f\u00fcr Ersatzteile zuk\u00fcnftig auch f\u00fcr das iPad gilt ist aktuell noch unklar.<\/p>\n<p><img loading=\"lazy\" decoding=\"async\" src=\"https:\/\/vg08.met.vgwort.de\/na\/7ad8a1a038974c33a4d10260ce99e977\" width=\"1\" height=\"1\"  no-lazy class=\"tracking\"><\/p>\n","protected":false},"excerpt":{"rendered":"<a href=\"https:\/\/www.ifun.de\/jetzt-auch-ipads-apple-erweitert-selbstreparaturangebot-255434\/\"><img width=\"150\" height=\"150\" src=\"https:\/\/images.ifun.de\/wp-content\/uploads\/2025\/05\/Apple-Self-Service-Repair-iPhone_big.jpg.large_2x-1-150x150.jpg\" class=\"alignright tfe wp-post-image\" alt=\"Apple Self Service Repair IPhone Big.jpg.large 2x 1\" decoding=\"async\" loading=\"lazy\" \/><\/a><p>Apple erweitert sein Angebot zur Eigenreparatur von Ger\u00e4ten: Ab sofort lassen sich auch verschiedene Modelle des iPads im Rahmen des bestehenden Programms selbst instand setzen. Nutzerinnen und Nutzer des iPad Air (ab M2), iPad Pro (M4), iPad mini (A17 Pro) und des iPads mit A16-Chip erhalten Zugriff auf technische Unterlagen, Ersatzteile in Originalqualit\u00e4t sowie auf [&hellip;]<\/p>\n","protected":false},"author":1,"featured_media":255437,"comment_status":"open","ping_status":"closed","sticky":false,"template":"","format":"standard","meta":{"_acf_changed":false,"footnotes":""},"categories":[1],"tags":[4736,4740,123],"class_list":["post-255434","post","type-post","status-publish","format-standard","has-post-thumbnail","hentry","category-news","tag-apple","tag-ipad","tag-reparatur"],"acf":[],"aioseo_notices":[],"featured_image":["https:\/\/images.ifun.de\/wp-content\/uploads\/2025\/05\/apple-reparatur-diagnose-fix.jpg"],"subheadline":["Neue Ger\u00e4tegruppen und Bauteile verf\u00fcgbar"],"rest_api_enabler":{"featured_image":"https:\/\/images.ifun.de\/wp-content\/uploads\/2025\/05\/apple-reparatur-diagnose-fix.jpg","subheadline":"Neue Ger\u00e4tegruppen und Bauteile verf\u00fcgbar"},"_links":{"self":[{"href":"https:\/\/www.ifun.de\/apiv2\/wp\/v2\/posts\/255434","targetHints":{"allow":["GET"]}}],"collection":[{"href":"https:\/\/www.ifun.de\/apiv2\/wp\/v2\/posts"}],"about":[{"href":"https:\/\/www.ifun.de\/apiv2\/wp\/v2\/types\/post"}],"author":[{"embeddable":true,"href":"https:\/\/www.ifun.de\/apiv2\/wp\/v2\/users\/1"}],"replies":[{"embeddable":true,"href":"https:\/\/www.ifun.de\/apiv2\/wp\/v2\/comments?post=255434"}],"version-history":[{"count":1,"href":"https:\/\/www.ifun.de\/apiv2\/wp\/v2\/posts\/255434\/revisions"}],"predecessor-version":[{"id":255439,"href":"https:\/\/www.ifun.de\/apiv2\/wp\/v2\/posts\/255434\/revisions\/255439"}],"wp:featuredmedia":[{"embeddable":true,"href":"https:\/\/www.ifun.de\/apiv2\/wp\/v2\/media\/255437"}],"wp:attachment":[{"href":"https:\/\/www.ifun.de\/apiv2\/wp\/v2\/media?parent=255434"}],"wp:term":[{"taxonomy":"category","embeddable":true,"href":"https:\/\/www.ifun.de\/apiv2\/wp\/v2\/categories?post=255434"},{"taxonomy":"post_tag","embeddable":true,"href":"https:\/\/www.ifun.de\/apiv2\/wp\/v2\/tags?post=255434"}],"curies":[{"name":"wp","href":"https:\/\/api.w.org\/{rel}","templated":true}]}}