{"id":25492,"date":"2012-05-29T07:42:16","date_gmt":"2012-05-29T05:42:16","guid":{"rendered":"http:\/\/www.ifun.de\/?p=25492"},"modified":"2012-05-29T07:43:41","modified_gmt":"2012-05-29T05:43:41","slug":"apple-store-ipad-versandzeiten-im-normalisieren-sich-alle-modelle-erstmals-innerhalb-von-3-tage-versandfertig","status":"publish","type":"post","link":"https:\/\/www.ifun.de\/apple-store-ipad-versandzeiten-im-normalisieren-sich-alle-modelle-erstmals-innerhalb-von-3-tage-versandfertig-25492\/","title":{"rendered":"Apple Store: iPad-Lieferzeiten normalisieren sich &#8211; erstmals alle Modelle innerhalb von 3 Tage versandfertig"},"content":{"rendered":"<p><img loading=\"lazy\" decoding=\"async\" src=\"http:\/\/images.ifun.de\/wp-content\/uploads\/2012\/05\/ipad-3-tage.jpg\" alt=\"\" title=\"ipad-3-tage\" width=\"220\" height=\"144\" class=\"alignright size-full wp-image-25493\" \/>Erstmals seit dem Verkaufsstart Mitte M\u00e4rz hat sich die <a href=\"http:\/\/clk.tradedoubler.com\/click?p=3469&#038;a=747172&#038;g=17982018&#038;url=http:\/\/store.apple.com\/de\/go\/home\">im Apple Store<\/a> angegebene Versandzeit f\u00fcr alle Modellvarianten des neuen iPad auf nur 3 Tage reduziert. Wir erinnern uns: Schon kurze nachdem Apple am 8. M\u00e4rz die M\u00f6glichkeit zur Vorbestellung eingerichtet hatte, verl\u00e4ngerten sich die voraussichtlichen Wartezeiten auf das neue Ger\u00e4t auf bis zu 3 Wochen. Erst Anfang Mai verringerte sich dieser Zeitraum wieder auf eine Woche, mit den nun angegebenen 3 Tagen bis zum Versand scheinen sich Angebot und Nachfrage so langsam in auf ein ausgeglichenes Verh\u00e4ltnis einzupendeln.<\/p>\n<p>Das ebenfalls Anfang M\u00e4rz vorgestellte, neue <a href=\"http:\/\/clk.tradedoubler.com\/click?p=3469&#038;a=747172&#038;g=17982018&#038;url=http:\/\/store.apple.com\/de\/go\/appletv\">Apple TV<\/a> l\u00e4sst sich dagegen bereits ohne Verz\u00f6gerung bestellen. Mit einem schlichten &#8222;Lieferbar&#8220; signalisiert die Verf\u00fcgbarkeitsanzeige, dass hier mittlerweile ausreichend Ger\u00e4te vorhanden sind. Auch beim Apple TV kam es anfangs zu leichten Verz\u00f6gerungen beim Versand. <\/p>\n","protected":false},"excerpt":{"rendered":"<a href=\"https:\/\/www.ifun.de\/apple-store-ipad-versandzeiten-im-normalisieren-sich-alle-modelle-erstmals-innerhalb-von-3-tage-versandfertig-25492\/\"><img width=\"150\" height=\"98\" src=\"https:\/\/images.ifun.de\/wp-content\/uploads\/2012\/05\/ipad-3-tage.jpg\" class=\"alignright tfe wp-post-image\" alt=\"\" decoding=\"async\" loading=\"lazy\" \/><\/a><p>Erstmals seit dem Verkaufsstart Mitte M\u00e4rz hat sich die im Apple Store angegebene Versandzeit f\u00fcr alle Modellvarianten des neuen iPad auf nur 3 Tage reduziert. Wir erinnern uns: Schon kurze nachdem Apple am 8. M\u00e4rz die M\u00f6glichkeit zur Vorbestellung eingerichtet hatte, verl\u00e4ngerten sich die voraussichtlichen Wartezeiten auf das neue Ger\u00e4t auf bis zu 3 Wochen. [&hellip;]<\/p>\n","protected":false},"author":2,"featured_media":25493,"comment_status":"open","ping_status":"closed","sticky":false,"template":"","format":"standard","meta":{"_acf_changed":false,"footnotes":""},"categories":[3],"tags":[49,4740,1095],"class_list":["post-25492","post","type-post","status-publish","format-standard","has-post-thumbnail","hentry","category-apple","tag-apple-store","tag-ipad","tag-lieferzeit"],"acf":[],"aioseo_notices":[],"rest_api_enabler":[],"_links":{"self":[{"href":"https:\/\/www.ifun.de\/apiv2\/wp\/v2\/posts\/25492","targetHints":{"allow":["GET"]}}],"collection":[{"href":"https:\/\/www.ifun.de\/apiv2\/wp\/v2\/posts"}],"about":[{"href":"https:\/\/www.ifun.de\/apiv2\/wp\/v2\/types\/post"}],"author":[{"embeddable":true,"href":"https:\/\/www.ifun.de\/apiv2\/wp\/v2\/users\/2"}],"replies":[{"embeddable":true,"href":"https:\/\/www.ifun.de\/apiv2\/wp\/v2\/comments?post=25492"}],"version-history":[{"count":5,"href":"https:\/\/www.ifun.de\/apiv2\/wp\/v2\/posts\/25492\/revisions"}],"predecessor-version":[{"id":25498,"href":"https:\/\/www.ifun.de\/apiv2\/wp\/v2\/posts\/25492\/revisions\/25498"}],"wp:featuredmedia":[{"embeddable":true,"href":"https:\/\/www.ifun.de\/apiv2\/wp\/v2\/media\/25493"}],"wp:attachment":[{"href":"https:\/\/www.ifun.de\/apiv2\/wp\/v2\/media?parent=25492"}],"wp:term":[{"taxonomy":"category","embeddable":true,"href":"https:\/\/www.ifun.de\/apiv2\/wp\/v2\/categories?post=25492"},{"taxonomy":"post_tag","embeddable":true,"href":"https:\/\/www.ifun.de\/apiv2\/wp\/v2\/tags?post=25492"}],"curies":[{"name":"wp","href":"https:\/\/api.w.org\/{rel}","templated":true}]}}