{"id":254407,"date":"2025-05-14T10:28:33","date_gmt":"2025-05-14T08:28:33","guid":{"rendered":"https:\/\/www.ifun.de\/?p=254407"},"modified":"2025-05-14T10:28:33","modified_gmt":"2025-05-14T08:28:33","slug":"ipados-17-7-7-sorgt-teils-fuer-massive-probleme","status":"publish","type":"post","link":"https:\/\/www.ifun.de\/ipados-17-7-7-sorgt-teils-fuer-massive-probleme-254407\/","title":{"rendered":"iPadOS 17.7.7 sorgt teils f\u00fcr massive Probleme"},"content":{"rendered":"<p>Im Rahmen der am Montag von Apple ver\u00f6ffentlichten Updates wurden auch verschiedene Ger\u00e4te aktualisiert, die nicht mehr mit den neuesten Versionen von Apples Betriebssystemen laufen. F\u00fcr das iPad Pro mit 10,5 Zoll gro\u00dfem Bildschirm, die zweite Generation des iPad Pro 12,9\u201c und das iPad der sechsten Generation hat Apple in diesem Zusammenhang iPadOS 17.7.7 ver\u00f6ffentlicht. Nutzer der Ger\u00e4te berichten im Anschluss an die Installation \u00fcber gravierende Probleme.<\/p>\n<p><a href=\"https:\/\/images.ifun.de\/wp-content\/uploads\/2021\/07\/ipados-15-beta-safari-tabs-einstellungen.jpg\"><img loading=\"lazy\" decoding=\"async\" src=\"https:\/\/images.ifun.de\/wp-content\/uploads\/2021\/07\/ipados-15-beta-safari-tabs-einstellungen-500x208.jpg\" alt=\"Ipados 15 Beta Safari Tabs Einstellungen\" width=\"500\" height=\"208\" class=\"alignnone size-medium wp-image-173427\" srcset=\"https:\/\/images.ifun.de\/wp-content\/uploads\/2021\/07\/ipados-15-beta-safari-tabs-einstellungen-500x208.jpg 500w, https:\/\/images.ifun.de\/wp-content\/uploads\/2021\/07\/ipados-15-beta-safari-tabs-einstellungen-700x291.jpg 700w, https:\/\/images.ifun.de\/wp-content\/uploads\/2021\/07\/ipados-15-beta-safari-tabs-einstellungen-768x320.jpg 768w, https:\/\/images.ifun.de\/wp-content\/uploads\/2021\/07\/ipados-15-beta-safari-tabs-einstellungen.jpg 1033w\" sizes=\"auto, (max-width: 500px) 100vw, 500px\" \/><\/a><\/p>\n<h6>Auch Safari-Tabs und Lesezeichen betroffen<\/h6>\n<p>Konkret scheint es so, als w\u00fcrde das Betriebssystem der betroffenen iPads wichtige Einstellungen immer wieder aufs Neue vergessen. Die Folge sind Probleme beim Anmelden bei Benutzerkonten und der Verwendung zahlreicher, wenn nicht sogar aller Apps. Bei Apps, die eine Anmeldung oder initiale Konfiguration voraussetzen, muss dieser Vorgang bei jeder Benutzung erneut vorgenommen werden.<\/p>\n<p>Uns liegen inzwischen mehrere Zuschriften von Lesern vor, die den Sachverhalt auf allen mit iPadOS 17.7.7 kompatiblen Ger\u00e4ten best\u00e4tigen. Apple selbst h\u00e4lt sich diesbez\u00fcglich bislang noch bedeckt, auch wenn die Probleme zum Teil schon am Montag dort gemeldet wurden.<\/p>\n<h2>Fehler trat wohl bereits bei Beta-Tests auf<\/h2>\n<p>Bislang ist nicht bekannt, worin die konkrete Ursache f\u00fcr das Fehlverhalten liegt. Eine nachvollziehbare Vermutung lautet, dass Speicherprobleme auf den betroffenen Ger\u00e4ten daf\u00fcr verantwortlich sind, die allerdings nicht zwangsl\u00e4ufig direkt mit dem dort noch verf\u00fcgbaren Speicherplatz zusammenh\u00e4ngen m\u00fcssen.<\/p>\n<p>Ein Leser schreibt uns, dass der Fehler bereits w\u00e4hrend der Beta-Phase von iPadOS 17.7.7 aufgetreten ist, von Apple jedoch trotz der Hinweise darauf komplett ignoriert wurde. Angesichts dieser Information muss man sich tats\u00e4chlich fragen, wo Apple mittlerweile seine Schwerpunkte sieht. Der Eindruck, dass die Unterst\u00fctzung von \u00e4lteren Ger\u00e4ten einen deutlich reduzierten Stellenwert genie\u00dft, l\u00e4sst sich ob dieser Vorw\u00fcrfe kaum widerlegen.<\/p>\n<p>Hier noch ein paar Links zu entsprechenden Fehlerberichten im Netz:<\/p>\n<ul>\n<li><a href=\"https:\/\/communities.apple.com\/de\/thread\/256059307\">Nach Update auf iPadOS 17.7.7 werden keine individuellen Einstellungen mehr gespeichert<\/a><\/li>\n<li><a href=\"https:\/\/discussions.apple.com\/thread\/256059474\">iPadOS 17.7.7 issue &#8211; apps not saving state \/ needing logging in<\/a><\/li>\n<li><a href=\"https:\/\/discussions.apple.com\/thread\/256059521\">iPad OS 17.7.7 breaks everything<\/a><\/li>\n<li><a href=\"https:\/\/www.reddit.com\/r\/TheSilphRoad\/comments\/1kl69e3\/ios_1777_constant_login_problems\/\">iOS 17.7.7 constant login problems<\/a><\/li>\n<li><a href=\"https:\/\/www.reddit.com\/r\/ios\/comments\/1klw34f\/ios_1777_dont\/\">ios 17.7.7 &#8211; don&#39;t<\/a><img loading=\"lazy\" decoding=\"async\" src=\"https:\/\/vg07.met.vgwort.de\/na\/7d7b69cd1d314f3a901cf9d4c83ecbc6\" width=\"1\" height=\"1\" no-lazy class=\"tracking\"><\/li>\n<\/ul>\n<p><h8>Danke f\u00fcr eure Mails<\/h8><\/p>\n","protected":false},"excerpt":{"rendered":"<a href=\"https:\/\/www.ifun.de\/ipados-17-7-7-sorgt-teils-fuer-massive-probleme-254407\/\"><img decoding=\"async\" width=\"150\" src=\"https:\/\/images.ifun.de\/wp-content\/uploads\/2021\/07\/ipados-15-beta-safari-tabs-einstellungen-500x208.jpg\" class=\"alignright wp-post-image tfe\" alt=\"Ipados 15 Beta Safari Tabs Einstellungen\" title=\"\" \/><\/a><p>Im Rahmen der am Montag von Apple ver\u00f6ffentlichten Updates wurden auch verschiedene Ger\u00e4te aktualisiert, die nicht mehr mit den neuesten Versionen von Apples Betriebssystemen laufen. F\u00fcr das iPad Pro mit 10,5 Zoll gro\u00dfem Bildschirm, die zweite Generation des iPad Pro 12,9\u201c und das iPad der sechsten Generation hat Apple in diesem Zusammenhang iPadOS 17.7.7 ver\u00f6ffentlicht. [&hellip;]<\/p>\n","protected":false},"author":2,"featured_media":0,"comment_status":"open","ping_status":"closed","sticky":false,"template":"","format":"standard","meta":{"_acf_changed":false,"footnotes":""},"categories":[10],"tags":[6813,177],"class_list":["post-254407","post","type-post","status-publish","format-standard","hentry","category-ipad","tag-ipados-17-7-7","tag-problem"],"acf":[],"aioseo_notices":[],"featured_image":["https:\/\/images.ifun.de\/wp-content\/uploads\/2021\/09\/ipad-2021-feature-1.jpg"],"subheadline":["Anmeldedaten und Konfiguration wird nicht gespeichert"],"rest_api_enabler":{"featured_image":"https:\/\/images.ifun.de\/wp-content\/uploads\/2021\/09\/ipad-2021-feature-1.jpg","subheadline":"Anmeldedaten und Konfiguration wird nicht gespeichert"},"_links":{"self":[{"href":"https:\/\/www.ifun.de\/apiv2\/wp\/v2\/posts\/254407","targetHints":{"allow":["GET"]}}],"collection":[{"href":"https:\/\/www.ifun.de\/apiv2\/wp\/v2\/posts"}],"about":[{"href":"https:\/\/www.ifun.de\/apiv2\/wp\/v2\/types\/post"}],"author":[{"embeddable":true,"href":"https:\/\/www.ifun.de\/apiv2\/wp\/v2\/users\/2"}],"replies":[{"embeddable":true,"href":"https:\/\/www.ifun.de\/apiv2\/wp\/v2\/comments?post=254407"}],"version-history":[{"count":4,"href":"https:\/\/www.ifun.de\/apiv2\/wp\/v2\/posts\/254407\/revisions"}],"predecessor-version":[{"id":254412,"href":"https:\/\/www.ifun.de\/apiv2\/wp\/v2\/posts\/254407\/revisions\/254412"}],"wp:attachment":[{"href":"https:\/\/www.ifun.de\/apiv2\/wp\/v2\/media?parent=254407"}],"wp:term":[{"taxonomy":"category","embeddable":true,"href":"https:\/\/www.ifun.de\/apiv2\/wp\/v2\/categories?post=254407"},{"taxonomy":"post_tag","embeddable":true,"href":"https:\/\/www.ifun.de\/apiv2\/wp\/v2\/tags?post=254407"}],"curies":[{"name":"wp","href":"https:\/\/api.w.org\/{rel}","templated":true}]}}