{"id":253701,"date":"2025-05-02T08:23:10","date_gmt":"2025-05-02T06:23:10","guid":{"rendered":"https:\/\/www.ifun.de\/?p=253701"},"modified":"2025-05-02T08:23:10","modified_gmt":"2025-05-02T06:23:10","slug":"apple-quartalszahlen-services-kategorie-erneut-mit-allzeithoch","status":"publish","type":"post","link":"https:\/\/www.ifun.de\/apple-quartalszahlen-services-kategorie-erneut-mit-allzeithoch-253701\/","title":{"rendered":"Apple-Quartalszahlen: Services-Kategorie erneut mit Allzeithoch"},"content":{"rendered":"<p>Apple hat vor dem Maifeiertag das Finanzergebnis f\u00fcr das zweite Quartal seines Gesch\u00e4ftsjahres 2025 <a href=\"https:\/\/www.apple.com\/newsroom\/2025\/05\/apple-reports-second-quarter-results\/\">ver\u00f6ffentlicht<\/a>. Demnach erzielte das Unternehmen in den drei Monaten bis zum 29. M\u00e4rz einen Umsatz von 95,4 Milliarden US-Dollar, was einem Anstieg von f\u00fcnf Prozent im Vergleich zum Vorjahr entspricht.<\/p>\n<p>Die Apple-Zahlen f\u00fcr die vergangenen drei Monate profitieren vor allem von den zuletzt vorgestellten Hardware-Produkten. Im Rahmen der Bekanntgabe der Wirtschaftszahlen hat der Apple-Chef Tim Cook insbesondere auf das seit Februar erh\u00e4ltliche iPhone 16e sowie die Ende vergangenen Jahres vorgestellten neuen Mac- und iPad-Modelle hingewiesen.<\/p>\n<p><a href=\"https:\/\/images.ifun.de\/wp-content\/uploads\/2025\/05\/apple-quartalszahlen-q2-2025.jpg\"><img loading=\"lazy\" decoding=\"async\" src=\"https:\/\/images.ifun.de\/wp-content\/uploads\/2025\/05\/apple-quartalszahlen-q2-2025-700x405.jpg\" alt=\"Apple Quartalszahlen Q2 2025\" width=\"700\" height=\"405\" class=\"alignnone size-large wp-image-253704\" srcset=\"https:\/\/images.ifun.de\/wp-content\/uploads\/2025\/05\/apple-quartalszahlen-q2-2025-700x405.jpg 700w, https:\/\/images.ifun.de\/wp-content\/uploads\/2025\/05\/apple-quartalszahlen-q2-2025-500x290.jpg 500w, https:\/\/images.ifun.de\/wp-content\/uploads\/2025\/05\/apple-quartalszahlen-q2-2025-768x445.jpg 768w, https:\/\/images.ifun.de\/wp-content\/uploads\/2025\/05\/apple-quartalszahlen-q2-2025.jpg 1000w\" sizes=\"auto, (max-width: 700px) 100vw, 700px\" \/><\/a><\/p>\n<blockquote>\n<p>Today Apple is reporting strong quarterly results, including double-digit growth in Services. We were happy to welcome iPhone 16e to our lineup, and to introduce powerful new Macs and iPads that take advantage of the extraordinary capabilities of Apple silicon. And we were proud to announce that we\u2019ve cut our carbon emissions by 60 percent over the past decade.<\/p>\n<\/blockquote>\n<h2>Service-Einnahmen machen Apple immer reicher<\/h2>\n<p>Einmal mehr darf sich Apple \u00fcber eine neue Rekordmarke seiner Services-Sparte freuen, die sich insbesondere durch die Einnahmen aus dem App Store und Apples Abo-Diensten zusammensetzt. Mit einem Wachstum von mehr als 11 Prozent gegen\u00fcber dem Vorjahr ist dieser Bereich auf ein neues Allzeithoch geklettert. \u00dcber die drei ersten Monate des Jahres hinweg hat Apple hier 26,6 Milliarden Dollar umgesetzt.<\/p>\n<p> Die von Tim Cook angesprochenen neuen neuen Mac- und iPad-Modelle haben auch in diesen beiden Produktbereichen f\u00fcr ein ordentliches Wachstum gesorgt. Die iPhone-Verkaufszahlen d\u00fcrften nicht nur vom neuen 16e, sondern auch allgemein von den im September vorgestellten iPhone-16-Modellen profitiert haben. Zudem l\u00e4sst sich nicht ausschlie\u00dfen, dass zumindest ein Teil der Apple-Kunden aus Angst vor den Strafz\u00f6llen der US-Regierung fr\u00fcher als geplant zu neuer Hardware gegriffen hat.<\/p>\n<p><a href=\"https:\/\/images.ifun.de\/wp-content\/uploads\/2025\/05\/apple-q2-2025-umsatz-services.jpg\"><img loading=\"lazy\" decoding=\"async\" src=\"https:\/\/images.ifun.de\/wp-content\/uploads\/2025\/05\/apple-q2-2025-umsatz-services-700x325.jpg\" alt=\"Apple Q2 2025 Umsatz Services\" width=\"700\" height=\"325\" class=\"alignnone size-large wp-image-253705\" srcset=\"https:\/\/images.ifun.de\/wp-content\/uploads\/2025\/05\/apple-q2-2025-umsatz-services-700x325.jpg 700w, https:\/\/images.ifun.de\/wp-content\/uploads\/2025\/05\/apple-q2-2025-umsatz-services-500x232.jpg 500w, https:\/\/images.ifun.de\/wp-content\/uploads\/2025\/05\/apple-q2-2025-umsatz-services-768x356.jpg 768w, https:\/\/images.ifun.de\/wp-content\/uploads\/2025\/05\/apple-q2-2025-umsatz-services.jpg 1400w\" sizes=\"auto, (max-width: 700px) 100vw, 700px\" \/><\/a><\/p>\n<h2>Strafz\u00f6lle zeigen noch keine Auswirkungen<\/h2>\n<p>Das von Donald Trump initiierte Zollchaos hatte ansonsten aber noch keinen direkten Einfluss auf das Wirtschaftsergebnis von Apple. Die Ank\u00fcndigung erfolgte erst Anfang April, also nach dem Zeitraum, der im zweiten Apple-Quartal erfasst wurde. Diesbez\u00fcglich darf man gespannt sein, wie Apples Quartalszahlen f\u00fcr den Zeitraum von April bis Juni aussehen. Aktuell profitiert Apple zudem von einer von der US-Regierung beschlossenen <a href=\"https:\/\/www.ifun.de\/druck-auf-tim-cook-us-senatorin-untersucht-trump-absprachen-253387\/\" title=\"Druck auf Tim Cook: US-Senatorin untersucht Trump-Absprachen\">Ausnahmeregelung<\/a>.<\/p>\n<p><b>Hinweis:<\/b> Das Gesch\u00e4ftsjahr von Apple weicht vom Kalenderjahr ab und startet jeweils mit dem traditionell umsatzstarken Weihnachtsquartal im Oktober. Das jetzt ver\u00f6ffentlichte zweite Quartal des Apple-Gesch\u00e4ftsjahres 2025 umfasst daher die Monate Januar bis M\u00e4rz 2025.<img loading=\"lazy\" decoding=\"async\" src=\"https:\/\/vg04.met.vgwort.de\/na\/e33ab4093b354da7b2253d74de25eaff\" width=\"1\" height=\"1\" no-lazy class=\"tracking\"><\/p>\n","protected":false},"excerpt":{"rendered":"<a href=\"https:\/\/www.ifun.de\/apple-quartalszahlen-services-kategorie-erneut-mit-allzeithoch-253701\/\"><img width=\"150\" height=\"150\" src=\"https:\/\/images.ifun.de\/wp-content\/uploads\/2025\/05\/apple-q2-2025-umsatz-services-150x150.jpg\" class=\"alignright tfe wp-post-image\" alt=\"Apple Q2 2025 Umsatz Services\" decoding=\"async\" loading=\"lazy\" \/><\/a><p>Apple hat vor dem Maifeiertag das Finanzergebnis f\u00fcr das zweite Quartal seines Gesch\u00e4ftsjahres 2025 ver\u00f6ffentlicht. Demnach erzielte das Unternehmen in den drei Monaten bis zum 29. M\u00e4rz einen Umsatz von 95,4 Milliarden US-Dollar, was einem Anstieg von f\u00fcnf Prozent im Vergleich zum Vorjahr entspricht. Die Apple-Zahlen f\u00fcr die vergangenen drei Monate profitieren vor allem von [&hellip;]<\/p>\n","protected":false},"author":2,"featured_media":253705,"comment_status":"open","ping_status":"closed","sticky":false,"template":"","format":"standard","meta":{"_acf_changed":false,"footnotes":""},"categories":[3],"tags":[4736,1294],"class_list":["post-253701","post","type-post","status-publish","format-standard","has-post-thumbnail","hentry","category-apple","tag-apple","tag-quartalszahlen"],"acf":[],"aioseo_notices":[],"featured_image":["https:\/\/images.ifun.de\/wp-content\/uploads\/2016\/10\/apple-investor-header-1.jpg"],"subheadline":["Solide Verkaufszahlen bei Hardware"],"rest_api_enabler":{"featured_image":"https:\/\/images.ifun.de\/wp-content\/uploads\/2016\/10\/apple-investor-header-1.jpg","subheadline":"Solide Verkaufszahlen bei Hardware"},"_links":{"self":[{"href":"https:\/\/www.ifun.de\/apiv2\/wp\/v2\/posts\/253701","targetHints":{"allow":["GET"]}}],"collection":[{"href":"https:\/\/www.ifun.de\/apiv2\/wp\/v2\/posts"}],"about":[{"href":"https:\/\/www.ifun.de\/apiv2\/wp\/v2\/types\/post"}],"author":[{"embeddable":true,"href":"https:\/\/www.ifun.de\/apiv2\/wp\/v2\/users\/2"}],"replies":[{"embeddable":true,"href":"https:\/\/www.ifun.de\/apiv2\/wp\/v2\/comments?post=253701"}],"version-history":[{"count":8,"href":"https:\/\/www.ifun.de\/apiv2\/wp\/v2\/posts\/253701\/revisions"}],"predecessor-version":[{"id":253711,"href":"https:\/\/www.ifun.de\/apiv2\/wp\/v2\/posts\/253701\/revisions\/253711"}],"wp:featuredmedia":[{"embeddable":true,"href":"https:\/\/www.ifun.de\/apiv2\/wp\/v2\/media\/253705"}],"wp:attachment":[{"href":"https:\/\/www.ifun.de\/apiv2\/wp\/v2\/media?parent=253701"}],"wp:term":[{"taxonomy":"category","embeddable":true,"href":"https:\/\/www.ifun.de\/apiv2\/wp\/v2\/categories?post=253701"},{"taxonomy":"post_tag","embeddable":true,"href":"https:\/\/www.ifun.de\/apiv2\/wp\/v2\/tags?post=253701"}],"curies":[{"name":"wp","href":"https:\/\/api.w.org\/{rel}","templated":true}]}}