{"id":253262,"date":"2025-04-24T08:58:33","date_gmt":"2025-04-24T06:58:33","guid":{"rendered":"https:\/\/www.ifun.de\/?p=253262"},"modified":"2025-05-02T19:26:56","modified_gmt":"2025-05-02T17:26:56","slug":"macbook-air-m4-nach-nur-50-tagen-jetzt-200-euro-guenstiger","status":"publish","type":"post","link":"https:\/\/www.ifun.de\/macbook-air-m4-nach-nur-50-tagen-jetzt-200-euro-guenstiger-253262\/","title":{"rendered":"MacBook Air M4: Nach nur 50 Tagen jetzt 200 Euro g\u00fcnstiger"},"content":{"rendered":"<p class=\"p4\">Apple hat Anfang M\u00e4rz <a href=\"https:\/\/apple.sjv.io\/PvWVj\">sein MacBook Air aktualisiert<\/a> und setzt seitdem auch im beliebtesten Laptop des Konzerns auf den hauseigenen M4-Chip. Der neue Prozessor soll laut Apple eine doppelt so hohe Leistung bieten wie das fr\u00fchere M1-Modell. Zudem unterst\u00fctzt das Ger\u00e4t nun bis zu zwei externe 6K-Bildschirme. Auch die Akkulaufzeit ist mit bis zu 18 Stunden unver\u00e4ndert hoch geblieben.<\/p>\n<p><a href=\"https:\/\/images.ifun.de\/wp-content\/uploads\/2025\/03\/Apple-MacBook-Air-sky-blue-250305_big.jpg.large_2x.jpg\"><img loading=\"lazy\" decoding=\"async\" class=\"aligncenter size-medium wp-image-249927\" src=\"https:\/\/images.ifun.de\/wp-content\/uploads\/2025\/03\/Apple-MacBook-Air-sky-blue-250305_big.jpg.large_2x-500x333.jpg\" alt=\"Apple MacBook Air Sky Blue 250305 Big.jpg.large 2x\" width=\"500\" height=\"333\" srcset=\"https:\/\/images.ifun.de\/wp-content\/uploads\/2025\/03\/Apple-MacBook-Air-sky-blue-250305_big.jpg.large_2x-500x333.jpg 500w, https:\/\/images.ifun.de\/wp-content\/uploads\/2025\/03\/Apple-MacBook-Air-sky-blue-250305_big.jpg.large_2x-700x466.jpg 700w, https:\/\/images.ifun.de\/wp-content\/uploads\/2025\/03\/Apple-MacBook-Air-sky-blue-250305_big.jpg.large_2x-768x512.jpg 768w, https:\/\/images.ifun.de\/wp-content\/uploads\/2025\/03\/Apple-MacBook-Air-sky-blue-250305_big.jpg.large_2x-1536x1023.jpg 1536w, https:\/\/images.ifun.de\/wp-content\/uploads\/2025\/03\/Apple-MacBook-Air-sky-blue-250305_big.jpg.large_2x.jpg 1960w\" sizes=\"auto, (max-width: 500px) 100vw, 500px\" \/><\/a><\/p>\n<h2>Fr\u00fcher Preisverfall beim neuen Modell<\/h2>\n<p class=\"p4\">Die neue Generation des MacBook Air ist in zwei Displaygr\u00f6\u00dfen erh\u00e4ltlich: 13 und 15 Zoll. Beide Modelle verf\u00fcgen \u00fcber ein hochaufl\u00f6sendes Liquid Retina Display, einen MagSafe-Ladeanschluss, zwei Thunderbolt-Schnittstellen sowie eine 12-Megapixel-Kamera mit automatischer Bildzentrierung. Auch WLAN 6E, Bluetooth 5.3 und ein 3,5-mm-Kopfh\u00f6reranschluss sind integriert.<\/p>\n<p class=\"p4\">Die Farbauswahl wurde um die Variante &#8222;Himmelblau&#8220; erweitert. Diese Farboption soll je nach Lichtverh\u00e4ltnissen unterschiedlich reflektieren &#8211; unterscheidet sich in der Praxis aber nur unwesentlich vom klassischen Silber.<\/p>\n<p><a href=\"https:\/\/images.ifun.de\/wp-content\/uploads\/2025\/03\/seitenansicht-macbook-air.jpg\"><img loading=\"lazy\" decoding=\"async\" class=\"aligncenter size-large wp-image-250023\" src=\"https:\/\/images.ifun.de\/wp-content\/uploads\/2025\/03\/seitenansicht-macbook-air-700x402.jpg\" alt=\"Seitenansicht Macbook Air\" width=\"700\" height=\"402\" srcset=\"https:\/\/images.ifun.de\/wp-content\/uploads\/2025\/03\/seitenansicht-macbook-air-700x402.jpg 700w, https:\/\/images.ifun.de\/wp-content\/uploads\/2025\/03\/seitenansicht-macbook-air-500x287.jpg 500w, https:\/\/images.ifun.de\/wp-content\/uploads\/2025\/03\/seitenansicht-macbook-air-768x441.jpg 768w, https:\/\/images.ifun.de\/wp-content\/uploads\/2025\/03\/seitenansicht-macbook-air-1536x881.jpg 1536w, https:\/\/images.ifun.de\/wp-content\/uploads\/2025\/03\/seitenansicht-macbook-air.jpg 1928w\" sizes=\"auto, (max-width: 700px) 100vw, 700px\" \/><\/a><\/p>\n<p>Neben der Leistungssteigerung bewirbt Apple das MacBook Air auch als besonders geeignet f\u00fcr KI-gest\u00fctzte Anwendungen. So k\u00f6nnen die neuen &#8222;Apple Intelligence&#8220;-Funktionen f\u00fcr die Verarbeitung von Bildern und Texten direkt auf dem Ger\u00e4t ausgef\u00fchrt werden.<\/p>\n<h2 class=\"p4\">13- und 15-Zoll-Modell g\u00fcnstiger<\/h2>\n<p class=\"p4\">Nur rund sieben Wochen nach Markteinf\u00fchrung ist das neue MacBook Air jetzt bereits deutlich g\u00fcnstiger erh\u00e4ltlich. So wird das 13-Zoll-Modell mit 16 GB Arbeitsspeicher und 256 GB Speicherplatz bei Amazon derzeit f\u00fcr <a rel=\"noindex, nofollow\" href=\"http:\/\/www.ifun.de\/amzn\/B0DZDB7GQZ\">999 statt 1.199 Euro angeboten<\/a>. Die Variante mit 512 GB Speicher kostet aktuell <a rel=\"noindex, nofollow\" href=\"http:\/\/www.ifun.de\/amzn\/B0DZDBSLQX\">1.289 statt 1.449 Euro<\/a>. Damit liegt der aktuelle Amazon-Preis knapp 200 Euro unter den Kosten, die beim Besuch eines Apple Stores f\u00e4llig werden.<\/p>\n<script>\r\n  function open_amazon(link) {\r\n    if (navigator.userAgent.indexOf(\"Firefox\") != -1) {\r\n      window.open(link, '_blank');\r\n    } else {\r\n      var tag = document.createElement('a');\r\n      tag.setAttribute('href', link);\r\n      tag.innerHTML = \"amzn\";\r\n      tag.click();\r\n    }\r\n  }\r\n<\/script>\r\n    <div id=\"article-single-amazon-preview\" onclick=\"return open_amazon('https:\/\/www.amazon.de\/dp\/B0DZDB7GQZ?tag=musicweb02&linkCode=ogi&th=1&psc=1');\">\n  <div id=\"article-single-amazon-preview-header\">\n    <span class=\"title\">Produkthinweis<\/span>\n      <\/div>\n  <div id=\"article-single-amazon-preview-content\">\n    <div id=\"article-single-amazon-preview-img\" style=\"background: url('https:\/\/m.media-amazon.com\/images\/I\/41PLei7L5oL.jpg') center center no-repeat; background-size: cover;\"><\/div>\n    <div id=\"article-single-amazon-preview-desc\">\n      <span class=\"bezeichnung\"><a href=\"https:\/\/www.amazon.de\/dp\/B0DZDB7GQZ?tag=musicweb02&linkCode=ogi&th=1&psc=1\" style=\"text-decoration: none; border-bottom: 0px; box-shadow: none;\">Apple MacBook Air (13\", Apple M4 Chip mit 10\u2011Core CPU und 8\u2011Core GPU, 16GB Gemeinsamer Arbeitsspeicher, 256 GB...<\/a><\/span>\n      <span class=\"preis--aktuell\">999 EUR<\/span>\n      <span class=\"preis--alt\"><\/span>\n    <\/div>\n  <\/div>\n<\/div>\n<p class=\"p4\">Auch die 15-Zoll-Modelle sind nur 50 Tage nach ihrer Pr\u00e4sentation mit deutlichen Preisnachl\u00e4ssen erh\u00e4ltlich. Die gro\u00dfe Variante mit 512 GB Speicher <a rel=\"noindex, nofollow\" href=\"http:\/\/www.ifun.de\/amzn\/B0DZDBT6YC\">ist bereits f\u00fcr 1.529 Euro<\/a> statt der initial geforderten 1749 Euro erh\u00e4ltlich. Das Modell mit 256 Gigabyte Speicher kann <a rel=\"noindex, nofollow\" href=\"http:\/\/www.ifun.de\/amzn\/B0DZDBKSP9\">aktuell schon f\u00fcr 1.299 Euro<\/a> statt 1.499 Euro geordert werden.<\/p>\n<script>\r\n  function open_amazon(link) {\r\n    if (navigator.userAgent.indexOf(\"Firefox\") != -1) {\r\n      window.open(link, '_blank');\r\n    } else {\r\n      var tag = document.createElement('a');\r\n      tag.setAttribute('href', link);\r\n      tag.innerHTML = \"amzn\";\r\n      tag.click();\r\n    }\r\n  }\r\n<\/script>\r\n    <div id=\"article-single-amazon-preview\" onclick=\"return open_amazon('https:\/\/www.amazon.de\/dp\/B0DZDB3FLL?tag=musicweb02&linkCode=ogi&th=1&psc=1');\">\n  <div id=\"article-single-amazon-preview-header\">\n    <span class=\"title\">Produkthinweis<\/span>\n      <\/div>\n  <div id=\"article-single-amazon-preview-content\">\n    <div id=\"article-single-amazon-preview-img\" style=\"background: url('https:\/\/m.media-amazon.com\/images\/I\/41Orr6N771L.jpg') center center no-repeat; background-size: cover;\"><\/div>\n    <div id=\"article-single-amazon-preview-desc\">\n      <span class=\"bezeichnung\"><a href=\"https:\/\/www.amazon.de\/dp\/B0DZDB3FLL?tag=musicweb02&linkCode=ogi&th=1&psc=1\" style=\"text-decoration: none; border-bottom: 0px; box-shadow: none;\">Apple MacBook Air (15\", Apple M4 Chip mit 10\u2011Core CPU und 10\u2011Core GPU, 16GB Gemeinsamer Arbeitsspeicher, 256 GB...<\/a><\/span>\n      <span class=\"preis--aktuell\">1.299 EUR<\/span>\n      <span class=\"preis--alt\"><\/span>\n    <\/div>\n  <\/div>\n<\/div>\n<p><video poster=\"\" preload=\"auto\" controls=\"controls\" width=\"100%\" ><source src=\"https:\/\/images.ifun.de\/wp-content\/uploads\/2025\/04\/macbook-air-2025.mp4#t=0.01\" \/><\/video><\/p>\n<p><img decoding=\"async\" src=\"https:\/\/vg08.met.vgwort.de\/na\/3df5944e51de4808b9e7ed35d9ec5f58\" width=\"1\" height=\"1\" no-lazy class=\"tracking\" loading=\"eager\"><\/p>\n","protected":false},"excerpt":{"rendered":"<a href=\"https:\/\/www.ifun.de\/macbook-air-m4-nach-nur-50-tagen-jetzt-200-euro-guenstiger-253262\/\"><img decoding=\"async\" width=\"150\" src=\"https:\/\/images.ifun.de\/wp-content\/uploads\/2025\/03\/Apple-MacBook-Air-sky-blue-250305_big.jpg.large_2x-500x333.jpg\" class=\"alignright wp-post-image tfe\" alt=\"Apple MacBook Air Sky Blue 250305 Big.jpg.large 2x\" title=\"\" \/><\/a><p>Apple hat Anfang M\u00e4rz sein MacBook Air aktualisiert und setzt seitdem auch im beliebtesten Laptop des Konzerns auf den hauseigenen M4-Chip. Der neue Prozessor soll laut Apple eine doppelt so hohe Leistung bieten wie das fr\u00fchere M1-Modell. Zudem unterst\u00fctzt das Ger\u00e4t nun bis zu zwei externe 6K-Bildschirme. Auch die Akkulaufzeit ist mit bis zu 18 [&hellip;]<\/p>\n","protected":false},"author":1,"featured_media":0,"comment_status":"open","ping_status":"closed","sticky":false,"template":"","format":"standard","meta":{"footnotes":""},"categories":[1,1783],"tags":[115,344,40],"class_list":["post-253262","post","type-post","status-publish","format-standard","hentry","category-news","category-feature","tag-geld","tag-macbook-air","tag-sparen"],"aioseo_notices":[],"aioseo_head":"\n\t\t<!-- All in One SEO Pro 5.0.1.1 - aioseo.com -->\n\t<meta name=\"description\" content=\"Apple hat Anfang M\u00e4rz sein MacBook Air aktualisiert und setzt seitdem auch im beliebtesten Laptop des Konzerns auf den hauseigenen M4-Chip. Der neue Prozessor soll laut Apple eine doppelt so hohe Leistung bieten wie das fr\u00fchere M1-Modell. Zudem unterst\u00fctzt das Ger\u00e4t nun bis zu zwei externe 6K-Bildschirme. Auch die Akkulaufzeit ist mit bis zu 18\" \/>\n\t<meta name=\"robots\" content=\"max-image-preview:large\" \/>\n\t<meta name=\"author\" content=\"Nicolas\"\/>\n\t<meta name=\"google-site-verification\" content=\"uH_IhWlZO-QDb51DGwVoGT_GCZmfJp98klL3XmbE3ow\" \/>\n\t<link rel=\"canonical\" href=\"https:\/\/www.ifun.de\/macbook-air-m4-nach-nur-50-tagen-jetzt-200-euro-guenstiger-253262\/\" \/>\n\t<meta name=\"generator\" content=\"All in One SEO Pro (AIOSEO) 5.0.1.1\" \/>\n\t\t<meta property=\"og:locale\" content=\"de_DE\" \/>\n\t\t<meta property=\"og:site_name\" content=\"ifun.de | Apple-News seit 2001\" \/>\n\t\t<meta property=\"og:type\" content=\"article\" \/>\n\t\t<meta property=\"og:title\" content=\"MacBook Air M4: Nach nur 50 Tagen jetzt 200 Euro g\u00fcnstiger | ifun.de\" \/>\n\t\t<meta property=\"og:description\" content=\"Apple hat Anfang M\u00e4rz sein MacBook Air aktualisiert und setzt seitdem auch im beliebtesten Laptop des Konzerns auf den hauseigenen M4-Chip. Der neue Prozessor soll laut Apple eine doppelt so hohe Leistung bieten wie das fr\u00fchere M1-Modell. Zudem unterst\u00fctzt das Ger\u00e4t nun bis zu zwei externe 6K-Bildschirme. Auch die Akkulaufzeit ist mit bis zu 18\" \/>\n\t\t<meta property=\"og:url\" content=\"https:\/\/www.ifun.de\/macbook-air-m4-nach-nur-50-tagen-jetzt-200-euro-guenstiger-253262\/\" \/>\n\t\t<meta property=\"og:image\" content=\"https:\/\/images.ifun.de\/wp-content\/uploads\/2025\/03\/macbook-air.jpg\" \/>\n\t\t<meta property=\"og:image:secure_url\" content=\"https:\/\/images.ifun.de\/wp-content\/uploads\/2025\/03\/macbook-air.jpg\" \/>\n\t\t<meta property=\"og:image:width\" content=\"960\" \/>\n\t\t<meta property=\"og:image:height\" content=\"378\" \/>\n\t\t<meta property=\"article:published_time\" content=\"2025-04-24T06:58:33+00:00\" \/>\n\t\t<meta property=\"article:modified_time\" content=\"2025-05-02T17:26:56+00:00\" \/>\n\t\t<meta property=\"article:publisher\" content=\"https:\/\/facebook.com\/ifun.de\" \/>\n\t\t<meta name=\"twitter:card\" content=\"summary_large_image\" \/>\n\t\t<meta name=\"twitter:site\" content=\"@ifun_news\" \/>\n\t\t<meta name=\"twitter:title\" content=\"MacBook Air M4: Nach nur 50 Tagen jetzt 200 Euro g\u00fcnstiger | ifun.de\" \/>\n\t\t<meta name=\"twitter:description\" content=\"Apple hat Anfang M\u00e4rz sein MacBook Air aktualisiert und setzt seitdem auch im beliebtesten Laptop des Konzerns auf den hauseigenen M4-Chip. Der neue Prozessor soll laut Apple eine doppelt so hohe Leistung bieten wie das fr\u00fchere M1-Modell. Zudem unterst\u00fctzt das Ger\u00e4t nun bis zu zwei externe 6K-Bildschirme. Auch die Akkulaufzeit ist mit bis zu 18\" \/>\n\t\t<meta name=\"twitter:creator\" content=\"@ifun_news\" \/>\n\t\t<meta name=\"twitter:image\" content=\"https:\/\/images.ifun.de\/wp-content\/uploads\/2025\/03\/macbook-air.jpg\" \/>\n\t\t<script type=\"application\/ld+json\" class=\"aioseo-schema\">\n\t\t\t{\"@context\":\"https:\\\/\\\/schema.org\",\"@graph\":[{\"@type\":\"Article\",\"@id\":\"https:\\\/\\\/www.ifun.de\\\/macbook-air-m4-nach-nur-50-tagen-jetzt-200-euro-guenstiger-253262\\\/#article\",\"name\":\"MacBook Air M4: Nach nur 50 Tagen jetzt 200 Euro g\\u00fcnstiger | ifun.de\",\"headline\":\"MacBook Air M4: Nach nur 50 Tagen jetzt 200 Euro g\\u00fcnstiger\",\"author\":{\"@id\":\"https:\\\/\\\/www.ifun.de\\\/author\\\/admin\\\/#author\"},\"publisher\":{\"@id\":\"https:\\\/\\\/www.ifun.de\\\/#organization\"},\"image\":{\"@type\":\"ImageObject\",\"url\":\"https:\\\/\\\/images.ifun.de\\\/wp-content\\\/uploads\\\/2025\\\/03\\\/Apple-MacBook-Air-sky-blue-250305_big.jpg.large_2x.jpg\",\"@id\":\"https:\\\/\\\/www.ifun.de\\\/macbook-air-m4-nach-nur-50-tagen-jetzt-200-euro-guenstiger-253262\\\/#articleImage\",\"width\":1960,\"height\":1306,\"caption\":\"Apple MacBook Air Sky Blue 250305 Big.jpg.large 2x\"},\"datePublished\":\"2025-04-24T08:58:33+02:00\",\"dateModified\":\"2025-05-02T19:26:56+02:00\",\"inLanguage\":\"de-DE\",\"commentCount\":63,\"mainEntityOfPage\":{\"@id\":\"https:\\\/\\\/www.ifun.de\\\/macbook-air-m4-nach-nur-50-tagen-jetzt-200-euro-guenstiger-253262\\\/#webpage\"},\"isPartOf\":{\"@id\":\"https:\\\/\\\/www.ifun.de\\\/macbook-air-m4-nach-nur-50-tagen-jetzt-200-euro-guenstiger-253262\\\/#webpage\"},\"articleSection\":\"News, zz1A, Geld, MacBook Air, sparen\"},{\"@type\":\"BreadcrumbList\",\"@id\":\"https:\\\/\\\/www.ifun.de\\\/macbook-air-m4-nach-nur-50-tagen-jetzt-200-euro-guenstiger-253262\\\/#breadcrumblist\",\"itemListElement\":[{\"@type\":\"ListItem\",\"@id\":\"https:\\\/\\\/www.ifun.de#listItem\",\"position\":1,\"name\":\"Home\",\"item\":\"https:\\\/\\\/www.ifun.de\",\"nextItem\":{\"@type\":\"ListItem\",\"@id\":\"https:\\\/\\\/www.ifun.de\\\/category\\\/news\\\/#listItem\",\"name\":\"News\"}},{\"@type\":\"ListItem\",\"@id\":\"https:\\\/\\\/www.ifun.de\\\/category\\\/news\\\/#listItem\",\"position\":2,\"name\":\"News\",\"item\":\"https:\\\/\\\/www.ifun.de\\\/category\\\/news\\\/\",\"nextItem\":{\"@type\":\"ListItem\",\"@id\":\"https:\\\/\\\/www.ifun.de\\\/macbook-air-m4-nach-nur-50-tagen-jetzt-200-euro-guenstiger-253262\\\/#listItem\",\"name\":\"MacBook Air M4: Nach nur 50 Tagen jetzt 200 Euro g\\u00fcnstiger\"},\"previousItem\":{\"@type\":\"ListItem\",\"@id\":\"https:\\\/\\\/www.ifun.de#listItem\",\"name\":\"Home\"}},{\"@type\":\"ListItem\",\"@id\":\"https:\\\/\\\/www.ifun.de\\\/macbook-air-m4-nach-nur-50-tagen-jetzt-200-euro-guenstiger-253262\\\/#listItem\",\"position\":3,\"name\":\"MacBook Air M4: Nach nur 50 Tagen jetzt 200 Euro g\\u00fcnstiger\",\"previousItem\":{\"@type\":\"ListItem\",\"@id\":\"https:\\\/\\\/www.ifun.de\\\/category\\\/news\\\/#listItem\",\"name\":\"News\"}}]},{\"@type\":\"Organization\",\"@id\":\"https:\\\/\\\/www.ifun.de\\\/#organization\",\"name\":\"ifun.de\",\"description\":\"Apple-News seit 2001\",\"url\":\"https:\\\/\\\/www.ifun.de\\\/\",\"telephone\":\"+493057707123\",\"logo\":{\"@type\":\"ImageObject\",\"url\":\"https:\\\/\\\/images.ifun.de\\\/wp-content\\\/uploads\\\/2026\\\/02\\\/apple-touch-icon.png\",\"@id\":\"https:\\\/\\\/www.ifun.de\\\/macbook-air-m4-nach-nur-50-tagen-jetzt-200-euro-guenstiger-253262\\\/#organizationLogo\",\"width\":512,\"height\":512,\"caption\":\"Apple Touch Icon\"},\"image\":{\"@id\":\"https:\\\/\\\/www.ifun.de\\\/macbook-air-m4-nach-nur-50-tagen-jetzt-200-euro-guenstiger-253262\\\/#organizationLogo\"},\"sameAs\":[\"https:\\\/\\\/facebook.com\\\/ifun.de\",\"https:\\\/\\\/x.com\\\/ifun_news\"]},{\"@type\":\"Person\",\"@id\":\"https:\\\/\\\/www.ifun.de\\\/author\\\/admin\\\/#author\",\"url\":\"https:\\\/\\\/www.ifun.de\\\/author\\\/admin\\\/\",\"name\":\"Nicolas\"},{\"@type\":\"WebPage\",\"@id\":\"https:\\\/\\\/www.ifun.de\\\/macbook-air-m4-nach-nur-50-tagen-jetzt-200-euro-guenstiger-253262\\\/#webpage\",\"url\":\"https:\\\/\\\/www.ifun.de\\\/macbook-air-m4-nach-nur-50-tagen-jetzt-200-euro-guenstiger-253262\\\/\",\"name\":\"MacBook Air M4: Nach nur 50 Tagen jetzt 200 Euro g\\u00fcnstiger | ifun.de\",\"description\":\"Apple hat Anfang M\\u00e4rz sein MacBook Air aktualisiert und setzt seitdem auch im beliebtesten Laptop des Konzerns auf den hauseigenen M4-Chip. Der neue Prozessor soll laut Apple eine doppelt so hohe Leistung bieten wie das fr\\u00fchere M1-Modell. Zudem unterst\\u00fctzt das Ger\\u00e4t nun bis zu zwei externe 6K-Bildschirme. Auch die Akkulaufzeit ist mit bis zu 18\",\"inLanguage\":\"de-DE\",\"isPartOf\":{\"@id\":\"https:\\\/\\\/www.ifun.de\\\/#website\"},\"breadcrumb\":{\"@id\":\"https:\\\/\\\/www.ifun.de\\\/macbook-air-m4-nach-nur-50-tagen-jetzt-200-euro-guenstiger-253262\\\/#breadcrumblist\"},\"author\":{\"@id\":\"https:\\\/\\\/www.ifun.de\\\/author\\\/admin\\\/#author\"},\"creator\":{\"@id\":\"https:\\\/\\\/www.ifun.de\\\/author\\\/admin\\\/#author\"},\"datePublished\":\"2025-04-24T08:58:33+02:00\",\"dateModified\":\"2025-05-02T19:26:56+02:00\"},{\"@type\":\"WebSite\",\"@id\":\"https:\\\/\\\/www.ifun.de\\\/#website\",\"url\":\"https:\\\/\\\/www.ifun.de\\\/\",\"name\":\"ifun.de\",\"description\":\"Apple-News seit 2001\",\"inLanguage\":\"de-DE\",\"publisher\":{\"@id\":\"https:\\\/\\\/www.ifun.de\\\/#organization\"}}]}\n\t\t<\/script>\n\t\t<!-- All in One SEO Pro -->\r\n\t\t<title>MacBook Air M4: Nach nur 50 Tagen jetzt 200 Euro g\u00fcnstiger | ifun.de<\/title>\n\n","aioseo_head_json":{"title":"MacBook Air M4: Nach nur 50 Tagen jetzt 200 Euro g\u00fcnstiger | ifun.de","description":"Apple hat Anfang M\u00e4rz sein MacBook Air aktualisiert und setzt seitdem auch im beliebtesten Laptop des Konzerns auf den hauseigenen M4-Chip. Der neue Prozessor soll laut Apple eine doppelt so hohe Leistung bieten wie das fr\u00fchere M1-Modell. Zudem unterst\u00fctzt das Ger\u00e4t nun bis zu zwei externe 6K-Bildschirme. Auch die Akkulaufzeit ist mit bis zu 18","canonical_url":"https:\/\/www.ifun.de\/macbook-air-m4-nach-nur-50-tagen-jetzt-200-euro-guenstiger-253262\/","robots":"max-image-preview:large","keywords":"","webmasterTools":{"google-site-verification":"uH_IhWlZO-QDb51DGwVoGT_GCZmfJp98klL3XmbE3ow","miscellaneous":""},"schema":{"@context":"https:\/\/schema.org","@graph":[{"@type":"Article","@id":"https:\/\/www.ifun.de\/macbook-air-m4-nach-nur-50-tagen-jetzt-200-euro-guenstiger-253262\/#article","name":"MacBook Air M4: Nach nur 50 Tagen jetzt 200 Euro g\u00fcnstiger | ifun.de","headline":"MacBook Air M4: Nach nur 50 Tagen jetzt 200 Euro g\u00fcnstiger","author":{"@id":"https:\/\/www.ifun.de\/author\/admin\/#author"},"publisher":{"@id":"https:\/\/www.ifun.de\/#organization"},"image":{"@type":"ImageObject","url":"https:\/\/images.ifun.de\/wp-content\/uploads\/2025\/03\/Apple-MacBook-Air-sky-blue-250305_big.jpg.large_2x.jpg","@id":"https:\/\/www.ifun.de\/macbook-air-m4-nach-nur-50-tagen-jetzt-200-euro-guenstiger-253262\/#articleImage","width":1960,"height":1306,"caption":"Apple MacBook Air Sky Blue 250305 Big.jpg.large 2x"},"datePublished":"2025-04-24T08:58:33+02:00","dateModified":"2025-05-02T19:26:56+02:00","inLanguage":"de-DE","commentCount":63,"mainEntityOfPage":{"@id":"https:\/\/www.ifun.de\/macbook-air-m4-nach-nur-50-tagen-jetzt-200-euro-guenstiger-253262\/#webpage"},"isPartOf":{"@id":"https:\/\/www.ifun.de\/macbook-air-m4-nach-nur-50-tagen-jetzt-200-euro-guenstiger-253262\/#webpage"},"articleSection":"News, zz1A, Geld, MacBook Air, sparen"},{"@type":"BreadcrumbList","@id":"https:\/\/www.ifun.de\/macbook-air-m4-nach-nur-50-tagen-jetzt-200-euro-guenstiger-253262\/#breadcrumblist","itemListElement":[{"@type":"ListItem","@id":"https:\/\/www.ifun.de#listItem","position":1,"name":"Home","item":"https:\/\/www.ifun.de","nextItem":{"@type":"ListItem","@id":"https:\/\/www.ifun.de\/category\/news\/#listItem","name":"News"}},{"@type":"ListItem","@id":"https:\/\/www.ifun.de\/category\/news\/#listItem","position":2,"name":"News","item":"https:\/\/www.ifun.de\/category\/news\/","nextItem":{"@type":"ListItem","@id":"https:\/\/www.ifun.de\/macbook-air-m4-nach-nur-50-tagen-jetzt-200-euro-guenstiger-253262\/#listItem","name":"MacBook Air M4: Nach nur 50 Tagen jetzt 200 Euro g\u00fcnstiger"},"previousItem":{"@type":"ListItem","@id":"https:\/\/www.ifun.de#listItem","name":"Home"}},{"@type":"ListItem","@id":"https:\/\/www.ifun.de\/macbook-air-m4-nach-nur-50-tagen-jetzt-200-euro-guenstiger-253262\/#listItem","position":3,"name":"MacBook Air M4: Nach nur 50 Tagen jetzt 200 Euro g\u00fcnstiger","previousItem":{"@type":"ListItem","@id":"https:\/\/www.ifun.de\/category\/news\/#listItem","name":"News"}}]},{"@type":"Organization","@id":"https:\/\/www.ifun.de\/#organization","name":"ifun.de","description":"Apple-News seit 2001","url":"https:\/\/www.ifun.de\/","telephone":"+493057707123","logo":{"@type":"ImageObject","url":"https:\/\/images.ifun.de\/wp-content\/uploads\/2026\/02\/apple-touch-icon.png","@id":"https:\/\/www.ifun.de\/macbook-air-m4-nach-nur-50-tagen-jetzt-200-euro-guenstiger-253262\/#organizationLogo","width":512,"height":512,"caption":"Apple Touch Icon"},"image":{"@id":"https:\/\/www.ifun.de\/macbook-air-m4-nach-nur-50-tagen-jetzt-200-euro-guenstiger-253262\/#organizationLogo"},"sameAs":["https:\/\/facebook.com\/ifun.de","https:\/\/x.com\/ifun_news"]},{"@type":"Person","@id":"https:\/\/www.ifun.de\/author\/admin\/#author","url":"https:\/\/www.ifun.de\/author\/admin\/","name":"Nicolas"},{"@type":"WebPage","@id":"https:\/\/www.ifun.de\/macbook-air-m4-nach-nur-50-tagen-jetzt-200-euro-guenstiger-253262\/#webpage","url":"https:\/\/www.ifun.de\/macbook-air-m4-nach-nur-50-tagen-jetzt-200-euro-guenstiger-253262\/","name":"MacBook Air M4: Nach nur 50 Tagen jetzt 200 Euro g\u00fcnstiger | ifun.de","description":"Apple hat Anfang M\u00e4rz sein MacBook Air aktualisiert und setzt seitdem auch im beliebtesten Laptop des Konzerns auf den hauseigenen M4-Chip. Der neue Prozessor soll laut Apple eine doppelt so hohe Leistung bieten wie das fr\u00fchere M1-Modell. Zudem unterst\u00fctzt das Ger\u00e4t nun bis zu zwei externe 6K-Bildschirme. Auch die Akkulaufzeit ist mit bis zu 18","inLanguage":"de-DE","isPartOf":{"@id":"https:\/\/www.ifun.de\/#website"},"breadcrumb":{"@id":"https:\/\/www.ifun.de\/macbook-air-m4-nach-nur-50-tagen-jetzt-200-euro-guenstiger-253262\/#breadcrumblist"},"author":{"@id":"https:\/\/www.ifun.de\/author\/admin\/#author"},"creator":{"@id":"https:\/\/www.ifun.de\/author\/admin\/#author"},"datePublished":"2025-04-24T08:58:33+02:00","dateModified":"2025-05-02T19:26:56+02:00"},{"@type":"WebSite","@id":"https:\/\/www.ifun.de\/#website","url":"https:\/\/www.ifun.de\/","name":"ifun.de","description":"Apple-News seit 2001","inLanguage":"de-DE","publisher":{"@id":"https:\/\/www.ifun.de\/#organization"}}]},"og:locale":"de_DE","og:site_name":"ifun.de | Apple-News seit 2001","og:type":"article","og:title":"MacBook Air M4: Nach nur 50 Tagen jetzt 200 Euro g\u00fcnstiger | ifun.de","og:description":"Apple hat Anfang M\u00e4rz sein MacBook Air aktualisiert und setzt seitdem auch im beliebtesten Laptop des Konzerns auf den hauseigenen M4-Chip. Der neue Prozessor soll laut Apple eine doppelt so hohe Leistung bieten wie das fr\u00fchere M1-Modell. Zudem unterst\u00fctzt das Ger\u00e4t nun bis zu zwei externe 6K-Bildschirme. Auch die Akkulaufzeit ist mit bis zu 18","og:url":"https:\/\/www.ifun.de\/macbook-air-m4-nach-nur-50-tagen-jetzt-200-euro-guenstiger-253262\/","og:image":"https:\/\/images.ifun.de\/wp-content\/uploads\/2025\/03\/macbook-air.jpg","og:image:secure_url":"https:\/\/images.ifun.de\/wp-content\/uploads\/2025\/03\/macbook-air.jpg","og:image:width":960,"og:image:height":378,"article:published_time":"2025-04-24T06:58:33+00:00","article:modified_time":"2025-05-02T17:26:56+00:00","article:publisher":"https:\/\/facebook.com\/ifun.de","twitter:card":"summary_large_image","twitter:site":"@ifun_news","twitter:title":"MacBook Air M4: Nach nur 50 Tagen jetzt 200 Euro g\u00fcnstiger | ifun.de","twitter:description":"Apple hat Anfang M\u00e4rz sein MacBook Air aktualisiert und setzt seitdem auch im beliebtesten Laptop des Konzerns auf den hauseigenen M4-Chip. Der neue Prozessor soll laut Apple eine doppelt so hohe Leistung bieten wie das fr\u00fchere M1-Modell. Zudem unterst\u00fctzt das Ger\u00e4t nun bis zu zwei externe 6K-Bildschirme. Auch die Akkulaufzeit ist mit bis zu 18","twitter:creator":"@ifun_news","twitter:image":"https:\/\/images.ifun.de\/wp-content\/uploads\/2025\/03\/macbook-air.jpg"},"aioseo_meta_data":{"post_id":"253262","title":null,"description":null,"keywords":null,"keyphrases":null,"primary_term":null,"canonical_url":null,"og_title":null,"og_description":null,"og_object_type":"default","og_image_type":"default","og_image_url":null,"og_image_width":null,"og_image_height":null,"og_image_custom_url":null,"og_image_custom_fields":null,"og_video":null,"og_custom_url":null,"og_article_section":null,"og_article_tags":null,"twitter_use_og":false,"twitter_card":"default","twitter_image_type":"default","twitter_image_url":null,"twitter_image_custom_url":null,"twitter_image_custom_fields":null,"twitter_title":null,"twitter_description":null,"schema":{"blockGraphs":[],"customGraphs":[],"default":{"data":{"Article":[],"Course":[],"Dataset":[],"FAQPage":[],"Movie":[],"Person":[],"Product":[],"ProductReview":[],"Car":[],"Recipe":[],"Service":[],"SoftwareApplication":[],"WebPage":[]},"graphName":"Article","isEnabled":true},"graphs":[]},"schema_type":"default","schema_type_options":null,"pillar_content":false,"robots_default":true,"robots_noindex":false,"robots_noarchive":false,"robots_nosnippet":false,"robots_nofollow":false,"robots_noimageindex":false,"robots_noodp":false,"robots_notranslate":false,"robots_max_snippet":null,"robots_max_videopreview":null,"robots_max_imagepreview":"large","priority":null,"frequency":null,"local_seo":null,"seo_analyzer_scan_date":null,"breadcrumb_settings":null,"limit_modified_date":false,"reviewed_by":null,"open_ai":null,"ai":null,"created":"2026-02-23 18:06:01","updated":"2026-02-23 18:06:01","focus_keyword":null,"additional_keywords":null,"truseo_locale":null},"aioseo_breadcrumb":"<div class=\"aioseo-breadcrumbs\"><span class=\"aioseo-breadcrumb\">\n\t<a href=\"https:\/\/www.ifun.de\" title=\"Home\">Home<\/a>\n<\/span><span class=\"aioseo-breadcrumb-separator\">\u00bb<\/span><span class=\"aioseo-breadcrumb\">\n\t<a href=\"https:\/\/www.ifun.de\/category\/news\/\" title=\"News\">News<\/a>\n<\/span><span class=\"aioseo-breadcrumb-separator\">\u00bb<\/span><span class=\"aioseo-breadcrumb\">\n\tMacBook Air M4: Nach nur 50 Tagen jetzt 200 Euro g\u00fcnstiger\n<\/span><\/div>","aioseo_breadcrumb_json":[{"label":"Home","link":"https:\/\/www.ifun.de"},{"label":"News","link":"https:\/\/www.ifun.de\/category\/news\/"},{"label":"MacBook Air M4: Nach nur 50 Tagen jetzt 200 Euro g\u00fcnstiger","link":"https:\/\/www.ifun.de\/macbook-air-m4-nach-nur-50-tagen-jetzt-200-euro-guenstiger-253262\/"}],"featured_image":["https:\/\/images.ifun.de\/wp-content\/uploads\/2025\/03\/macbook-air.jpg"],"subheadline":["Fr\u00fcher Preisverfall bei beiden neuen Modellen"],"rest_api_enabler":{"featured_image":"https:\/\/images.ifun.de\/wp-content\/uploads\/2025\/03\/macbook-air.jpg","subheadline":"Fr\u00fcher Preisverfall bei beiden neuen Modellen"},"_links":{"self":[{"href":"https:\/\/www.ifun.de\/apiv2\/wp\/v2\/posts\/253262","targetHints":{"allow":["GET"]}}],"collection":[{"href":"https:\/\/www.ifun.de\/apiv2\/wp\/v2\/posts"}],"about":[{"href":"https:\/\/www.ifun.de\/apiv2\/wp\/v2\/types\/post"}],"author":[{"embeddable":true,"href":"https:\/\/www.ifun.de\/apiv2\/wp\/v2\/users\/1"}],"replies":[{"embeddable":true,"href":"https:\/\/www.ifun.de\/apiv2\/wp\/v2\/comments?post=253262"}],"version-history":[{"count":3,"href":"https:\/\/www.ifun.de\/apiv2\/wp\/v2\/posts\/253262\/revisions"}],"predecessor-version":[{"id":253369,"href":"https:\/\/www.ifun.de\/apiv2\/wp\/v2\/posts\/253262\/revisions\/253369"}],"wp:attachment":[{"href":"https:\/\/www.ifun.de\/apiv2\/wp\/v2\/media?parent=253262"}],"wp:term":[{"taxonomy":"category","embeddable":true,"href":"https:\/\/www.ifun.de\/apiv2\/wp\/v2\/categories?post=253262"},{"taxonomy":"post_tag","embeddable":true,"href":"https:\/\/www.ifun.de\/apiv2\/wp\/v2\/tags?post=253262"}],"curies":[{"name":"wp","href":"https:\/\/api.w.org\/{rel}","templated":true}]}}