{"id":252802,"date":"2025-04-15T15:59:14","date_gmt":"2025-04-15T13:59:14","guid":{"rendered":"https:\/\/www.ifun.de\/?p=252802"},"modified":"2025-04-15T16:00:30","modified_gmt":"2025-04-15T14:00:30","slug":"neue-staffeln-von-the-last-of-us-und-the-walking-dead-dead-city","status":"publish","type":"post","link":"https:\/\/www.ifun.de\/neue-staffeln-von-the-last-of-us-und-the-walking-dead-dead-city-252802\/","title":{"rendered":"Neue Staffeln von &#8222;The Last of Us&#8220; und &#8222;The Walking Dead: Dead City&#8220;"},"content":{"rendered":"<p>Der Sky-Ableger <a href=\"https:\/\/tidd.ly\/3YxKBu4\" title=\"WOW\">Wow<\/a> nimmt den Start der zweiten Staffel von \u201eThe Last of Us\u201c zum Anlass, darauf hinweisen, dass sich der Monatspreis f\u00fcr den Videodienst um 40 Prozent reduzieren l\u00e4sst, wenn man sich f\u00fcr ein ganzes Jahr festlegt.<\/p>\n<p>Abonniert man das Paket \u201eWow Filme &amp; Serien\u201c in der Variante ohne Laufzeitbindung, so werden monatlich 9,98 Euro f\u00e4llig. Im Rahmen eines 12-Monats-Abonnements sinken die monatlichen Geb\u00fchren dagegen deutlich auf 5,98 Euro.<\/p>\n<p><a href=\"https:\/\/images.ifun.de\/wp-content\/uploads\/2025\/04\/the-last-of-us.jpg\"><img loading=\"lazy\" decoding=\"async\" src=\"https:\/\/images.ifun.de\/wp-content\/uploads\/2025\/04\/the-last-of-us-500x281.jpg\" alt=\"The Last Of Us\" width=\"500\" height=\"281\" class=\"alignnone size-medium wp-image-252807\" srcset=\"https:\/\/images.ifun.de\/wp-content\/uploads\/2025\/04\/the-last-of-us-500x281.jpg 500w, https:\/\/images.ifun.de\/wp-content\/uploads\/2025\/04\/the-last-of-us-700x394.jpg 700w, https:\/\/images.ifun.de\/wp-content\/uploads\/2025\/04\/the-last-of-us-768x432.jpg 768w, https:\/\/images.ifun.de\/wp-content\/uploads\/2025\/04\/the-last-of-us.jpg 1366w\" sizes=\"auto, (max-width: 500px) 100vw, 500px\" \/><\/a><\/p>\n<p>Ob ihr bei Wow ausreichend f\u00fcr euch interessante Inhalte findet, um die insgesamt 72 Euro f\u00fcr ein komplettes Jahr zu rechtfertigen, m\u00fcsst ihr selbst entscheiden. Der Videodienst profitiert auf jeden Fall in besonderem Ma\u00df von den dar\u00fcber verf\u00fcgbaren HBO-Inhalten. So ist dort neben der neuen Staffel von \u201eThe Last of Us\u201c eben erst die dritte Staffel von \u201eThe White Lotus\u201c ins Programm gekommen.<\/p>\n<p><div class=\"responsive-video\"><iframe loading=\"lazy\" title=\"The Last of Us - Staffel 2  | Offizieller Trailer | Sky &amp; WOW\" width=\"500\" height=\"281\" src=\"https:\/\/www.youtube-nocookie.com\/embed\/oBcydiQbbRQ?feature=oembed\" frameborder=\"0\" allow=\"accelerometer; autoplay; clipboard-write; encrypted-media; gyroscope; picture-in-picture; web-share\" referrerpolicy=\"strict-origin-when-cross-origin\" allowfullscreen><\/iframe><\/div><\/p>\n<p>Die TV-Serie \u201eThe Last of Us\u201c basiert auf dem gleichnamigen Videospiel und handelt von einer durch Pilze ausgel\u00f6sten Infektion mit verheerenden Wirkungen auf die Menschheit. Die neuen Folgen werden im Wochenabstand ver\u00f6ffentlicht und kn\u00fcpfen nun f\u00fcnf Jahre sp\u00e4ter an die Handlungen der ersten Staffel an. Die Produzenten halten an den Darstellern aus der ersten Staffel fest, die nun in einer zerst\u00f6rten Welt ums \u00dcberleben k\u00e4mpfen.<\/p>\n<h2>The Walking Dead: Dead City: Neue Folgen bei MagentaTV<\/h2>\n<p>Postapokalyptisch geht es auch bei <a href=\"https:\/\/www.awin1.com\/awclick.php?gid=336765&amp;mid=11430&amp;awinaffid=399545&amp;linkid=3233070&amp;clickref=\" title=\"MagentaTV\">MagentaTV<\/a> zu. Dort startet am 5. Mai exklusiv die zweite Staffel von \u201eThe Walking Dead: Dead City\u201c mit acht neuen Folgen. Hier versuchen die Charaktere Maggie und Negan das im Chaos aufgegangene Manhattan zur\u00fcckzuerobern. Auch hier erscheinen die insgesamt acht neuen Folgen jeweils w\u00f6chentlich. Angesichts des bevorstehenden Starts hat die Telekom jetzt den offiziellen Trailer f\u00fcr die zweite Staffel ver\u00f6ffentlicht.<\/p>\n<p><div class=\"responsive-video\"><iframe loading=\"lazy\" title=\"The Walking Dead: Dead City \u2013 Staffel 2 | Trailer OmU | MagentaTV Exclusive\" width=\"500\" height=\"281\" src=\"https:\/\/www.youtube-nocookie.com\/embed\/4JWb2Is42QM?feature=oembed\" frameborder=\"0\" allow=\"accelerometer; autoplay; clipboard-write; encrypted-media; gyroscope; picture-in-picture; web-share\" referrerpolicy=\"strict-origin-when-cross-origin\" allowfullscreen><\/iframe><\/div><\/p>\n<p>Bei MagentaTV gibt es weiterhin <a href=\"https:\/\/www.awin1.com\/awclick.php?gid=336765&amp;mid=11430&amp;awinaffid=399545&amp;linkid=3233070&amp;clickref=\" title=\"MagentaTV\">die M\u00f6glichkeit<\/a>, den Videodienst der Telekom in Kombination mit Apple TV+, Netflix, Disney+ und RTL+ f\u00fcr umgerechnet 22,50 Euro pro Monat zu buchen, wenn man sich \u00fcber 24 Monate festlegt. <img loading=\"lazy\" decoding=\"async\" src=\"https:\/\/vg05.met.vgwort.de\/na\/552530021e864398840cdd44e6e299c4\" width=\"1\" height=\"1\" no-lazy class=\"tracking\"><\/p>\n","protected":false},"excerpt":{"rendered":"<a href=\"https:\/\/www.ifun.de\/neue-staffeln-von-the-last-of-us-und-the-walking-dead-dead-city-252802\/\"><img width=\"150\" height=\"150\" src=\"https:\/\/images.ifun.de\/wp-content\/uploads\/2025\/04\/the-last-of-us-feature-150x150.jpg\" class=\"alignright tfe wp-post-image\" alt=\"The Last Of Us Feature\" decoding=\"async\" loading=\"lazy\" \/><\/a><p>Der Sky-Ableger Wow nimmt den Start der zweiten Staffel von \u201eThe Last of Us\u201c zum Anlass, darauf hinweisen, dass sich der Monatspreis f\u00fcr den Videodienst um 40 Prozent reduzieren l\u00e4sst, wenn man sich f\u00fcr ein ganzes Jahr festlegt. Abonniert man das Paket \u201eWow Filme &amp; Serien\u201c in der Variante ohne Laufzeitbindung, so werden monatlich 9,98 [&hellip;]<\/p>\n","protected":false},"author":2,"featured_media":252803,"comment_status":"open","ping_status":"closed","sticky":false,"template":"","format":"standard","meta":{"_acf_changed":false,"footnotes":""},"categories":[1],"tags":[60,31],"class_list":["post-252802","post","type-post","status-publish","format-standard","has-post-thumbnail","hentry","category-news","tag-streaming","tag-video"],"acf":[],"aioseo_notices":[],"featured_image":["https:\/\/images.ifun.de\/wp-content\/uploads\/2025\/04\/the-last-of-us-feature.jpg"],"subheadline":["Neustarts bei Sky Wow und MagentaTV"],"rest_api_enabler":{"featured_image":"https:\/\/images.ifun.de\/wp-content\/uploads\/2025\/04\/the-last-of-us-feature.jpg","subheadline":"Neustarts bei Sky Wow und MagentaTV"},"_links":{"self":[{"href":"https:\/\/www.ifun.de\/apiv2\/wp\/v2\/posts\/252802","targetHints":{"allow":["GET"]}}],"collection":[{"href":"https:\/\/www.ifun.de\/apiv2\/wp\/v2\/posts"}],"about":[{"href":"https:\/\/www.ifun.de\/apiv2\/wp\/v2\/types\/post"}],"author":[{"embeddable":true,"href":"https:\/\/www.ifun.de\/apiv2\/wp\/v2\/users\/2"}],"replies":[{"embeddable":true,"href":"https:\/\/www.ifun.de\/apiv2\/wp\/v2\/comments?post=252802"}],"version-history":[{"count":4,"href":"https:\/\/www.ifun.de\/apiv2\/wp\/v2\/posts\/252802\/revisions"}],"predecessor-version":[{"id":252810,"href":"https:\/\/www.ifun.de\/apiv2\/wp\/v2\/posts\/252802\/revisions\/252810"}],"wp:featuredmedia":[{"embeddable":true,"href":"https:\/\/www.ifun.de\/apiv2\/wp\/v2\/media\/252803"}],"wp:attachment":[{"href":"https:\/\/www.ifun.de\/apiv2\/wp\/v2\/media?parent=252802"}],"wp:term":[{"taxonomy":"category","embeddable":true,"href":"https:\/\/www.ifun.de\/apiv2\/wp\/v2\/categories?post=252802"},{"taxonomy":"post_tag","embeddable":true,"href":"https:\/\/www.ifun.de\/apiv2\/wp\/v2\/tags?post=252802"}],"curies":[{"name":"wp","href":"https:\/\/api.w.org\/{rel}","templated":true}]}}