{"id":251428,"date":"2025-03-26T19:16:11","date_gmt":"2025-03-26T18:16:11","guid":{"rendered":"https:\/\/www.ifun.de\/?p=251428"},"modified":"2025-03-27T05:53:11","modified_gmt":"2025-03-27T04:53:11","slug":"hinter-dem-mac-kombi-werbung-fuer-macs-und-apple-tv","status":"publish","type":"post","link":"https:\/\/www.ifun.de\/hinter-dem-mac-kombi-werbung-fuer-macs-und-apple-tv-251428\/","title":{"rendered":"&#8222;Hinter dem Mac&#8220;: Kombi-Werbung f\u00fcr Macs und Apple TV+"},"content":{"rendered":"<p>Apple pr\u00e4sentiert nun schon seit sieben Jahren in loser Folge kleine Videoproduktionen mit dem Titel \u201eBehind the Mac\u201c, die teilweise auch als \u201eHinter dem Mac\u201c auf Deutsch verf\u00fcgbar sind. Im Fokus stehen hier jeweils die vielseitigen M\u00f6glichkeiten, einen Mac professionell zu verwenden. Mit der neuesten Ver\u00f6ffentlichung in dieser Reihe schl\u00e4gt Apple nun gleich zwei Fliegen mit einer Klappe. Das Video darf man als Werbeclip f\u00fcr die Computer von Apple und den Streamingdienst Apple TV+ gleicherma\u00dfen sehen.<\/p>\n<p>Apple Deutschland hat das neue Video unter dem Titel \u201eHinter dem Mac: Bearbeitung von Severance\u201c ver\u00f6ffentlicht und weist sowohl in der Videobeschreibung als auch im Vorspann zun\u00e4chst darauf hin, dass sich darin Spoiler zur zweiten Staffel von \u201eSeverance\u201c finden. Falls ihr die Erfolgsserie also noch nicht gesehen habt, spart ihr euch die knapp zw\u00f6lf Minuten lange neue Apple-Werbung besser f\u00fcr einen sp\u00e4teren Zeitpunkt auf.<\/p>\n<p><div class=\"responsive-video\"><iframe loading=\"lazy\" title=\"Hinter dem Mac: Bearbeitung von Severance | Apple\" width=\"500\" height=\"281\" src=\"https:\/\/www.youtube-nocookie.com\/embed\/QWrUG5wUpIQ?feature=oembed\" frameborder=\"0\" allow=\"accelerometer; autoplay; clipboard-write; encrypted-media; gyroscope; picture-in-picture; web-share\" referrerpolicy=\"strict-origin-when-cross-origin\" allowfullscreen><\/iframe><\/div><\/p>\n<p>\u201eSeverance\u201c ist aktuell unbestritten nicht nur eine der erfolgreichsten, sondern auch eine der wichtigsten Serien auf Apple TV+. Es gibt vermutlich keine andere auf Apple TV+ verf\u00fcgbare Produktion, der Apple mehr Aufmerksamkeit bescheren will.<\/p>\n<h2>Ben Stiller kommentiert den Schnitt<\/h2>\n<p>In der neu produzierten \u201eHinter dem Mac\u201c-Folge kommen der Regisseur der Serie Ben Stiller und sein Filmeditor Geoffrey Richman zu Wort. Die beiden kommentieren Szenen aus der zweiten Staffel von \u201eSeverance\u201c, um die Verbindung zwischen dem Schnitt und dem Handlungsstrang der Geschichte aufzuzeigen. Angesichts der Tatsache, dass hier vor allem das erst am Freitag ausgestrahlte Finale der zweiten Staffel von \u201eSeverance\u201c als Beispiel dient, ist die eingehende Spoiler-Warnung durchaus ernstzunehmen.<\/p>\n<p>F\u00fcr den Filmschnitt hat das Produktionsteam der Serie mit dem Mac mini, dem iMac und dem MacBook Pro drei verschiedene Apple-Computer verwendet. Es ist bemerkenswert, dass hier weder der Mac Studio noch ein Mac Pro im Einsatz waren.<img loading=\"lazy\" decoding=\"async\" src=\"https:\/\/vg08.met.vgwort.de\/na\/fdb181bd65f2475e9de57e329218edf4\" width=\"1\" height=\"1\" no-lazy class=\"tracking\"><\/p>\n","protected":false},"excerpt":{"rendered":"<a href=\"https:\/\/www.ifun.de\/hinter-dem-mac-kombi-werbung-fuer-macs-und-apple-tv-251428\/\"><img width=\"150\" height=\"150\" src=\"https:\/\/images.ifun.de\/wp-content\/uploads\/2025\/03\/behind-the-mac-severance-150x150.jpg\" class=\"alignright tfe wp-post-image\" alt=\"Behind The Mac Severance\" decoding=\"async\" loading=\"lazy\" \/><\/a><p>Apple pr\u00e4sentiert nun schon seit sieben Jahren in loser Folge kleine Videoproduktionen mit dem Titel \u201eBehind the Mac\u201c, die teilweise auch als \u201eHinter dem Mac\u201c auf Deutsch verf\u00fcgbar sind. Im Fokus stehen hier jeweils die vielseitigen M\u00f6glichkeiten, einen Mac professionell zu verwenden. Mit der neuesten Ver\u00f6ffentlichung in dieser Reihe schl\u00e4gt Apple nun gleich zwei Fliegen [&hellip;]<\/p>\n","protected":false},"author":2,"featured_media":251430,"comment_status":"open","ping_status":"closed","sticky":false,"template":"","format":"standard","meta":{"_acf_changed":false,"footnotes":""},"categories":[16],"tags":[6321,31],"class_list":["post-251428","post","type-post","status-publish","format-standard","has-post-thumbnail","hentry","category-mac","tag-mac","tag-video"],"acf":[],"aioseo_notices":[],"featured_image":["https:\/\/images.ifun.de\/wp-content\/uploads\/2025\/03\/severance-produktion-feature.jpg^"],"subheadline":["Neue Episode spoilert \"Severance\""],"rest_api_enabler":{"featured_image":"https:\/\/images.ifun.de\/wp-content\/uploads\/2025\/03\/severance-produktion-feature.jpg^","subheadline":"Neue Episode spoilert \"Severance\""},"_links":{"self":[{"href":"https:\/\/www.ifun.de\/apiv2\/wp\/v2\/posts\/251428","targetHints":{"allow":["GET"]}}],"collection":[{"href":"https:\/\/www.ifun.de\/apiv2\/wp\/v2\/posts"}],"about":[{"href":"https:\/\/www.ifun.de\/apiv2\/wp\/v2\/types\/post"}],"author":[{"embeddable":true,"href":"https:\/\/www.ifun.de\/apiv2\/wp\/v2\/users\/2"}],"replies":[{"embeddable":true,"href":"https:\/\/www.ifun.de\/apiv2\/wp\/v2\/comments?post=251428"}],"version-history":[{"count":4,"href":"https:\/\/www.ifun.de\/apiv2\/wp\/v2\/posts\/251428\/revisions"}],"predecessor-version":[{"id":251450,"href":"https:\/\/www.ifun.de\/apiv2\/wp\/v2\/posts\/251428\/revisions\/251450"}],"wp:featuredmedia":[{"embeddable":true,"href":"https:\/\/www.ifun.de\/apiv2\/wp\/v2\/media\/251430"}],"wp:attachment":[{"href":"https:\/\/www.ifun.de\/apiv2\/wp\/v2\/media?parent=251428"}],"wp:term":[{"taxonomy":"category","embeddable":true,"href":"https:\/\/www.ifun.de\/apiv2\/wp\/v2\/categories?post=251428"},{"taxonomy":"post_tag","embeddable":true,"href":"https:\/\/www.ifun.de\/apiv2\/wp\/v2\/tags?post=251428"}],"curies":[{"name":"wp","href":"https:\/\/api.w.org\/{rel}","templated":true}]}}