{"id":249788,"date":"2025-03-04T15:11:01","date_gmt":"2025-03-04T14:11:01","guid":{"rendered":"https:\/\/www.ifun.de\/?p=249788"},"modified":"2025-03-12T13:14:32","modified_gmt":"2025-03-12T12:14:32","slug":"apple-stellt-neues-ipad-air-mit-m3-prozessor-vor","status":"publish","type":"post","link":"https:\/\/www.ifun.de\/apple-stellt-neues-ipad-air-mit-m3-prozessor-vor-249788\/","title":{"rendered":"Apple stellt neues iPad Air mit M3-Prozessor vor"},"content":{"rendered":"<p>Falls ihr wie wir auf ein neues MacBook gewartet habt, Fehlanzeige: Apple hat heute das <a href=\"https:\/\/apple.sjv.io\/nLYW4V\">neue iPad Air<\/a> vorgestellt. Das Tablet l\u00e4sst sich ab sofort auf der Webseite des Herstellers bestellen und wird vom 12. M\u00e4rz an ausgeliefert.<\/p>\n<p>Das neue iPad Air ist mit einem M3-Prozessor von Apple ausgestattet und dem Hersteller zufolge somit bestens f\u00fcr seine KI-Integration \u201eApple Intelligence\u201c vorbereitet.<\/p>\n<p><a href=\"https:\/\/images.ifun.de\/wp-content\/uploads\/2025\/03\/ipad-air-2025.jpg\"><img loading=\"lazy\" decoding=\"async\" src=\"https:\/\/images.ifun.de\/wp-content\/uploads\/2025\/03\/ipad-air-2025-500x376.jpg\" alt=\"Ipad Air 2025\" width=\"500\" height=\"376\" class=\"alignnone size-medium wp-image-249805\" srcset=\"https:\/\/images.ifun.de\/wp-content\/uploads\/2025\/03\/ipad-air-2025-500x376.jpg 500w, https:\/\/images.ifun.de\/wp-content\/uploads\/2025\/03\/ipad-air-2025-700x526.jpg 700w, https:\/\/images.ifun.de\/wp-content\/uploads\/2025\/03\/ipad-air-2025-768x577.jpg 768w, https:\/\/images.ifun.de\/wp-content\/uploads\/2025\/03\/ipad-air-2025.jpg 1400w\" sizes=\"auto, (max-width: 500px) 100vw, 500px\" \/><\/a><\/p>\n<p>Es wurde zwar im Vorfeld immer mal wieder dr\u00fcber berichtet, dass Apple auch ein neues Modell des iPad Air in Arbeit hat. Mit einer Ver\u00f6ffentlichung zu einem derart fr\u00fchen Zeitpunkt wurde jedoch schon allein aufgrund der Tatsache, dass das mit einem Apple-Chip vom Typ M2 ausgestattete Vorg\u00e4ngermodell erst seit zehn Monaten im Handel ist, nicht gerechnet. Das Update l\u00e4sst zumindest darauf schlie\u00dfen, dass Apple der Meinung ist, dass der jetzt hier verbaute M3-Prozessor eine deutlich bessere Grundlage f\u00fcr die auch in iPadOS integrierten KI-Funtionen von \u201eApple Intelligence\u201c bietet. Der Hersteller betont dies auch im Rahmen der Vorstellung des neuen Modells:<\/p>\n<blockquote>\n<p>Mit dem iPad Air mit M3 k\u00f6nnen Anwender \u00fcberall produktiv und kreativ sein \u2013 von aufstrebenden Kreativen, die anspruchsvolle Apps nutzen und mit gro\u00dfen Dateien arbeiten, bis zu Reisenden, die Inhalte unterwegs bearbeiten. Der leistungsstarke M3 Chip bringt eine Reihe von Verbesserungen gegen\u00fcber Modellen mit M1 und vorherigen Generationen. Mit einer leistungsst\u00e4rkeren 8-Core CPU ist der M3 bei CPU Workflows mit mehreren Threads bis zu 35 Prozent schneller als das iPad Air mit M1. Der M3 hat eine 9-Core GPU mit bis zu 40 Prozent schnellerer Grafikperformance gegen\u00fcber dem M1. Der M3 bringt au\u00dferdem die fortschrittliche Grafikarchitektur von Apple zum ersten Mal auf das iPad Air. Sie unterst\u00fctzt dynamisches Caching sowie Hardware beschleunigtes Mesh Shading und Raytracing. F\u00fcr grafikintensive Rendering Workflows liefert das iPad Air mit M3 eine bis zu 4-mal schnellere Performance als das iPad Air mit M1 und erm\u00f6glicht pr\u00e4zisere Lichteffekte, Spiegelungen, Schatten und extrem realistische Gamingerlebnisse.<\/p>\n<\/blockquote>\n<h2>Neues Magic Keyboard als Zubeh\u00f6r<\/h2>\n<p>Gemeinsam mit dem iPad Air M3 hat Apple auch eine neue Version des <a href=\"https:\/\/apple.sjv.io\/Z6NzPg\">Magic Keyboard f\u00fcr das iPad Air<\/a> vorgestellt. Die Tastatur ist jetzt mit einem vergr\u00f6\u00dferten Trackpad und einer Reihe mit 14 Funktionstasten ausgestattet, die direkten Zugriff auf Funktionen wie die Bildschirmhelligkeit oder Lautst\u00e4rke erlauben.<\/p>\n<p><a href=\"https:\/\/images.ifun.de\/wp-content\/uploads\/2025\/03\/Apple-iPad-Air-and-Magic-Keyboard-2025.jpg\"><img loading=\"lazy\" decoding=\"async\" src=\"https:\/\/images.ifun.de\/wp-content\/uploads\/2025\/03\/Apple-iPad-Air-and-Magic-Keyboard-2025-700x574.jpg\" alt=\"Apple IPad Air And Magic Keyboard 2025\" width=\"700\" height=\"574\" class=\"alignnone size-large wp-image-249810\" srcset=\"https:\/\/images.ifun.de\/wp-content\/uploads\/2025\/03\/Apple-iPad-Air-and-Magic-Keyboard-2025-700x574.jpg 700w, https:\/\/images.ifun.de\/wp-content\/uploads\/2025\/03\/Apple-iPad-Air-and-Magic-Keyboard-2025-500x410.jpg 500w, https:\/\/images.ifun.de\/wp-content\/uploads\/2025\/03\/Apple-iPad-Air-and-Magic-Keyboard-2025-768x629.jpg 768w, https:\/\/images.ifun.de\/wp-content\/uploads\/2025\/03\/Apple-iPad-Air-and-Magic-Keyboard-2025.jpg 1400w\" sizes=\"auto, (max-width: 700px) 100vw, 700px\" \/><\/a><\/p>\n<p>Das iPad Air wird mit 11 Zoll und 13 Zoll Bildschirmgr\u00f6\u00dfe in den Farben Blau, Violett, Polarstern und Space Grau mit 128 GB, 256 GB, 512 GB oder 1 TB Speicher angeboten. Die Preise beginnen wie beim vorherigen Modell bei 699 Euro f\u00fcr das Modell mit 11 Zoll Bildschirmgr\u00f6\u00dfe. Wer hier zus\u00e4tzlich Mobilfunk nutzen will, muss mindestens 869 Euro bezahlen. Mit 13 Zoll Bildschirmgr\u00f6\u00dfe werden mindestens 959 Euro beziehungsweise 1.119 Euro f\u00e4llig.<\/p>\n<p>Wer sich das passende Keyboard von Apple dazu kaufen will, muss nochmal ordentlich in die Tasche greifen. Hier werden je nach Bildschirmgr\u00f6\u00dfe 329 Euro beziehungsweise 349 Euro f\u00e4llig.<img loading=\"lazy\" decoding=\"async\" src=\"https:\/\/vg08.met.vgwort.de\/na\/f754cb14dc6249c6a9d888fcfce5f641\" width=\"1\" height=\"1\" no-lazy class=\"tracking\"><\/p>\n","protected":false},"excerpt":{"rendered":"<a href=\"https:\/\/www.ifun.de\/apple-stellt-neues-ipad-air-mit-m3-prozessor-vor-249788\/\"><img width=\"150\" height=\"150\" src=\"https:\/\/images.ifun.de\/wp-content\/uploads\/2025\/03\/ipad-air-2025-feature-150x150.jpg\" class=\"alignright tfe wp-post-image\" alt=\"Ipad Air 2025 Feature\" decoding=\"async\" loading=\"lazy\" \/><\/a><p>Falls ihr wie wir auf ein neues MacBook gewartet habt, Fehlanzeige: Apple hat heute das neue iPad Air vorgestellt. Das Tablet l\u00e4sst sich ab sofort auf der Webseite des Herstellers bestellen und wird vom 12. M\u00e4rz an ausgeliefert. Das neue iPad Air ist mit einem M3-Prozessor von Apple ausgestattet und dem Hersteller zufolge somit bestens [&hellip;]<\/p>\n","protected":false},"author":2,"featured_media":249789,"comment_status":"open","ping_status":"closed","sticky":false,"template":"","format":"standard","meta":{"_acf_changed":false,"footnotes":""},"categories":[10,1783],"tags":[],"class_list":["post-249788","post","type-post","status-publish","format-standard","has-post-thumbnail","hentry","category-ipad","category-feature"],"acf":[],"aioseo_notices":[],"featured_image":["https:\/\/images.ifun.de\/wp-content\/uploads\/2025\/03\/ipad-air-2025-feature-1.jpg"],"subheadline":["\"F\u00fcr Apple Intelligence entwickelt\""],"rest_api_enabler":{"featured_image":"https:\/\/images.ifun.de\/wp-content\/uploads\/2025\/03\/ipad-air-2025-feature-1.jpg","subheadline":"\"F\u00fcr Apple Intelligence entwickelt\""},"_links":{"self":[{"href":"https:\/\/www.ifun.de\/apiv2\/wp\/v2\/posts\/249788","targetHints":{"allow":["GET"]}}],"collection":[{"href":"https:\/\/www.ifun.de\/apiv2\/wp\/v2\/posts"}],"about":[{"href":"https:\/\/www.ifun.de\/apiv2\/wp\/v2\/types\/post"}],"author":[{"embeddable":true,"href":"https:\/\/www.ifun.de\/apiv2\/wp\/v2\/users\/2"}],"replies":[{"embeddable":true,"href":"https:\/\/www.ifun.de\/apiv2\/wp\/v2\/comments?post=249788"}],"version-history":[{"count":14,"href":"https:\/\/www.ifun.de\/apiv2\/wp\/v2\/posts\/249788\/revisions"}],"predecessor-version":[{"id":250104,"href":"https:\/\/www.ifun.de\/apiv2\/wp\/v2\/posts\/249788\/revisions\/250104"}],"wp:featuredmedia":[{"embeddable":true,"href":"https:\/\/www.ifun.de\/apiv2\/wp\/v2\/media\/249789"}],"wp:attachment":[{"href":"https:\/\/www.ifun.de\/apiv2\/wp\/v2\/media?parent=249788"}],"wp:term":[{"taxonomy":"category","embeddable":true,"href":"https:\/\/www.ifun.de\/apiv2\/wp\/v2\/categories?post=249788"},{"taxonomy":"post_tag","embeddable":true,"href":"https:\/\/www.ifun.de\/apiv2\/wp\/v2\/tags?post=249788"}],"curies":[{"name":"wp","href":"https:\/\/api.w.org\/{rel}","templated":true}]}}