{"id":249074,"date":"2025-02-20T11:45:36","date_gmt":"2025-02-20T10:45:36","guid":{"rendered":"https:\/\/www.ifun.de\/?p=249074"},"modified":"2025-02-20T11:45:36","modified_gmt":"2025-02-20T10:45:36","slug":"sonos-verbessert-lautstaerkeregelung-per-update","status":"publish","type":"post","link":"https:\/\/www.ifun.de\/sonos-verbessert-lautstaerkeregelung-per-update-249074\/","title":{"rendered":"Sonos verbessert Lautst\u00e4rkeregelung per Update"},"content":{"rendered":"<p>Der Lautsprecher-Hersteller Sonos hat eine weitere Aktualisierung seiner Systemsoftware ver\u00f6ffentlicht, die eine verbesserte Reaktionszeit bei der Lautst\u00e4rkeregelung f\u00fcr bestimmte Konfigurationen mit sich bringen soll. Das Update mit der <a href=\"https:\/\/support.sonos.com\/en\/article\/release-notes-sonos-system-updates\">Versionsnummer 83.1-62052<\/a> wurde in der Nacht zum Donnerstag bereitgestellt.<\/p>\n<p><a href=\"https:\/\/images.ifun.de\/wp-content\/uploads\/2024\/09\/sonos-streaming.webp\"><img loading=\"lazy\" decoding=\"async\" class=\"aligncenter size-medium wp-image-239665\" src=\"https:\/\/images.ifun.de\/wp-content\/uploads\/2024\/09\/sonos-streaming-500x495.webp\" alt=\"Sonos Streaming\" width=\"500\" height=\"495\" srcset=\"https:\/\/images.ifun.de\/wp-content\/uploads\/2024\/09\/sonos-streaming-500x495.webp 500w, https:\/\/images.ifun.de\/wp-content\/uploads\/2024\/09\/sonos-streaming-700x693.webp 700w, https:\/\/images.ifun.de\/wp-content\/uploads\/2024\/09\/sonos-streaming-150x150.webp 150w, https:\/\/images.ifun.de\/wp-content\/uploads\/2024\/09\/sonos-streaming-768x760.webp 768w, https:\/\/images.ifun.de\/wp-content\/uploads\/2024\/09\/sonos-streaming.webp 1200w\" sizes=\"auto, (max-width: 500px) 100vw, 500px\" \/><\/a><\/p>\n<p>Ende Januar hatte Sonos die letzte Aktualisierung f\u00fcr seine iOS-App ver\u00f6ffentlicht. Diese brachte unter anderem Unterst\u00fctzung f\u00fcr das neue <a href=\"https:\/\/www.ifun.de\/sonos-era-100-pro-neue-hardware-und-software-features-vorgestellt-247591\/\">Lautsprecher-Modell Era 100 Pro<\/a>, die M\u00f6glichkeit zur Zonenerstellung f\u00fcr bestimmte Ger\u00e4te sowie eine Funktion zum vor\u00fcbergehenden Aussetzen von Weckern innerhalb der App. Zudem wurden einige System-Einstellungen deutlicher hervorgehoben und die Akkustandsanzeige in die System\u00fcbersicht integriert.<\/p>\n<h2>Wechsel an der Spitze setzt sich fort<\/h2>\n<p>W\u00e4hrend Sonos weiterhin an technischen Verbesserungen seiner Apps und der Reaktionsf\u00e4higkeit seiner Lautsprecher arbeitet, geht der Umbau der Unternehmensspitze weiter. Mitte Januar musste CEO Patrick Spence <a href=\"https:\/\/www.ifun.de\/sonos-chef-patrick-spence-tritt-ab-246604\/\">seinen Posten r\u00e4umen<\/a>, kurz darauf folgte der <a href=\"https:\/\/www.ifun.de\/sonos-beben-nach-dem-ceo-geht-nun-auch-der-produkt-chef-246743\/\">Abgang des Produktchefs<\/a> Maxime Bouvat-Merlin.<\/p>\n<p>Inzwischen hat mit Jordan Saxemard auch der <a href=\"https:\/\/www.theverge.com\/news\/609519\/sonos-cmo-jordan-saxemard-leaving\">Marketingchef das Unternehmen verlassen<\/a>. Saxemard, der erst im Mai 2024 von Dyson zu Sonos kam, hat damit weniger als ein Jahr im Unternehmen verbracht. Die Aufgaben des Marketingchefs werden nun \u00fcbergangsweise von Lindsay Whitworth \u00fcbernommen, die seit mehr als 20 Jahren bei Sonos t\u00e4tig ist. Interims-CEO Tom Conrad setzt damit offenbar darauf, bew\u00e4hrte F\u00fchrungskr\u00e4fte in zentrale Positionen zu bringen.<\/p>\n<p><a href=\"https:\/\/images.ifun.de\/wp-content\/uploads\/2025\/02\/sonos-lautstaerke.png\"><img loading=\"lazy\" decoding=\"async\" class=\"aligncenter size-large wp-image-249075\" src=\"https:\/\/images.ifun.de\/wp-content\/uploads\/2025\/02\/sonos-lautstaerke-700x503.png\" alt=\"Sonos Lautstaerke\" width=\"700\" height=\"503\" srcset=\"https:\/\/images.ifun.de\/wp-content\/uploads\/2025\/02\/sonos-lautstaerke-700x503.png 700w, https:\/\/images.ifun.de\/wp-content\/uploads\/2025\/02\/sonos-lautstaerke-500x359.png 500w, https:\/\/images.ifun.de\/wp-content\/uploads\/2025\/02\/sonos-lautstaerke-768x552.png 768w, https:\/\/images.ifun.de\/wp-content\/uploads\/2025\/02\/sonos-lautstaerke-1536x1103.png 1536w, https:\/\/images.ifun.de\/wp-content\/uploads\/2025\/02\/sonos-lautstaerke-2048x1471.png 2048w\" sizes=\"auto, (max-width: 700px) 100vw, 700px\" \/><\/a><\/p>\n<h2>Kritische Phase f\u00fcr Sonos<\/h2>\n<p>Die Umstrukturierung folgt auf eine herausfordernde Phase f\u00fcr Sonos. Das Unternehmen hatte im vergangenen Jahr eine \u00fcberarbeitete Version seiner mobilen App eingef\u00fchrt, die zahlreiche Fehler enthielt und gleichzeitig bew\u00e4hrte Funktionen vermissen lies, was vor allem bei Bestandskunden f\u00fcr massive Kritik sorgte. Auch die Einf\u00fchrung der ersten Sonos-Kopfh\u00f6rer, der Ace-Serie, <a href=\"https:\/\/www.ifun.de\/kommt-der-ace-pro-sonos-ueberdenkt-kopfhoerer-strategie-241852\/\">lief offenbar nicht wie erhofft<\/a>.<\/p>\n<ul>\n<li><strong>Kommt der Ace Pro?<\/strong> <a title=\"Kommt der Ace Pro? Sonos \u00fcberdenkt Kopfh\u00f6rer-Strategie\" href=\"https:\/\/www.ifun.de\/kommt-der-ace-pro-sonos-ueberdenkt-kopfhoerer-strategie-241852\/\">Sonos \u00fcberdenkt Kopfh\u00f6rer-Strategie<\/a><\/li>\n<\/ul>\n<p>Interims-CEO Conrad betonte, dass die Verbesserung der Kernfunktionen der Ger\u00e4te oberste Priorit\u00e4t habe. Neben Performance und Zuverl\u00e4ssigkeit wolle Sonos auch die Benutzerfreundlichkeit und das Design der Software weiterentwickeln.<\/p>\n<p>Ob und wie schnell sich diese Anpassungen positiv auf die Wahrnehmung des Unternehmens auswirken, bleibt abzuwarten. Anfang Februar entlie\u00df Sonos <a href=\"https:\/\/www.iphone-ticker.de\/bei-sonos-muessen-12-prozent-der-belegschaft-gehen-249781\/\">12 Prozent der gesamten Belegschaft<\/a>.<\/p>\n<p><img loading=\"lazy\" decoding=\"async\" src=\"https:\/\/vg07.met.vgwort.de\/na\/769e2854e1204b85b8dc074edc4754cb\" width=\"1\" height=\"1\" no-lazy class=\"tracking\"><\/p>\n","protected":false},"excerpt":{"rendered":"<a href=\"https:\/\/www.ifun.de\/sonos-verbessert-lautstaerkeregelung-per-update-249074\/\"><img width=\"150\" height=\"150\" src=\"https:\/\/images.ifun.de\/wp-content\/uploads\/2025\/02\/sonos-lautstaerke-150x150.png\" class=\"alignright tfe wp-post-image\" alt=\"Sonos Lautstaerke\" decoding=\"async\" loading=\"lazy\" \/><\/a><p>Der Lautsprecher-Hersteller Sonos hat eine weitere Aktualisierung seiner Systemsoftware ver\u00f6ffentlicht, die eine verbesserte Reaktionszeit bei der Lautst\u00e4rkeregelung f\u00fcr bestimmte Konfigurationen mit sich bringen soll. Das Update mit der Versionsnummer 83.1-62052 wurde in der Nacht zum Donnerstag bereitgestellt. Ende Januar hatte Sonos die letzte Aktualisierung f\u00fcr seine iOS-App ver\u00f6ffentlicht. Diese brachte unter anderem Unterst\u00fctzung f\u00fcr das [&hellip;]<\/p>\n","protected":false},"author":1,"featured_media":249075,"comment_status":"open","ping_status":"closed","sticky":false,"template":"","format":"standard","meta":{"_acf_changed":false,"footnotes":""},"categories":[1],"tags":[1068],"class_list":["post-249074","post","type-post","status-publish","format-standard","has-post-thumbnail","hentry","category-news","tag-sonos"],"acf":[],"aioseo_notices":[],"featured_image":["https:\/\/images.ifun.de\/wp-content\/uploads\/2024\/10\/sonos-arc-ultra-feature.jpg"],"subheadline":["Kritische Phase f\u00fcr Sonos"],"rest_api_enabler":{"featured_image":"https:\/\/images.ifun.de\/wp-content\/uploads\/2024\/10\/sonos-arc-ultra-feature.jpg","subheadline":"Kritische Phase f\u00fcr Sonos"},"_links":{"self":[{"href":"https:\/\/www.ifun.de\/apiv2\/wp\/v2\/posts\/249074","targetHints":{"allow":["GET"]}}],"collection":[{"href":"https:\/\/www.ifun.de\/apiv2\/wp\/v2\/posts"}],"about":[{"href":"https:\/\/www.ifun.de\/apiv2\/wp\/v2\/types\/post"}],"author":[{"embeddable":true,"href":"https:\/\/www.ifun.de\/apiv2\/wp\/v2\/users\/1"}],"replies":[{"embeddable":true,"href":"https:\/\/www.ifun.de\/apiv2\/wp\/v2\/comments?post=249074"}],"version-history":[{"count":1,"href":"https:\/\/www.ifun.de\/apiv2\/wp\/v2\/posts\/249074\/revisions"}],"predecessor-version":[{"id":249077,"href":"https:\/\/www.ifun.de\/apiv2\/wp\/v2\/posts\/249074\/revisions\/249077"}],"wp:featuredmedia":[{"embeddable":true,"href":"https:\/\/www.ifun.de\/apiv2\/wp\/v2\/media\/249075"}],"wp:attachment":[{"href":"https:\/\/www.ifun.de\/apiv2\/wp\/v2\/media?parent=249074"}],"wp:term":[{"taxonomy":"category","embeddable":true,"href":"https:\/\/www.ifun.de\/apiv2\/wp\/v2\/categories?post=249074"},{"taxonomy":"post_tag","embeddable":true,"href":"https:\/\/www.ifun.de\/apiv2\/wp\/v2\/tags?post=249074"}],"curies":[{"name":"wp","href":"https:\/\/api.w.org\/{rel}","templated":true}]}}