{"id":247723,"date":"2025-01-30T14:20:40","date_gmt":"2025-01-30T13:20:40","guid":{"rendered":"https:\/\/www.ifun.de\/?p=247723"},"modified":"2025-02-07T08:32:14","modified_gmt":"2025-02-07T07:32:14","slug":"werbung-bei-prime-video-schon-ueber-80-000-stuetzen-sammelklage","status":"publish","type":"post","link":"https:\/\/www.ifun.de\/werbung-bei-prime-video-schon-ueber-80-000-stuetzen-sammelklage-247723\/","title":{"rendered":"Werbung bei Prime Video: Schon \u00fcber 80.000 st\u00fctzen Sammelklage"},"content":{"rendered":"<p>Die Verbraucherzentrale Sachsen hat eine Wasserstandsmeldung zu der gegen Amazon eingereichten Sammelklage ver\u00f6ffentlicht.  Bislang haben sich der Klage 82.941 Menschen angeschlossen. Die Verbraucherzentrale sieht in der Ma\u00dfnahme des Konzerns eine unzul\u00e4ssige Vertrags\u00e4nderung. Hintergrund ist eine Anpassung des Video-Streaming-Dienstes Amazon Prime Video, bei dem <a href=\"https:\/\/www.ifun.de\/amazon-prime-video-ab-heute-mit-werbung-226990\/\">im Februar 2024 Werbung eingef\u00fchrt<\/a> wurde, ohne dass Kunden aktiv zugestimmt hatten.<\/p>\n<p>Damals wurde die \u00c4nderung zwar per E-Mail angek\u00fcndigt, jedoch ohne explizite Zustimmung umgesetzt. Kunden, die weiterhin werbefrei streamen wollten, mussten ein Zusatzabonnement f\u00fcr 2,99 Euro monatlich abschlie\u00dfen. Nach Auffassung der Kl\u00e4ger sei dies nicht zul\u00e4ssig.<\/p>\n<ul>\n<li><strong>Sammelklage gegen Prime:<\/strong> <a title=\"Sammelklage gegen Prime Video: Betroffene k\u00f6nnen jetzt \u201emitklagen\u201c\" href=\"https:\/\/www.ifun.de\/sammelklage-gegen-prime-video-betroffene-koennen-jetzt-mitmachen-233031\/\">Betroffene k\u00f6nnen jetzt \u201emitklagen\u201c<\/a><\/li>\n<\/ul>\n<p>Die Verbraucherzentrale fordert daher eine R\u00fcckzahlung der zus\u00e4tzlichen Kosten \u2013 unabh\u00e4ngig davon, ob Kunden das Zusatzabo abgeschlossen haben oder nicht. F\u00fcr ein Jahr entspr\u00e4che dies einer Summe von 35,88 Euro pro betroffenem Kunden.<\/p>\n<h2>17 Mio. Prime-Abonnenten betroffen<\/h2>\n<p>In Deutschland sind potenziell bis zu 17 Millionen Prime-Abonnenten betroffen, wodurch sich die Streitwerte im dreistelligen Millionenbereich bewegen. Ob Amazon die eingef\u00fchrte Werbequote in dieser Form h\u00e4tte umsetzen d\u00fcrfen, wird nun gerichtlich gekl\u00e4rt.<\/p>\n<p><a href=\"https:\/\/images.ifun.de\/wp-content\/uploads\/2024\/02\/prime-video-mit-werbung.jpg\"><img loading=\"lazy\" decoding=\"async\" class=\"aligncenter size-large wp-image-226993\" src=\"https:\/\/images.ifun.de\/wp-content\/uploads\/2024\/02\/prime-video-mit-werbung-700x497.jpg\" alt=\"Prime Video Mit Werbung\" width=\"700\" height=\"497\" srcset=\"https:\/\/images.ifun.de\/wp-content\/uploads\/2024\/02\/prime-video-mit-werbung-700x497.jpg 700w, https:\/\/images.ifun.de\/wp-content\/uploads\/2024\/02\/prime-video-mit-werbung-500x355.jpg 500w, https:\/\/images.ifun.de\/wp-content\/uploads\/2024\/02\/prime-video-mit-werbung-768x545.jpg 768w, https:\/\/images.ifun.de\/wp-content\/uploads\/2024\/02\/prime-video-mit-werbung.jpg 1400w\" sizes=\"auto, (max-width: 700px) 100vw, 700px\" \/><\/a><\/p>\n<p data-pm-slice=\"1 1 []\">Die Verbraucherzentrale Sachsen sieht ihre Auffassung durch die hohe Beteiligung der Kunden an der Sammelklage best\u00e4tigt. Viele Nutzer scheinen mit der Vorgehensweise des Unternehmens nicht einverstanden zu sein und wollen eine gerichtliche Kl\u00e4rung herbeif\u00fchren. Dabei steht insbesondere die Frage im Mittelpunkt, ob eine solche \u00c4nderung der Vertragsbedingungen ohne aktive Zustimmung der Kunden zul\u00e4ssig war oder ob Amazon diese zuvor ausdr\u00fccklich h\u00e4tte einholen m\u00fcssen.<\/p>\n<h2>Erfolgreiche Klage gegen Preiserh\u00f6hung<\/h2>\n<p>Die Auseinandersetzung um die Prime Video-Werbung ist nicht der erste Fall, in dem Verbraucherzentralen gegen Amazon vorgehen. <a href=\"https:\/\/www.ifun.de\/amazon-prime-klage-gegen-preiserhoehung-erfolgreich-246906\/\">Bereits in einem anderen Verfahren<\/a> erzielte die Verbraucherzentrale Nordrhein-Westfalen einen Erfolg. Das Landgericht D\u00fcsseldorf erkl\u00e4rte die Preisanpassungsklausel f\u00fcr eine fr\u00fchere Erh\u00f6hung des Prime-Abos von 69 Euro auf 89,90 Euro f\u00fcr unzul\u00e4ssig. Auch in diesem Fall hatten Kunden keine M\u00f6glichkeit, aktiv zuzustimmen.<\/p>\n<ul>\n<li><strong>Amazon Prime:<\/strong> <a title=\"Amazon Prime: Klage gegen Preiserh\u00f6hung erfolgreich\" href=\"https:\/\/www.ifun.de\/amazon-prime-klage-gegen-preiserhoehung-erfolgreich-246906\/\">Klage gegen Preiserh\u00f6hung erfolgreich<\/a><\/li>\n<\/ul>\n<p>Ob die aktuelle Klage \u00e4hnlich erfolgreich verlaufen wird, bleibt abzuwarten. Der Ausgang des Verfahrens k\u00f6nnte jedoch Auswirkungen auf zuk\u00fcnftige Gesch\u00e4ftsmodelle von Streaming-Anbietern und anderen Abo-Diensten haben.<\/p>\n<p><img loading=\"lazy\" decoding=\"async\" src=\"https:\/\/vg07.met.vgwort.de\/na\/61c884f097dd4860836e304e5c592144\" width=\"1\" height=\"1\" no-lazy class=\"tracking\"><\/p>\n","protected":false},"excerpt":{"rendered":"<a href=\"https:\/\/www.ifun.de\/werbung-bei-prime-video-schon-ueber-80-000-stuetzen-sammelklage-247723\/\"><img decoding=\"async\" width=\"150\" src=\"https:\/\/images.ifun.de\/wp-content\/uploads\/2024\/02\/prime-video-mit-werbung-700x497.jpg\" class=\"alignright wp-post-image tfe\" alt=\"Prime Video Mit Werbung\" title=\"\" \/><\/a><p>Die Verbraucherzentrale Sachsen hat eine Wasserstandsmeldung zu der gegen Amazon eingereichten Sammelklage ver\u00f6ffentlicht. Bislang haben sich der Klage 82.941 Menschen angeschlossen. Die Verbraucherzentrale sieht in der Ma\u00dfnahme des Konzerns eine unzul\u00e4ssige Vertrags\u00e4nderung. Hintergrund ist eine Anpassung des Video-Streaming-Dienstes Amazon Prime Video, bei dem im Februar 2024 Werbung eingef\u00fchrt wurde, ohne dass Kunden aktiv zugestimmt hatten. [&hellip;]<\/p>\n","protected":false},"author":1,"featured_media":0,"comment_status":"open","ping_status":"closed","sticky":false,"template":"","format":"standard","meta":{"_acf_changed":false,"footnotes":""},"categories":[1,1783],"tags":[400,2251,553,30],"class_list":["post-247723","post","type-post","status-publish","format-standard","hentry","category-news","category-feature","tag-deutschland","tag-prime","tag-recht","tag-werbung"],"acf":[],"aioseo_notices":[],"featured_image":["https:\/\/images.ifun.de\/wp-content\/uploads\/2023\/09\/prime-video-feature.jpg"],"subheadline":["17 Mio. Prime-Abonnenten betroffen"],"rest_api_enabler":{"featured_image":"https:\/\/images.ifun.de\/wp-content\/uploads\/2023\/09\/prime-video-feature.jpg","subheadline":"17 Mio. Prime-Abonnenten betroffen"},"_links":{"self":[{"href":"https:\/\/www.ifun.de\/apiv2\/wp\/v2\/posts\/247723","targetHints":{"allow":["GET"]}}],"collection":[{"href":"https:\/\/www.ifun.de\/apiv2\/wp\/v2\/posts"}],"about":[{"href":"https:\/\/www.ifun.de\/apiv2\/wp\/v2\/types\/post"}],"author":[{"embeddable":true,"href":"https:\/\/www.ifun.de\/apiv2\/wp\/v2\/users\/1"}],"replies":[{"embeddable":true,"href":"https:\/\/www.ifun.de\/apiv2\/wp\/v2\/comments?post=247723"}],"version-history":[{"count":3,"href":"https:\/\/www.ifun.de\/apiv2\/wp\/v2\/posts\/247723\/revisions"}],"predecessor-version":[{"id":247728,"href":"https:\/\/www.ifun.de\/apiv2\/wp\/v2\/posts\/247723\/revisions\/247728"}],"wp:attachment":[{"href":"https:\/\/www.ifun.de\/apiv2\/wp\/v2\/media?parent=247723"}],"wp:term":[{"taxonomy":"category","embeddable":true,"href":"https:\/\/www.ifun.de\/apiv2\/wp\/v2\/categories?post=247723"},{"taxonomy":"post_tag","embeddable":true,"href":"https:\/\/www.ifun.de\/apiv2\/wp\/v2\/tags?post=247723"}],"curies":[{"name":"wp","href":"https:\/\/api.w.org\/{rel}","templated":true}]}}