{"id":247285,"date":"2025-01-23T06:47:22","date_gmt":"2025-01-23T05:47:22","guid":{"rendered":"https:\/\/www.ifun.de\/?p=247285"},"modified":"2025-01-23T06:47:22","modified_gmt":"2025-01-23T05:47:22","slug":"orico-minidock-haelt-den-mac-mini-2024-in-der-vertikalen","status":"publish","type":"post","link":"https:\/\/www.ifun.de\/orico-minidock-haelt-den-mac-mini-2024-in-der-vertikalen-247285\/","title":{"rendered":"ORICO MiniDock: H\u00e4lt den Mac mini 2024 in der Vertikalen"},"content":{"rendered":"<p>Die Auswahl an Docking-Stationen f\u00fcr den neuen Mac mini vergr\u00f6\u00dfert sich weiter. Nach dem <a href=\"https:\/\/www.ifun.de\/satechi-hub-fuer-den-mac-mini-m4-dient-auch-als-speichererweiterung-246328\/\">Satechi Hub f\u00fcr den Mac mini M4<\/a> bietet nun auch der chinesische Hardware-Anbieter Orico eine USB-C-Dockingstation mit zus\u00e4tzlichem Speicherplatz an.<\/p>\n<p><a href=\"https:\/\/images.ifun.de\/wp-content\/uploads\/2025\/01\/minidock-orico.png\"><img loading=\"lazy\" decoding=\"async\" class=\"aligncenter size-medium wp-image-247288\" src=\"https:\/\/images.ifun.de\/wp-content\/uploads\/2025\/01\/minidock-orico-500x368.png\" alt=\"Minidock Orico\" width=\"500\" height=\"368\" srcset=\"https:\/\/images.ifun.de\/wp-content\/uploads\/2025\/01\/minidock-orico-500x368.png 500w, https:\/\/images.ifun.de\/wp-content\/uploads\/2025\/01\/minidock-orico-700x515.png 700w, https:\/\/images.ifun.de\/wp-content\/uploads\/2025\/01\/minidock-orico-768x565.png 768w, https:\/\/images.ifun.de\/wp-content\/uploads\/2025\/01\/minidock-orico.png 854w\" sizes=\"auto, (max-width: 500px) 100vw, 500px\" \/><\/a><\/p>\n<p><a href=\"https:\/\/oricotechs.com\/products\/minidock-vertical-dock-stand\">Das sogenannte &#8222;MiniDock&#8220;<\/a> richtet sich speziell an Nutzer des Mac mini 2024. Das Ger\u00e4t kombiniert eine vertikale Aufbewahrungsl\u00f6sung mit zahlreichen Anschlussm\u00f6glichkeiten und einem zus\u00e4tzlichen M.2-SSD-Steckplatz. Neben einer verbesserten Kabelorganisation soll das MiniDock laut ORICO auch Platz auf dem Schreibtisch sparen und eine stabile Basis f\u00fcr den Mac mini bieten.<\/p>\n<p>Das Geh\u00e4use des MiniDock besteht aus Aluminium und ABS-Kunststoff, w\u00e4hrend rutschfeste Silikonpads an der Oberfl\u00e4che Besch\u00e4digungen des Mac mini verhindern sollen. Mit einer Gr\u00f6\u00dfe von 135 mm \u00d7 65 mm \u00d7 43,5 mm bleibt die Dockingstation kompakt und l\u00f6st durch die Aufrichtung der kleinen Desktop-Maschine das Problem des vergleichsweise schwer zu erreichenden Netzschalters.<\/p>\n<p><a href=\"https:\/\/images.ifun.de\/wp-content\/uploads\/2025\/01\/minidock-ssd.webp\"><img loading=\"lazy\" decoding=\"async\" class=\"aligncenter size-large wp-image-247287\" src=\"https:\/\/images.ifun.de\/wp-content\/uploads\/2025\/01\/minidock-ssd-700x700.webp\" alt=\"Minidock Ssd\" width=\"700\" height=\"700\" srcset=\"https:\/\/images.ifun.de\/wp-content\/uploads\/2025\/01\/minidock-ssd-700x700.webp 700w, https:\/\/images.ifun.de\/wp-content\/uploads\/2025\/01\/minidock-ssd-500x500.webp 500w, https:\/\/images.ifun.de\/wp-content\/uploads\/2025\/01\/minidock-ssd-150x150.webp 150w, https:\/\/images.ifun.de\/wp-content\/uploads\/2025\/01\/minidock-ssd-768x768.webp 768w, https:\/\/images.ifun.de\/wp-content\/uploads\/2025\/01\/minidock-ssd-1536x1536.webp 1536w, https:\/\/images.ifun.de\/wp-content\/uploads\/2025\/01\/minidock-ssd.webp 1600w\" sizes=\"auto, (max-width: 700px) 100vw, 700px\" \/><\/a><\/p>\n<h2>Zehn Ports verf\u00fcgbar<\/h2>\n<p>Das MiniDock verf\u00fcgt \u00fcber insgesamt zehn Anschl\u00fcsse. An der Vorderseite befinden sich ein USB-C-Port und ein USB-A-Port mit einer Daten\u00fcbertragungsrate von bis zu 10 Gbps, ein weiterer USB-A-Port mit 5 Gbps sowie SD- und MicroSD-Kartenleser.<\/p>\n<p>Auf der R\u00fcckseite stehen ein USB-C-Anschluss mit bis zu 100 Watt Leistung f\u00fcr die Stromversorgung und ein weiterer 10-Gbps-USB-C-Port f\u00fcr die Verbindung zum Host-PC zur Verf\u00fcgung. Erg\u00e4nzt wird das Angebot durch einen HDMI-Ausgang mit einer Aufl\u00f6sung von 4K bei 60 Hz, einen Gigabit-Ethernet-Anschluss und einen USB-A-Port mit 5 Gbps.<br \/>\n<a href=\"https:\/\/images.ifun.de\/wp-content\/uploads\/2025\/01\/minidock.webp\"><img loading=\"lazy\" decoding=\"async\" class=\"aligncenter size-large wp-image-247286\" src=\"https:\/\/images.ifun.de\/wp-content\/uploads\/2025\/01\/minidock-700x700.webp\" alt=\"Minidock\" width=\"700\" height=\"700\" srcset=\"https:\/\/images.ifun.de\/wp-content\/uploads\/2025\/01\/minidock-700x700.webp 700w, https:\/\/images.ifun.de\/wp-content\/uploads\/2025\/01\/minidock-500x500.webp 500w, https:\/\/images.ifun.de\/wp-content\/uploads\/2025\/01\/minidock-150x150.webp 150w, https:\/\/images.ifun.de\/wp-content\/uploads\/2025\/01\/minidock-768x768.webp 768w, https:\/\/images.ifun.de\/wp-content\/uploads\/2025\/01\/minidock-1536x1536.webp 1536w, https:\/\/images.ifun.de\/wp-content\/uploads\/2025\/01\/minidock.webp 1600w\" sizes=\"auto, (max-width: 700px) 100vw, 700px\" \/><\/a><\/p>\n<h2>SSD-Steckplatz integriert<\/h2>\n<p>Eine Besonderheit des MiniDock ist der integrierte M.2-SSD-Steckplatz, der NVMe- oder SATA-SSDs mit einer Kapazit\u00e4t von bis zu 8 TB unterst\u00fctzt. Nutzer k\u00f6nnen zwischen verschiedenen vorkonfigurierten Modellen w\u00e4hlen, die mit SSDs von 512 GB bis 4 TB ausgestattet sind. Alternativ steht eine Variante ohne SSD zur Verf\u00fcgung.<\/p>\n<p>Die Preise f\u00fcr das MiniDock beginnen bei 67,25 Euro f\u00fcr die Basisversion ohne SSD. Das ORICO MiniDock ist derzeit nur \u00fcber die <a href=\"https:\/\/oricotechs.com\/products\/minidock-vertical-dock-stand\">Webseite des Anbieters<\/a> erh\u00e4ltlich, wird allerdings <a rel=\"noindex, nofollow\" href=\"http:\/\/www.ifun.de\/amzn\/B0DPWXXQHK\">schon auf Amazon.de gelistet<\/a> und d\u00fcrfte sich auch hierzulande in K\u00fcrze bestellen lassen.<\/p>\n<p><div class=\"responsive-video\"><iframe loading=\"lazy\" title=\"\u2728ORICO MiniDock makes your Mac mini stand out\" width=\"500\" height=\"281\" src=\"https:\/\/www.youtube-nocookie.com\/embed\/wmnrdrFUG4Q?feature=oembed\" frameborder=\"0\" allow=\"accelerometer; autoplay; clipboard-write; encrypted-media; gyroscope; picture-in-picture; web-share\" referrerpolicy=\"strict-origin-when-cross-origin\" allowfullscreen><\/iframe><\/div><\/p>\n<p><img loading=\"lazy\" decoding=\"async\" src=\"https:\/\/vg07.met.vgwort.de\/na\/3ffb7d9a422a47a6a385c8f404e8e76c\" width=\"1\" height=\"1\" no-lazy class=\"tracking\"><\/p>\n","protected":false},"excerpt":{"rendered":"<a href=\"https:\/\/www.ifun.de\/orico-minidock-haelt-den-mac-mini-2024-in-der-vertikalen-247285\/\"><img width=\"150\" height=\"150\" src=\"https:\/\/images.ifun.de\/wp-content\/uploads\/2025\/01\/orico-mac-mini-dock-150x150.jpg\" class=\"alignright tfe wp-post-image\" alt=\"Orico Mac Mini Dock\" decoding=\"async\" loading=\"lazy\" \/><\/a><p>Die Auswahl an Docking-Stationen f\u00fcr den neuen Mac mini vergr\u00f6\u00dfert sich weiter. Nach dem Satechi Hub f\u00fcr den Mac mini M4 bietet nun auch der chinesische Hardware-Anbieter Orico eine USB-C-Dockingstation mit zus\u00e4tzlichem Speicherplatz an. Das sogenannte &#8222;MiniDock&#8220; richtet sich speziell an Nutzer des Mac mini 2024. Das Ger\u00e4t kombiniert eine vertikale Aufbewahrungsl\u00f6sung mit zahlreichen Anschlussm\u00f6glichkeiten [&hellip;]<\/p>\n","protected":false},"author":1,"featured_media":247289,"comment_status":"open","ping_status":"closed","sticky":false,"template":"","format":"standard","meta":{"_acf_changed":false,"footnotes":""},"categories":[22],"tags":[35,515,6713,2650],"class_list":["post-247285","post","type-post","status-publish","format-standard","has-post-thumbnail","hentry","category-zubehor","tag-dock","tag-mac-mini","tag-orico","tag-usb-c"],"acf":[],"aioseo_notices":[],"featured_image":["https:\/\/images.ifun.de\/wp-content\/uploads\/2025\/01\/orico-mac-mini-dock.jpg"],"subheadline":["Zehn Ports verf\u00fcgbar"],"rest_api_enabler":{"featured_image":"https:\/\/images.ifun.de\/wp-content\/uploads\/2025\/01\/orico-mac-mini-dock.jpg","subheadline":"Zehn Ports verf\u00fcgbar"},"_links":{"self":[{"href":"https:\/\/www.ifun.de\/apiv2\/wp\/v2\/posts\/247285","targetHints":{"allow":["GET"]}}],"collection":[{"href":"https:\/\/www.ifun.de\/apiv2\/wp\/v2\/posts"}],"about":[{"href":"https:\/\/www.ifun.de\/apiv2\/wp\/v2\/types\/post"}],"author":[{"embeddable":true,"href":"https:\/\/www.ifun.de\/apiv2\/wp\/v2\/users\/1"}],"replies":[{"embeddable":true,"href":"https:\/\/www.ifun.de\/apiv2\/wp\/v2\/comments?post=247285"}],"version-history":[{"count":1,"href":"https:\/\/www.ifun.de\/apiv2\/wp\/v2\/posts\/247285\/revisions"}],"predecessor-version":[{"id":247291,"href":"https:\/\/www.ifun.de\/apiv2\/wp\/v2\/posts\/247285\/revisions\/247291"}],"wp:featuredmedia":[{"embeddable":true,"href":"https:\/\/www.ifun.de\/apiv2\/wp\/v2\/media\/247289"}],"wp:attachment":[{"href":"https:\/\/www.ifun.de\/apiv2\/wp\/v2\/media?parent=247285"}],"wp:term":[{"taxonomy":"category","embeddable":true,"href":"https:\/\/www.ifun.de\/apiv2\/wp\/v2\/categories?post=247285"},{"taxonomy":"post_tag","embeddable":true,"href":"https:\/\/www.ifun.de\/apiv2\/wp\/v2\/tags?post=247285"}],"curies":[{"name":"wp","href":"https:\/\/api.w.org\/{rel}","templated":true}]}}