{"id":245993,"date":"2024-12-31T09:19:44","date_gmt":"2024-12-31T08:19:44","guid":{"rendered":"https:\/\/www.ifun.de\/?p=245993"},"modified":"2025-01-10T17:03:27","modified_gmt":"2025-01-10T16:03:27","slug":"das-apple-jahr-2024-im-rueckblick","status":"publish","type":"post","link":"https:\/\/www.ifun.de\/das-apple-jahr-2024-im-rueckblick-245993\/","title":{"rendered":"Das Apple-Jahr 2024 im R\u00fcckblick"},"content":{"rendered":"<p>Wir blicken nicht nur auf ein weiteres Jahr mit Apple zur\u00fcck, sondern haben inzwischen 23 Jahre ifun.de hinter uns. Eine verdammt lange Zeit, \u00fcber die hinweg uns vor allem der stetige Zuspruch durch unsere Community immer wieder aufs Neue inspiriert hat.<\/p>\n<p>Auch diesmal wollen wir den letzten Tag des Jahres dazu nutzen, auf die wichtigsten Apple-Themen der vergangenen zw\u00f6lf Monate zur\u00fcckzublicken. Den sprichw\u00f6rtlichen \u201eBlick durch die Apple-Brille\u201c kann man diesmal w\u00f6rtlich nehmen, denn damit ging es 2024 direkt los.<\/p>\n<h2>Das Jahr beginnt mit der Apple Vision Pro<\/h2>\n<p>Vorgestellt wurde die Apple Vision Pro ja bereits im Sommer 2023, aber am 8. Januar hat sich Apple dann detailliert zur Verf\u00fcgbarkeit der Mixed-Reality-Brille ge\u00e4u\u00dfert. Vorbestellungen waren vom 19. Januar m\u00f6glich und der Verkaufsstart in den USA wurde f\u00fcr den 2. Februar <a href=\"https:\/\/www.ifun.de\/apple-vision-pro-verkaufsstart-am-2-februar-225321\/\" title=\"Apple Vision Pro: Verkaufsstart am 2. Februar, Basismodell mit 256 GB\">angek\u00fcndigt<\/a>. In Deutschland mussten wir noch ein Weilchen l\u00e4nger warten.<\/p>\n<p><a href=\"https:\/\/images.ifun.de\/wp-content\/uploads\/2024\/12\/apple-vision-pro-erster-kunde.jpg\"><img loading=\"lazy\" decoding=\"async\" src=\"https:\/\/images.ifun.de\/wp-content\/uploads\/2024\/12\/apple-vision-pro-erster-kunde-700x467.jpg\" alt=\"Apple Vision Pro Erster Kunde\" width=\"700\" height=\"467\" class=\"alignnone size-large wp-image-245996\" srcset=\"https:\/\/images.ifun.de\/wp-content\/uploads\/2024\/12\/apple-vision-pro-erster-kunde-700x467.jpg 700w, https:\/\/images.ifun.de\/wp-content\/uploads\/2024\/12\/apple-vision-pro-erster-kunde-500x333.jpg 500w, https:\/\/images.ifun.de\/wp-content\/uploads\/2024\/12\/apple-vision-pro-erster-kunde-768x512.jpg 768w, https:\/\/images.ifun.de\/wp-content\/uploads\/2024\/12\/apple-vision-pro-erster-kunde.jpg 1400w\" sizes=\"auto, (max-width: 700px) 100vw, 700px\" \/><\/a><\/p>\n<p>Am 25. Januar hat Apple f\u00fcr Kunden innerhalb der Europ\u00e4ischen Union weitreichende <a href=\"https:\/\/www.iphone-ticker.de\/apple-passt-ios-safari-und-den-app-store-in-der-eu-an-228943\/\">Anpassungen f\u00fcr iOS, Safari und den App Store<\/a> angek\u00fcndigt, um die Vorgaben des Gesetzes \u00fcber digitale M\u00e4rkte zu erf\u00fcllen. Teilweise profitieren davon aber auch alle Apple-Nutzer weltweit, so wurde der App Store in diesem Zug allgemein f\u00fcr Spiele-Streaming-Apps und Emulatoren ge\u00f6ffnet.<\/p>\n<p>Anfang Februar konnten in den USA dann die ersten Apple-Kunden die dort zu Preisen ab 3.999 Dollar erh\u00e4ltliche Vision Pro erwerben. Den <a href=\"https:\/\/www.ifun.de\/apple-vision-pro-sieben-einsteiger-videos-zum-verkaufsstart-226963\/\" title=\"Apple Vision Pro: Sieben Einsteiger-Videos zum Verkaufsstart\">Verkaufsstart<\/a> hat Apple mit der Ank\u00fcndigung von mehr als 600 neuen, speziell f\u00fcr die Brille entwickelten Apps und eigens darauf zugeschnittenen Apple-Arcade-Spielen begleitet.<\/p>\n<h2>Hardware-Start mit dem MacBook Air<\/h2>\n<p>Aus Hardware-Sicht ist das Apple-Jahr 2024 f\u00fcr europ\u00e4ische Apple-Nutzer erst im M\u00e4rz gestartet. Gleich zu Monatsbeginn hat Apple <a href=\"https:\/\/www.ifun.de\/macbook-air-neue-modelle-mit-13-und-15-zoll-vorgestellt-228634\/\" title=\"MacBook Air: Neue Modelle mit 13 und 15 Zoll vorgestellt\">neue Modelle des MacBook Air<\/a> mit 13 und 15 Zoll Bildschirmgr\u00f6\u00dfe vorgestellt, die mit dem zu diesem Zeitpunkt noch aktuellen M3-Prozessor ausgestattet waren.<\/p>\n<p><a href=\"https:\/\/images.ifun.de\/wp-content\/uploads\/2024\/12\/macbook-air.jpg\"><img loading=\"lazy\" decoding=\"async\" src=\"https:\/\/images.ifun.de\/wp-content\/uploads\/2024\/12\/macbook-air-700x394.jpg\" alt=\"Macbook Air\" width=\"700\" height=\"394\" class=\"alignnone size-large wp-image-245997\" srcset=\"https:\/\/images.ifun.de\/wp-content\/uploads\/2024\/12\/macbook-air-700x394.jpg 700w, https:\/\/images.ifun.de\/wp-content\/uploads\/2024\/12\/macbook-air-500x281.jpg 500w, https:\/\/images.ifun.de\/wp-content\/uploads\/2024\/12\/macbook-air-768x432.jpg 768w, https:\/\/images.ifun.de\/wp-content\/uploads\/2024\/12\/macbook-air.jpg 1400w\" sizes=\"auto, (max-width: 700px) 100vw, 700px\" \/><\/a><\/p>\n<p>Ansonsten war es 2024 in Europa weiterhin ungem\u00fctlich f\u00fcr Apple. Im April hat die EU-Kommission <a href=\"https:\/\/www.ifun.de\/eu-kommission-auch-ipados-muss-sich-oeffnen-und-app-store-alternativen-zulassen-231764\/\">beschlossen<\/a>, dass Apple auch sein iPad-Betriebssystem \u00f6ffnen und alternative Vertriebswege f\u00fcr Apps erm\u00f6glichen muss. Auf dem iPhone ging im gleichen Monat mit dem <a href=\"https:\/\/www.iphone-ticker.de\/altstore-startet-mit-nintendo-emulator-und-zwischenablage-manager-233371\/\" title=\"AltStore startet mit Nintendo-Emulator und Zwischenablage-Manager\">AltStore<\/a> der erste alternative App-Store an den Start.<\/p>\n<h2>iPad-Upgrades im Mai<\/h2>\n<p>Weitere Ger\u00e4te-Neuheiten haben wir dann am 7. Mai zu sehen bekommen. Apple ging hier den ungew\u00f6hnlichen Weg, mit dem M4 seinen bislang schnellsten Prozessor vorzustellen, diesen zun\u00e4chst aber nicht in einem Computer, sondern ausschlie\u00dflich im <a href=\"https:\/\/www.ifun.de\/ipad-pro-2024-duenner-mit-oled-touchscreen-und-m4-chip-232208\/\" title=\"iPad Pro 2024: D\u00fcnner, mit OLED-Touchscreen und M4-Chip\">neuen iPad Pro<\/a> zu verkaufen.<\/p>\n<p><a href=\"https:\/\/images.ifun.de\/wp-content\/uploads\/2024\/12\/ipad-pro-2024.jpg\"><img loading=\"lazy\" decoding=\"async\" src=\"https:\/\/images.ifun.de\/wp-content\/uploads\/2024\/12\/ipad-pro-2024-700x478.jpg\" alt=\"Ipad Pro 2024\" width=\"700\" height=\"478\" class=\"alignnone size-large wp-image-245998\" srcset=\"https:\/\/images.ifun.de\/wp-content\/uploads\/2024\/12\/ipad-pro-2024-700x478.jpg 700w, https:\/\/images.ifun.de\/wp-content\/uploads\/2024\/12\/ipad-pro-2024-500x341.jpg 500w, https:\/\/images.ifun.de\/wp-content\/uploads\/2024\/12\/ipad-pro-2024-768x524.jpg 768w, https:\/\/images.ifun.de\/wp-content\/uploads\/2024\/12\/ipad-pro-2024.jpg 1400w\" sizes=\"auto, (max-width: 700px) 100vw, 700px\" \/><\/a><\/p>\n<p>Dar\u00fcber hinaus wurde das iPad Air in einer neuen Version mit einem M2-Prozessor ausgestattet und jetzt wahlweise mit 11 oder 13 Zoll Bildschirmgr\u00f6\u00dfe vorgestellt. Im Beiprogramm kam mit dem <a href=\"https:\/\/www.ifun.de\/der-neue-apple-pencil-pro-druck-haptik-ortung-rotation-232227\/\" title=\"Der neue Apple Pencil Pro: Druck, Haptik, Ortung, Rotation\">Apple Pencil Pro<\/a> dann noch ein weiterer Zeichenstift von Apple auf den Markt.<\/p>\n<h2>WWDC und Vision-Pro-Start in Deutschland<\/h2>\n<p>Im Monat Juni steht bei Apple traditionell die Entwicklerkonferenz WWDC im Fokus, in deren Rahmen wir in diesem Jahr einen ersten Blick auf macOS Sequoia und iOS 18 werfen konnten. Dar\u00fcber hinaus war hier in diesem Jahr nat\u00fcrlich insbesondere die Ank\u00fcndigung von Apples KI-Pl\u00e4nen mit Namen \u201e<a href=\"https:\/\/www.iphone-ticker.de\/apple-intelligence-das-ist-apples-ki-strategie-236157\/\" title=\"Apple Intelligence: Das ist Apples KI-Strategie\">Apple Intelligence<\/a>\u201c interessant. Die verz\u00f6gerte Markteinf\u00fchrung bei uns begr\u00fcndet Apple mit \u201e<a href=\"https:\/\/www.iphone-ticker.de\/eu-gesetze-schuld-apples-ki-funktionen-werden-sich-verzoegern-236992\/\">regulatorischen Unsicherheiten<\/a>\u201c im Zusammenhang mit den europ\u00e4ischen Gesetzen.<\/p>\n<p><a href=\"https:\/\/images.ifun.de\/wp-content\/uploads\/2024\/12\/wwdc-2024.jpg\"><img loading=\"lazy\" decoding=\"async\" src=\"https:\/\/images.ifun.de\/wp-content\/uploads\/2024\/12\/wwdc-2024-700x467.jpg\" alt=\"Wwdc 2024\" width=\"700\" height=\"467\" class=\"alignnone size-large wp-image-245999\" srcset=\"https:\/\/images.ifun.de\/wp-content\/uploads\/2024\/12\/wwdc-2024-700x467.jpg 700w, https:\/\/images.ifun.de\/wp-content\/uploads\/2024\/12\/wwdc-2024-500x333.jpg 500w, https:\/\/images.ifun.de\/wp-content\/uploads\/2024\/12\/wwdc-2024-768x512.jpg 768w, https:\/\/images.ifun.de\/wp-content\/uploads\/2024\/12\/wwdc-2024.jpg 1400w\" sizes=\"auto, (max-width: 700px) 100vw, 700px\" \/><\/a><\/p>\n<p>Deutsche Apple-Nutzer durften sich zudem \u00fcber die im Rahmen der WWDC erfolgte <a href=\"https:\/\/www.ifun.de\/die-apple-vision-pro-kommt-nach-deutschland-234006\/\" title=\"Die Apple Vision Pro kommt nach Deutschland\">Ank\u00fcndigung des Verkaufsstarts<\/a> f\u00fcr die Apple Vision Pro in weiteren L\u00e4ndern freuen. Am 12. Juli kam die Apple-Brille dann auch hierzulande in die Gesch\u00e4fte.<\/p>\n<h2>iPhones und Macs zum Jahresabschluss<\/h2>\n<p>Aus der Sommerpause kam Apple dann im September fristgerecht mit neuer Hardware zur\u00fcck. Neben dem <a href=\"https:\/\/www.iphone-ticker.de\/iphone-16-pro-und-iphone-16-pro-max-kreative-anwender-im-fokus-241487\/\" title=\"iPhone 16 Pro und iPhone 16 Pro Max: Kreative Anwender im Fokus\">iPhone 16 Pro und dem iPhone 16 Pro Max<\/a> wurden das <a href=\"https:\/\/www.iphone-ticker.de\/iphone-16-und-iphone-16-plus-die-kamera-sieht-ploetzlich-anders-aus-241485\/\" title=\"iPhone 16 und iPhone 16 Plus: Ein Mega-Update f\u00fcr die Kamera\">iPhone 16 und das iPhone 16 Plus<\/a> sowie die <a href=\"https:\/\/www.iphone-ticker.de\/apple-watch-series-10-ein-schlankes-jubilaeums-modell-241491\/\" title=\"Apple Watch Series 10: Ein schlankes Jubil\u00e4ums-Modell\">Apple Watch Series 10<\/a> und <a href=\"https:\/\/www.iphone-ticker.de\/apples-neue-ohrhoerer-airpods-max-2-und-airpods-4-241533\/\" title=\"Apples neue Ohrh\u00f6rer: AirPods 4 und ein Update f\u00fcr die AirPods Max\">neue AirPods<\/a> pr\u00e4sentiert.<\/p>\n<p><a href=\"https:\/\/images.ifun.de\/wp-content\/uploads\/2024\/12\/Apple-Fifth-Avenue-New-York-customers-holding-iPhone-16-Pro.jpg\"><img loading=\"lazy\" decoding=\"async\" src=\"https:\/\/images.ifun.de\/wp-content\/uploads\/2024\/12\/Apple-Fifth-Avenue-New-York-customers-holding-iPhone-16-Pro-700x467.jpg\" alt=\"Apple Fifth Avenue New York Customers Holding IPhone 16 Pro\" width=\"700\" height=\"467\" class=\"alignnone size-large wp-image-246000\" srcset=\"https:\/\/images.ifun.de\/wp-content\/uploads\/2024\/12\/Apple-Fifth-Avenue-New-York-customers-holding-iPhone-16-Pro-700x467.jpg 700w, https:\/\/images.ifun.de\/wp-content\/uploads\/2024\/12\/Apple-Fifth-Avenue-New-York-customers-holding-iPhone-16-Pro-500x333.jpg 500w, https:\/\/images.ifun.de\/wp-content\/uploads\/2024\/12\/Apple-Fifth-Avenue-New-York-customers-holding-iPhone-16-Pro-768x512.jpg 768w, https:\/\/images.ifun.de\/wp-content\/uploads\/2024\/12\/Apple-Fifth-Avenue-New-York-customers-holding-iPhone-16-Pro.jpg 1400w\" sizes=\"auto, (max-width: 700px) 100vw, 700px\" \/><\/a><\/p>\n<p>Mitte Oktober ging es dann mit einer <a href=\"https:\/\/www.ifun.de\/apple-stellt-neues-ipad-mini-vor-241493\/\" title=\"Apple stellt neue Version des iPad mini vor\">\u00fcberarbeiteten Version des iPad mini<\/a> weiter, bevor zum Monatsende ein <a href=\"https:\/\/www.ifun.de\/apple-stellt-den-neuen-mac-mini-vor-242447\/\" title=\"Der neue Mac mini: Halb so gro\u00df, doppelt so schnell\">neuer Mac mini im kompakten Geh\u00e4use<\/a> und ein <a href=\"https:\/\/www.ifun.de\/apples-neues-macbook-pro-in-der-top-ausstattung-m4-max-an-bord-242539\/\" title=\"Apples neues MacBook Pro: In der Top-Ausstattung M4 Max an Bord\">neues MacBook Pro<\/a> gemeinsam mit den Apple-Prozessoren vom Typ M4 Pro und M4 Max vorgestellt wurden.<\/p>\n<p><a href=\"https:\/\/images.ifun.de\/wp-content\/uploads\/2024\/12\/Apple-Mac-mini-lifestyle.jpg\"><img loading=\"lazy\" decoding=\"async\" src=\"https:\/\/images.ifun.de\/wp-content\/uploads\/2024\/12\/Apple-Mac-mini-lifestyle-700x394.jpg\" alt=\"Apple Mac Mini Lifestyle\" width=\"700\" height=\"394\" class=\"alignnone size-large wp-image-246002\" srcset=\"https:\/\/images.ifun.de\/wp-content\/uploads\/2024\/12\/Apple-Mac-mini-lifestyle-700x394.jpg 700w, https:\/\/images.ifun.de\/wp-content\/uploads\/2024\/12\/Apple-Mac-mini-lifestyle-500x281.jpg 500w, https:\/\/images.ifun.de\/wp-content\/uploads\/2024\/12\/Apple-Mac-mini-lifestyle-768x432.jpg 768w, https:\/\/images.ifun.de\/wp-content\/uploads\/2024\/12\/Apple-Mac-mini-lifestyle.jpg 1400w\" sizes=\"auto, (max-width: 700px) 100vw, 700px\" \/><\/a><\/p>\n<h2>Was bringt uns 2025?<\/h2>\n<p>Auch im kommenden Jahr werden wir nicht allzu lange warten m\u00fcssen, bis Apple mit den ersten Produktvorstellungen zur Stelle ist. Ganz oben auf der Erwartungsliste steht hier eine neue Version des iPhone SE. Apple hat den Verkauf des noch mit einem Lightning-Anschluss ausgestatteten alten Modells hierzulande ja bereits <a href=\"https:\/\/www.iphone-ticker.de\/usb-c-pflicht-iphone-14-und-iphone-se-nicht-mehr-bei-apple-erhaeltlich-247656\/\" title=\"USB-C-Pflicht: iPhone 14 und iPhone SE nicht mehr bei Apple erh\u00e4ltlich\">eingestellt<\/a>, um die europ\u00e4ischen Vorgaben zu erf\u00fcllen.<\/p>\n<p>Zudem wird insbesondere auch erwartet, dass Apple neue Hardware in seinem Home-Segment pr\u00e4sentiert. Allem voran ist hier ein HomePod mit Bildschirm im Gespr\u00e4ch, der zugleich auch als Smarthome-Zentrale fungiert. Wir werden sehen.<\/p>\n<p><b>Zun\u00e4chst w\u00fcnschen wir euch allen aber einen guten Rutsch und nur das Allerbeste f\u00fcr das kommende Jahr 2025!<\/b><img loading=\"lazy\" decoding=\"async\" src=\"https:\/\/vg09.met.vgwort.de\/na\/d59cbacd35cc40659385a3006e363e6e\" width=\"1\" height=\"1\" no-lazy class=\"tracking\"><\/p>\n","protected":false},"excerpt":{"rendered":"<a href=\"https:\/\/www.ifun.de\/das-apple-jahr-2024-im-rueckblick-245993\/\"><img width=\"150\" height=\"150\" src=\"https:\/\/images.ifun.de\/wp-content\/uploads\/2024\/12\/Apple-Mac-mini-lifestyle-150x150.jpg\" class=\"alignright tfe wp-post-image\" alt=\"Apple Mac Mini Lifestyle\" decoding=\"async\" loading=\"lazy\" \/><\/a><p>Wir blicken nicht nur auf ein weiteres Jahr mit Apple zur\u00fcck, sondern haben inzwischen 23 Jahre ifun.de hinter uns. Eine verdammt lange Zeit, \u00fcber die hinweg uns vor allem der stetige Zuspruch durch unsere Community immer wieder aufs Neue inspiriert hat. Auch diesmal wollen wir den letzten Tag des Jahres dazu nutzen, auf die wichtigsten [&hellip;]<\/p>\n","protected":false},"author":2,"featured_media":246002,"comment_status":"open","ping_status":"closed","sticky":false,"template":"","format":"standard","meta":{"_acf_changed":false,"footnotes":""},"categories":[3,1783],"tags":[],"class_list":["post-245993","post","type-post","status-publish","format-standard","has-post-thumbnail","hentry","category-apple","category-feature"],"acf":[],"aioseo_notices":[],"featured_image":["https:\/\/images.iphone-ticker.de\/wp-content\/uploads\/2024\/09\/apple-glowtime-feature.jpg"],"subheadline":["12 Monate im Schnelldurchlauf"],"rest_api_enabler":{"featured_image":"https:\/\/images.iphone-ticker.de\/wp-content\/uploads\/2024\/09\/apple-glowtime-feature.jpg","subheadline":"12 Monate im Schnelldurchlauf"},"_links":{"self":[{"href":"https:\/\/www.ifun.de\/apiv2\/wp\/v2\/posts\/245993","targetHints":{"allow":["GET"]}}],"collection":[{"href":"https:\/\/www.ifun.de\/apiv2\/wp\/v2\/posts"}],"about":[{"href":"https:\/\/www.ifun.de\/apiv2\/wp\/v2\/types\/post"}],"author":[{"embeddable":true,"href":"https:\/\/www.ifun.de\/apiv2\/wp\/v2\/users\/2"}],"replies":[{"embeddable":true,"href":"https:\/\/www.ifun.de\/apiv2\/wp\/v2\/comments?post=245993"}],"version-history":[{"count":10,"href":"https:\/\/www.ifun.de\/apiv2\/wp\/v2\/posts\/245993\/revisions"}],"predecessor-version":[{"id":246010,"href":"https:\/\/www.ifun.de\/apiv2\/wp\/v2\/posts\/245993\/revisions\/246010"}],"wp:featuredmedia":[{"embeddable":true,"href":"https:\/\/www.ifun.de\/apiv2\/wp\/v2\/media\/246002"}],"wp:attachment":[{"href":"https:\/\/www.ifun.de\/apiv2\/wp\/v2\/media?parent=245993"}],"wp:term":[{"taxonomy":"category","embeddable":true,"href":"https:\/\/www.ifun.de\/apiv2\/wp\/v2\/categories?post=245993"},{"taxonomy":"post_tag","embeddable":true,"href":"https:\/\/www.ifun.de\/apiv2\/wp\/v2\/tags?post=245993"}],"curies":[{"name":"wp","href":"https:\/\/api.w.org\/{rel}","templated":true}]}}