{"id":245976,"date":"2024-12-30T17:28:59","date_gmt":"2024-12-30T16:28:59","guid":{"rendered":"https:\/\/www.ifun.de\/?p=245976"},"modified":"2024-12-30T17:28:59","modified_gmt":"2024-12-30T16:28:59","slug":"apple-tv-am-naechsten-wochenende-kostenlos-fuer-alle","status":"publish","type":"post","link":"https:\/\/www.ifun.de\/apple-tv-am-naechsten-wochenende-kostenlos-fuer-alle-245976\/","title":{"rendered":"Apple TV+ am n\u00e4chsten Wochenende kostenlos f\u00fcr alle"},"content":{"rendered":"<p>Das R\u00e4tselraten hat ein Ende. In der vergangenen Woche hat Apple auf verschiedenen sozialen Netzwerken f\u00fcr ein besonderes Ereignis im Zusammenhang mit seinem Videodienst <a href=\"https:\/\/tv.apple.com\/de?l=de_DE&amp;at=10ltcU\">Apple TV+<\/a> geworben. Slogans wie \u201eSee for yourself\u201c oder \u201eStay tuned\u201c wurden dabei in Verbindung mit dem ersten Wochenende im Januar gebracht. Jetzt ist die Aufl\u00f6sung da: Apple wird am 4. und 5. Januar auch jenen Nutzern Zugriff auf Apple TV+ gew\u00e4hren, die nicht f\u00fcr den Videodienst bezahlen.<\/p>\n<blockquote class=\"twitter-tweet\">\n<p lang=\"en\" dir=\"ltr\">This weekend, see for yourself.<\/p>\n<p>Stream for free Jan 4-5. <a href=\"https:\/\/t.co\/8p6PCUYpms\">pic.twitter.com\/8p6PCUYpms<\/a><\/p>\n<p>&mdash; Apple TV (@AppleTV) <a href=\"https:\/\/twitter.com\/AppleTV\/status\/1873730763356795379?ref_src=twsrc%5Etfw\">December 30, 2024<\/a><\/p><\/blockquote>\n<p> <script async src=\"https:\/\/platform.twitter.com\/widgets.js\" charset=\"utf-8\"><\/script><\/p>\n<p>Des R\u00e4tsels L\u00f6sung wurde wie die omin\u00f6se Ank\u00fcndigung selbst \u00fcber die Social-Media-Accounts von Apple ausgespielt. Demzufolge kann man am Samstag dem 4. und Sonntag dem 5. Januar 2025 unabh\u00e4ngig davon, ob man f\u00fcr den Videodienst bezahlt oder nicht, auf Apple TV+ zugreifen.<\/p>\n<p>Serien- und Film-Empfehlungen f\u00fcr Leser von ifun.de, die kein Abonnement von Apple TV+ haben, k\u00f6nnt ihr gerne in den Kommentaren absetzen. Wenn man das Angebot nutzt, sollte man insbesondere bei Serien zuvor aber einen Blick auf die Gesamtlaufzeit der einzelnen Staffeln werfen. Ihr k\u00f6nnt davon ausgehen, dass Apple den Gratiszugriff ebenso p\u00fcnktlich wie er aktiviert wird, wieder sperrt.<\/p>\n<p><a href=\"https:\/\/images.ifun.de\/wp-content\/uploads\/2024\/12\/apple-tv-plus-filme.jpg\"><img loading=\"lazy\" decoding=\"async\" src=\"https:\/\/images.ifun.de\/wp-content\/uploads\/2024\/12\/apple-tv-plus-filme-700x394.jpg\" alt=\"Apple Tv Plus Filme\" width=\"700\" height=\"394\" class=\"alignnone size-large wp-image-245979\" srcset=\"https:\/\/images.ifun.de\/wp-content\/uploads\/2024\/12\/apple-tv-plus-filme-700x394.jpg 700w, https:\/\/images.ifun.de\/wp-content\/uploads\/2024\/12\/apple-tv-plus-filme-500x281.jpg 500w, https:\/\/images.ifun.de\/wp-content\/uploads\/2024\/12\/apple-tv-plus-filme-768x432.jpg 768w, https:\/\/images.ifun.de\/wp-content\/uploads\/2024\/12\/apple-tv-plus-filme.jpg 1400w\" sizes=\"auto, (max-width: 700px) 100vw, 700px\" \/><\/a><\/p>\n<p>Wir gehen mal davon aus, dass Apple das Angebot weltweit ausspielt, wenngleich wir bislang nur englischsprachige Werbung daf\u00fcr gesehen haben. Zudem bleibt abzuwarten, ob f\u00fcr die Phase der kostenlosen Nutzung jeweils die lokalen Uhrzeiten oder die in Kalifornien g\u00fcltige Zeitzone ausschlaggebend ist.<\/p>\n<h2>Apple will neue Abonnenten gewinnen<\/h2>\n<p>Sicher ist auf jeden Fall, was Apple mit dieser Aktion bezweckt. W\u00e4hrend die Mitbewerber im Streaming-Bereich vermehrt mit g\u00fcnstigeren, allerdings dann durch Werbung mitfinanzierten Abonnements um Nutzer werben, bekommt man Apple TV+ entweder ganz oder gar nicht. Apples Werbewochenende soll dazu dienen, neue Nutzer f\u00fcr das bei Apple TV+ vorhandene Film- und Serienangebot zu begeistern.<\/p>\n<p>Regul\u00e4r kostet Apple TV+ 9,99 Euro im Monat. Wenn man mehr als einen Videodienst dauerhaft abonnieren will, lohnt sich weiterhin der Blick auf das <a href=\"https:\/\/www.awin1.com\/awclick.php?gid=336765&amp;mid=11430&amp;awinaffid=399545&amp;linkid=3233070&amp;clickref=\" title=\"MagentaTV-MegaStream-Angebot\">MagentaTV Mega-Stream-Angebot<\/a> der Telekom. Hier verpflichtet man sich zwar auf zwei volle Jahre, bekommt in diesem Zeitraum jedoch neben MagentaTV auch Netflix, Disney+, Apple TV+ und RTL+ umgerechnet zu einem Monatspreis von 18,75 Euro.<img loading=\"lazy\" decoding=\"async\" src=\"https:\/\/vg09.met.vgwort.de\/na\/513972dd27d149a5a876b29271b42ffb\" width=\"1\" height=\"1\" no-lazy class=\"tracking\"><\/p>\n","protected":false},"excerpt":{"rendered":"<a href=\"https:\/\/www.ifun.de\/apple-tv-am-naechsten-wochenende-kostenlos-fuer-alle-245976\/\"><img width=\"150\" height=\"150\" src=\"https:\/\/images.ifun.de\/wp-content\/uploads\/2024\/12\/apple-tv-plus-filme-150x150.jpg\" class=\"alignright tfe wp-post-image\" alt=\"Apple Tv Plus Filme\" decoding=\"async\" loading=\"lazy\" \/><\/a><p>Das R\u00e4tselraten hat ein Ende. In der vergangenen Woche hat Apple auf verschiedenen sozialen Netzwerken f\u00fcr ein besonderes Ereignis im Zusammenhang mit seinem Videodienst Apple TV+ geworben. Slogans wie \u201eSee for yourself\u201c oder \u201eStay tuned\u201c wurden dabei in Verbindung mit dem ersten Wochenende im Januar gebracht. Jetzt ist die Aufl\u00f6sung da: Apple wird am 4. [&hellip;]<\/p>\n","protected":false},"author":2,"featured_media":245979,"comment_status":"open","ping_status":"closed","sticky":false,"template":"","format":"standard","meta":{"_acf_changed":false,"footnotes":""},"categories":[1],"tags":[26],"class_list":["post-245976","post","type-post","status-publish","format-standard","has-post-thumbnail","hentry","category-news","tag-apple-tv"],"acf":[],"aioseo_notices":[],"featured_image":["https:\/\/images.ifun.de\/wp-content\/uploads\/2024\/12\/apple-tv-plus-feature.jpg"],"subheadline":["Zweit\u00e4gige Werbeaktion"],"rest_api_enabler":{"featured_image":"https:\/\/images.ifun.de\/wp-content\/uploads\/2024\/12\/apple-tv-plus-feature.jpg","subheadline":"Zweit\u00e4gige Werbeaktion"},"_links":{"self":[{"href":"https:\/\/www.ifun.de\/apiv2\/wp\/v2\/posts\/245976","targetHints":{"allow":["GET"]}}],"collection":[{"href":"https:\/\/www.ifun.de\/apiv2\/wp\/v2\/posts"}],"about":[{"href":"https:\/\/www.ifun.de\/apiv2\/wp\/v2\/types\/post"}],"author":[{"embeddable":true,"href":"https:\/\/www.ifun.de\/apiv2\/wp\/v2\/users\/2"}],"replies":[{"embeddable":true,"href":"https:\/\/www.ifun.de\/apiv2\/wp\/v2\/comments?post=245976"}],"version-history":[{"count":4,"href":"https:\/\/www.ifun.de\/apiv2\/wp\/v2\/posts\/245976\/revisions"}],"predecessor-version":[{"id":245982,"href":"https:\/\/www.ifun.de\/apiv2\/wp\/v2\/posts\/245976\/revisions\/245982"}],"wp:featuredmedia":[{"embeddable":true,"href":"https:\/\/www.ifun.de\/apiv2\/wp\/v2\/media\/245979"}],"wp:attachment":[{"href":"https:\/\/www.ifun.de\/apiv2\/wp\/v2\/media?parent=245976"}],"wp:term":[{"taxonomy":"category","embeddable":true,"href":"https:\/\/www.ifun.de\/apiv2\/wp\/v2\/categories?post=245976"},{"taxonomy":"post_tag","embeddable":true,"href":"https:\/\/www.ifun.de\/apiv2\/wp\/v2\/tags?post=245976"}],"curies":[{"name":"wp","href":"https:\/\/api.w.org\/{rel}","templated":true}]}}