{"id":245271,"date":"2024-12-12T18:42:32","date_gmt":"2024-12-12T17:42:32","guid":{"rendered":"https:\/\/www.ifun.de\/?p=245271"},"modified":"2024-12-12T18:42:32","modified_gmt":"2024-12-12T17:42:32","slug":"apple-kuendigt-macbook-air-mit-m4-prozessor-indirekt-an","status":"publish","type":"post","link":"https:\/\/www.ifun.de\/apple-kuendigt-macbook-air-mit-m4-prozessor-indirekt-an-245271\/","title":{"rendered":"Apple k\u00fcndigt MacBook Air mit M4-Prozessor indirekt an"},"content":{"rendered":"<p>Wie es scheint, dauert es nicht mehr allzu lange, bis Apple neue Versionen des <a href=\"https:\/\/www.apple.com\/de\/macbook-air\/\">MacBook Air<\/a> pr\u00e4sentiert. In Apples neu ver\u00f6ffentlichtem Mac-Betriebssystem macOS Sequoia 15.2 werden die neuen Ger\u00e4te bereits namentlich genannt. Demzufolge d\u00fcrften neue, mit Apples M4-Prozessor ausgestattete Varianten des MacBook Air in beiden Bildschirmgr\u00f6\u00dfen zu erwarten sein.<\/p>\n<p>Das Apple-Blog <a href=\"https:\/\/www.macrumors.com\/2024\/12\/11\/macos-sequoia-15-2-m4-macbook-air-leak\/\">MacRumors<\/a> hat den Hinweis auf die im Code der neuesten Version von macOS Sequoia enthaltenen Textstellen erhalten. Dort ist konkret die Rede von einem \u201eMacBook Air\u200c (13-inch, M4, 2025)\u201c und einem \u201eMacBook Air\u200c (15-inch, M4, 2025)\u201c. Somit fragt es sich eigentlich nur noch, wann Apple die Ger\u00e4te auf den Markt bringt.<\/p>\n<p><a href=\"https:\/\/images.ifun.de\/wp-content\/uploads\/2024\/12\/macbook-air-m3.jpg\"><img loading=\"lazy\" decoding=\"async\" src=\"https:\/\/images.ifun.de\/wp-content\/uploads\/2024\/12\/macbook-air-m3-700x414.jpg\" alt=\"Macbook Air M3\" width=\"700\" height=\"414\" class=\"alignnone size-large wp-image-245275\" srcset=\"https:\/\/images.ifun.de\/wp-content\/uploads\/2024\/12\/macbook-air-m3-700x414.jpg 700w, https:\/\/images.ifun.de\/wp-content\/uploads\/2024\/12\/macbook-air-m3-500x296.jpg 500w, https:\/\/images.ifun.de\/wp-content\/uploads\/2024\/12\/macbook-air-m3-768x454.jpg 768w, https:\/\/images.ifun.de\/wp-content\/uploads\/2024\/12\/macbook-air-m3.jpg 1400w\" sizes=\"auto, (max-width: 700px) 100vw, 700px\" \/><\/a><\/p>\n<h2>Neue Macs im Januar gab es schon mal<\/h2>\n<p>2024 war das erste Apple-Produkt im neuen Jahr die Apple Vision Pro Anfang Februar. Im Jahr zuvor hat sich Apple allerdings schon deutlich fr\u00fcher aktiv gezeigt und am 17. Januar 2023 mit dem MacBook Pro und dem Mac mini gleich zwei neue Mac-Modelle vorgestellt, die den damals aktuellen M2-Prozessor an Bord hatten.<\/p>\n<p>Wenn sich Apple an diesem Zeitplan orientiert, k\u00f6nnten wir die neuen, mit einem M4-Prozessor ausgestatteten MacBook-Air-Modelle bereits am 14. Januar zu Gesicht bekommen. Das ist nat\u00fcrlich wild spekuliert, k\u00f6nnte jedoch erkl\u00e4ren, warum Apple die neuen Ger\u00e4te bereits im Betriebssystem referenziert.<\/p>\n<h2>Letztes Upgrade erst im Oktober<\/h2>\n<p>Interessant ist in diesem Zusammenhang, dass Apple dem MacBook Air eben erst ein Upgrade spendiert hat. Das im M\u00e4rz dieses Jahres vorgestellte Ger\u00e4t ist <a href=\"https:\/\/www.ifun.de\/macbook-air-aufgewertet-doppelter-ram-bei-gleichem-preis-242565\/\" title=\"MacBook Air aufgewertet: Doppelter RAM bei gleichem Preis\">seit Oktober<\/a> mit 16 statt bisher 8 GB Arbeitsspeicher ausgestattet.<\/p>\n<p>Nichtsdestotrotz ist ein zeitnahes Upgrade zu erwarten. In der Ger\u00fcchtek\u00fcche ist schon l\u00e4ngere Zeit die Rede davon, dass Apple sein komplettes Mac-Angebot auf M4-Prozessoren umstellen will. Wohl nicht zuletzt auch, um seine Ger\u00e4tepalette leistungsm\u00e4\u00dfig bestm\u00f6glich auf die KI-Funktionen von \u201eApple Intelligence\u201c zugeschnitten zu pr\u00e4sentieren.<img loading=\"lazy\" decoding=\"async\" src=\"https:\/\/vg07.met.vgwort.de\/na\/a9c62765a9ea43ff927965ecafa5744a\" width=\"1\" height=\"1\" no-lazy class=\"tracking\"><\/p>\n","protected":false},"excerpt":{"rendered":"<a href=\"https:\/\/www.ifun.de\/apple-kuendigt-macbook-air-mit-m4-prozessor-indirekt-an-245271\/\"><img width=\"150\" height=\"150\" src=\"https:\/\/images.ifun.de\/wp-content\/uploads\/2024\/12\/macbook-air-m3-150x150.jpg\" class=\"alignright tfe wp-post-image\" alt=\"Macbook Air M3\" decoding=\"async\" loading=\"lazy\" \/><\/a><p>Wie es scheint, dauert es nicht mehr allzu lange, bis Apple neue Versionen des MacBook Air pr\u00e4sentiert. In Apples neu ver\u00f6ffentlichtem Mac-Betriebssystem macOS Sequoia 15.2 werden die neuen Ger\u00e4te bereits namentlich genannt. Demzufolge d\u00fcrften neue, mit Apples M4-Prozessor ausgestattete Varianten des MacBook Air in beiden Bildschirmgr\u00f6\u00dfen zu erwarten sein. Das Apple-Blog MacRumors hat den Hinweis [&hellip;]<\/p>\n","protected":false},"author":2,"featured_media":245275,"comment_status":"open","ping_status":"closed","sticky":false,"template":"","format":"standard","meta":{"_acf_changed":false,"footnotes":""},"categories":[16],"tags":[6486,344],"class_list":["post-245271","post","type-post","status-publish","format-standard","has-post-thumbnail","hentry","category-mac","tag-m4-prozessor","tag-macbook-air"],"acf":[],"aioseo_notices":[],"featured_image":["https:\/\/images.ifun.de\/wp-content\/uploads\/2022\/06\/macbook-air-feature-.jpg"],"subheadline":["Neue Modelle schon im Januar?"],"rest_api_enabler":{"featured_image":"https:\/\/images.ifun.de\/wp-content\/uploads\/2022\/06\/macbook-air-feature-.jpg","subheadline":"Neue Modelle schon im Januar?"},"_links":{"self":[{"href":"https:\/\/www.ifun.de\/apiv2\/wp\/v2\/posts\/245271","targetHints":{"allow":["GET"]}}],"collection":[{"href":"https:\/\/www.ifun.de\/apiv2\/wp\/v2\/posts"}],"about":[{"href":"https:\/\/www.ifun.de\/apiv2\/wp\/v2\/types\/post"}],"author":[{"embeddable":true,"href":"https:\/\/www.ifun.de\/apiv2\/wp\/v2\/users\/2"}],"replies":[{"embeddable":true,"href":"https:\/\/www.ifun.de\/apiv2\/wp\/v2\/comments?post=245271"}],"version-history":[{"count":4,"href":"https:\/\/www.ifun.de\/apiv2\/wp\/v2\/posts\/245271\/revisions"}],"predecessor-version":[{"id":245276,"href":"https:\/\/www.ifun.de\/apiv2\/wp\/v2\/posts\/245271\/revisions\/245276"}],"wp:featuredmedia":[{"embeddable":true,"href":"https:\/\/www.ifun.de\/apiv2\/wp\/v2\/media\/245275"}],"wp:attachment":[{"href":"https:\/\/www.ifun.de\/apiv2\/wp\/v2\/media?parent=245271"}],"wp:term":[{"taxonomy":"category","embeddable":true,"href":"https:\/\/www.ifun.de\/apiv2\/wp\/v2\/categories?post=245271"},{"taxonomy":"post_tag","embeddable":true,"href":"https:\/\/www.ifun.de\/apiv2\/wp\/v2\/tags?post=245271"}],"curies":[{"name":"wp","href":"https:\/\/api.w.org\/{rel}","templated":true}]}}