{"id":244744,"date":"2024-12-04T17:47:01","date_gmt":"2024-12-04T16:47:01","guid":{"rendered":"https:\/\/www.ifun.de\/?p=244744"},"modified":"2024-12-04T17:47:01","modified_gmt":"2024-12-04T16:47:01","slug":"eu-plant-massnahmen-gegen-online-handel-aus-asien","status":"publish","type":"post","link":"https:\/\/www.ifun.de\/eu-plant-massnahmen-gegen-online-handel-aus-asien-244744\/","title":{"rendered":"EU plant Ma\u00dfnahmen gegen Online-Handel aus Asien"},"content":{"rendered":"<p>Die Europ\u00e4ische Union erw\u00e4gt offenbar Ma\u00dfnahmen, um die stetig wachsende Flut von Paketen aus asiatischen Online-Shops wie Temu und Shein einzud\u00e4mmen. Dies berichtet die <a href=\"https:\/\/www.ft.com\/content\/88086165-d74a-42b7-a2d2-79b6a97820e9\">Financial Times<\/a> unter Berufung auf mit der Angelegenheit vertraute Personen.<\/p>\n<p>Dem Bericht zufolge wird unter anderem erwogen, zus\u00e4tzliche Abgaben wie etwa eine Bearbeitungsgeb\u00fchr pro Artikel einzuf\u00fchren und auch die Gewinne der Plattformen zus\u00e4tzlich zu besteuern. Ziel sei es, den wachsenden E-Commerce-Strom einzud\u00e4mmen, der gr\u00f6\u00dftenteils die EU-Zollkontrollen umgeht.<\/p>\n<p><a href=\"https:\/\/images.ifun.de\/wp-content\/uploads\/2024\/12\/temu-shein.jpg\"><img loading=\"lazy\" decoding=\"async\" src=\"https:\/\/images.ifun.de\/wp-content\/uploads\/2024\/12\/temu-shein-700x422.jpg\" alt=\"Temu Shein\" width=\"700\" height=\"422\" class=\"alignnone size-large wp-image-244747\" srcset=\"https:\/\/images.ifun.de\/wp-content\/uploads\/2024\/12\/temu-shein-700x422.jpg 700w, https:\/\/images.ifun.de\/wp-content\/uploads\/2024\/12\/temu-shein-500x302.jpg 500w, https:\/\/images.ifun.de\/wp-content\/uploads\/2024\/12\/temu-shein-768x463.jpg 768w, https:\/\/images.ifun.de\/wp-content\/uploads\/2024\/12\/temu-shein.jpg 1320w\" sizes=\"auto, (max-width: 700px) 100vw, 700px\" \/><\/a><\/p>\n<p>Kritiker halten jedoch insbesondere die Besteuerung der Plattformgewinne f\u00fcr schwierig. Eine zus\u00e4tzliche Umsatzsteuer auf den Erl\u00f6s von E-Commerce-Plattformen w\u00fcrde auch europ\u00e4ische Anbieter belasten und k\u00f6nnte sich negativ auf die grunds\u00e4tzlichen Pl\u00e4ne auswirken, die Digitalisierung in Europa voranzutreiben.<\/p>\n<h2>Zahl der Pakete seit 2022 verdreifacht<\/h2>\n<p>Der EU-Handelskommissar Maro\u0161 \u0160ef\u010dovi\u010d sch\u00e4tzt, dass in diesem Jahr rund vier Milliarden niedrigpreisige Pakete in die EU importiert werden. Das w\u00e4ren fast dreimal so viele wie 2022. Viele dieser Sendungen liegen unter der Zollfreigrenze von 150 Euro, wodurch sie in den meisten F\u00e4llen auch keiner Pr\u00fcfung unterzogen werden. Laut EU-Beh\u00f6rden hat dies zu einem Anstieg gef\u00e4hrlicher Waren gef\u00fchrt, darunter Spielzeug mit giftigen Stoffen.<\/p>\n<p>Besonders im Fokus stehen dabei wohl die Gesch\u00e4ftsmodelle von Plattformen wie Temu und Shein. Die EU will hier neben der Einhaltung europ\u00e4ischer Sicherheitsstandards auch eventuelle wettbewerbsrechtliche Vergehen pr\u00fcfen.<\/p>\n<h2>Offizieller Vorschlag wird f\u00fcr Februar erwartet<\/h2>\n<p>Allerdings seien noch keine Entscheidungen getroffen, da internationale Handelsgesetze die Umsetzung m\u00f6glicher Ma\u00dfnahmen erschwerten. Ein umfassender Vorschlag k\u00f6nnte von der neuen EU-Kommission bereits im Februar vorgelegt werden.<\/p>\n<p>Temu und Shein haben bereits Stellung bezogen und verlauten lassen, dass sie Reformen und Richtlinien\u00e4nderungen zugunsten der Verbraucher grunds\u00e4tzlich unterst\u00fctzen, sofern diese fair und transparent gestaltet sind.<img loading=\"lazy\" decoding=\"async\" src=\"https:\/\/vg07.met.vgwort.de\/na\/1932b7b2ccf240878679453be776379e\" width=\"1\" height=\"1\" no-lazy class=\"tracking\"><\/p>\n","protected":false},"excerpt":{"rendered":"<a href=\"https:\/\/www.ifun.de\/eu-plant-massnahmen-gegen-online-handel-aus-asien-244744\/\"><img width=\"150\" height=\"150\" src=\"https:\/\/images.ifun.de\/wp-content\/uploads\/2024\/12\/temu-shein-150x150.jpg\" class=\"alignright tfe wp-post-image\" alt=\"Temu Shein\" decoding=\"async\" loading=\"lazy\" \/><\/a><p>Die Europ\u00e4ische Union erw\u00e4gt offenbar Ma\u00dfnahmen, um die stetig wachsende Flut von Paketen aus asiatischen Online-Shops wie Temu und Shein einzud\u00e4mmen. Dies berichtet die Financial Times unter Berufung auf mit der Angelegenheit vertraute Personen. Dem Bericht zufolge wird unter anderem erwogen, zus\u00e4tzliche Abgaben wie etwa eine Bearbeitungsgeb\u00fchr pro Artikel einzuf\u00fchren und auch die Gewinne der [&hellip;]<\/p>\n","protected":false},"author":2,"featured_media":244747,"comment_status":"open","ping_status":"closed","sticky":false,"template":"","format":"standard","meta":{"_acf_changed":false,"footnotes":""},"categories":[1],"tags":[],"class_list":["post-244744","post","type-post","status-publish","format-standard","has-post-thumbnail","hentry","category-news"],"acf":[],"aioseo_notices":[],"featured_image":["https:\/\/images.ifun.de\/wp-content\/uploads\/2022\/03\/eu-feature.jpg"],"subheadline":["Temu und Shein im Fokus"],"rest_api_enabler":{"featured_image":"https:\/\/images.ifun.de\/wp-content\/uploads\/2022\/03\/eu-feature.jpg","subheadline":"Temu und Shein im Fokus"},"_links":{"self":[{"href":"https:\/\/www.ifun.de\/apiv2\/wp\/v2\/posts\/244744","targetHints":{"allow":["GET"]}}],"collection":[{"href":"https:\/\/www.ifun.de\/apiv2\/wp\/v2\/posts"}],"about":[{"href":"https:\/\/www.ifun.de\/apiv2\/wp\/v2\/types\/post"}],"author":[{"embeddable":true,"href":"https:\/\/www.ifun.de\/apiv2\/wp\/v2\/users\/2"}],"replies":[{"embeddable":true,"href":"https:\/\/www.ifun.de\/apiv2\/wp\/v2\/comments?post=244744"}],"version-history":[{"count":3,"href":"https:\/\/www.ifun.de\/apiv2\/wp\/v2\/posts\/244744\/revisions"}],"predecessor-version":[{"id":244748,"href":"https:\/\/www.ifun.de\/apiv2\/wp\/v2\/posts\/244744\/revisions\/244748"}],"wp:featuredmedia":[{"embeddable":true,"href":"https:\/\/www.ifun.de\/apiv2\/wp\/v2\/media\/244747"}],"wp:attachment":[{"href":"https:\/\/www.ifun.de\/apiv2\/wp\/v2\/media?parent=244744"}],"wp:term":[{"taxonomy":"category","embeddable":true,"href":"https:\/\/www.ifun.de\/apiv2\/wp\/v2\/categories?post=244744"},{"taxonomy":"post_tag","embeddable":true,"href":"https:\/\/www.ifun.de\/apiv2\/wp\/v2\/tags?post=244744"}],"curies":[{"name":"wp","href":"https:\/\/api.w.org\/{rel}","templated":true}]}}