{"id":244073,"date":"2024-11-25T08:32:02","date_gmt":"2024-11-25T07:32:02","guid":{"rendered":"https:\/\/www.ifun.de\/?p=244073"},"modified":"2024-12-02T20:33:05","modified_gmt":"2024-12-02T19:33:05","slug":"so-sieht-das-macbook-pro-m4-von-innen-aus","status":"publish","type":"post","link":"https:\/\/www.ifun.de\/so-sieht-das-macbook-pro-m4-von-innen-aus-244073\/","title":{"rendered":"So sieht das MacBook Pro M4 von innen aus"},"content":{"rendered":"<p>Nat\u00fcrlich wollen wir auch wissen, wie es im Inneren des neuen MacBook Pro aussieht und wo Apple hier m\u00f6glicherweise unabh\u00e4ngig von der Systemleistung nachgebessert oder etwas ver\u00e4ndert hat. <a href=\"https:\/\/de.ifixit.com\/\">ifixit<\/a> hat sich standesgem\u00e4\u00df dieser Sache angenommen und das MacBook Pro M4 unter die R\u00f6ntgenkamera gelegt und aufgeschraubt.<\/p>\n<p>Das Team von ifixit hatte angesichts dieser Aufgabe gro\u00dfe Hoffnungen. So hat Apple beim neuen Mac mini und auch beim iPhone 16 den Willen gezeigt, seine Ger\u00e4te leichter reparierbar zu machen. Beim Mac mini l\u00e4sst sich (zumindest theoretisch) <a href=\"https:\/\/www.ifun.de\/ssd-erweiterung-fuer-den-neuen-mac-mini-es-funktioniert-243183\/\" title=\"SSD-Erweiterung f\u00fcr den neuen Mac mini: Es funktioniert\">der Speicher erweitern<\/a> und beim iPhone 16 experimentiert der Hersteller mit einer <a href=\"https:\/\/www.iphone-ticker.de\/iphone-16-neue-akku-befestigung-verzichtet-auf-klebestoff-242400\/\">elektrisch l\u00f6sbaren Akku-Befestigung<\/a>.<\/p>\n<p><a href=\"https:\/\/images.ifun.de\/wp-content\/uploads\/2024\/11\/macbook-pro-m3-vs-m4-innen.jpg\"><img loading=\"lazy\" decoding=\"async\" src=\"https:\/\/images.ifun.de\/wp-content\/uploads\/2024\/11\/macbook-pro-m3-vs-m4-innen-700x430.jpg\" alt=\"Macbook Pro M3 Vs M4 Innen\" width=\"700\" height=\"430\" class=\"alignnone size-large wp-image-244076\" srcset=\"https:\/\/images.ifun.de\/wp-content\/uploads\/2024\/11\/macbook-pro-m3-vs-m4-innen-700x430.jpg 700w, https:\/\/images.ifun.de\/wp-content\/uploads\/2024\/11\/macbook-pro-m3-vs-m4-innen-500x307.jpg 500w, https:\/\/images.ifun.de\/wp-content\/uploads\/2024\/11\/macbook-pro-m3-vs-m4-innen-768x471.jpg 768w, https:\/\/images.ifun.de\/wp-content\/uploads\/2024\/11\/macbook-pro-m3-vs-m4-innen.jpg 1400w\" sizes=\"auto, (max-width: 700px) 100vw, 700px\" \/><\/a><\/p>\n<h2>Akku weiterhin verklebt<\/h2>\n<p>Die Hoffnungen, dass sich dieser Trend auch beim neuen MacBook Pro mit M4-Prozessor zeigen w\u00fcrde, sind beim Blick auf das Innenleben des Computers allerdings verflogen. Das Design der Hardware hat sich ifixit zufolge im Vergleich zum MacBook Pro mit M3-Prozessor aus dem vergangenen Jahr nicht sonderlich ver\u00e4ndert: So verwendet Apple weiterhin dehnbare Klebestreifen f\u00fcr die Befestigung des Akkus. Jedoch musste die Hauptplatine \u00fcberarbeitet und verschiedene Komponenten neu angeordnet werden, um Platz f\u00fcr einen gr\u00f6\u00dferen K\u00fchlk\u00f6rper zu schaffen. Der Ausbau sei allerdings genauso m\u00fchsam wie zuvor.<\/p>\n<p>Positiv k\u00f6nne man hervorheben, dass der gr\u00f6\u00dfte Teil der vorhandenen Anschl\u00fcsse einzeln austauschbar ist. F\u00fcr einzelne Teile, wie den MagSafe-Anschluss oder den Kartenleser, seien jedoch immer noch fortgeschrittene L\u00f6tkenntnisse erforderlich.<\/p>\n<h2>Display und Hauptplatine durch Software-Sperren gesch\u00fctzt<\/h2>\n<p>Ein gro\u00dfes Hindernis bei der Selbstreparatur der Apple-Notebooks bleiben laut ifixit die Probleme, die mit der Koppelung und Kalibrierung von Ersatzteilen verbunden sind. W\u00e4hrend Batterien und Anschl\u00fcsse relativ reparaturfreundlich sind, gestaltet sich der Austausch von Displays oder Hauptplatinen aufgrund von Software-Sperren weiterhin \u00e4u\u00dferst kompliziert.<img loading=\"lazy\" decoding=\"async\" src=\"https:\/\/vg05.met.vgwort.de\/na\/18fce52df5004b5c8b145bb0b58e3437\" width=\"1\" height=\"1\" no-lazy class=\"tracking\"><\/p>\n<p><div class=\"responsive-video\"><iframe loading=\"lazy\" title=\"MacBook Pro M4 Teardown: What\u2019s Inside and What\u2019s Fixable?\" width=\"500\" height=\"281\" src=\"https:\/\/www.youtube-nocookie.com\/embed\/nTY6GJqiZHc?feature=oembed\" frameborder=\"0\" allow=\"accelerometer; autoplay; clipboard-write; encrypted-media; gyroscope; picture-in-picture; web-share\" referrerpolicy=\"strict-origin-when-cross-origin\" allowfullscreen><\/iframe><\/div><\/p>\n","protected":false},"excerpt":{"rendered":"<a href=\"https:\/\/www.ifun.de\/so-sieht-das-macbook-pro-m4-von-innen-aus-244073\/\"><img width=\"150\" height=\"150\" src=\"https:\/\/images.ifun.de\/wp-content\/uploads\/2024\/11\/macbook-pro-m4-innen-feature-150x150.jpg\" class=\"alignright tfe wp-post-image\" alt=\"Macbook Pro M4 Innen Feature\" decoding=\"async\" loading=\"lazy\" \/><\/a><p>Nat\u00fcrlich wollen wir auch wissen, wie es im Inneren des neuen MacBook Pro aussieht und wo Apple hier m\u00f6glicherweise unabh\u00e4ngig von der Systemleistung nachgebessert oder etwas ver\u00e4ndert hat. ifixit hat sich standesgem\u00e4\u00df dieser Sache angenommen und das MacBook Pro M4 unter die R\u00f6ntgenkamera gelegt und aufgeschraubt. Das Team von ifixit hatte angesichts dieser Aufgabe gro\u00dfe [&hellip;]<\/p>\n","protected":false},"author":2,"featured_media":244077,"comment_status":"open","ping_status":"closed","sticky":false,"template":"","format":"standard","meta":{"_acf_changed":false,"footnotes":""},"categories":[1,1783],"tags":[6486,224],"class_list":["post-244073","post","type-post","status-publish","format-standard","has-post-thumbnail","hentry","category-news","category-feature","tag-m4-prozessor","tag-macbook-pro"],"acf":[],"aioseo_notices":[],"featured_image":["https:\/\/images.ifun.de\/wp-content\/uploads\/2024\/11\/macbook-pro-m4-innen-feature.jpg"],"subheadline":["Kaum Unterschiede zum Vorg\u00e4nger"],"rest_api_enabler":{"featured_image":"https:\/\/images.ifun.de\/wp-content\/uploads\/2024\/11\/macbook-pro-m4-innen-feature.jpg","subheadline":"Kaum Unterschiede zum Vorg\u00e4nger"},"_links":{"self":[{"href":"https:\/\/www.ifun.de\/apiv2\/wp\/v2\/posts\/244073","targetHints":{"allow":["GET"]}}],"collection":[{"href":"https:\/\/www.ifun.de\/apiv2\/wp\/v2\/posts"}],"about":[{"href":"https:\/\/www.ifun.de\/apiv2\/wp\/v2\/types\/post"}],"author":[{"embeddable":true,"href":"https:\/\/www.ifun.de\/apiv2\/wp\/v2\/users\/2"}],"replies":[{"embeddable":true,"href":"https:\/\/www.ifun.de\/apiv2\/wp\/v2\/comments?post=244073"}],"version-history":[{"count":4,"href":"https:\/\/www.ifun.de\/apiv2\/wp\/v2\/posts\/244073\/revisions"}],"predecessor-version":[{"id":244080,"href":"https:\/\/www.ifun.de\/apiv2\/wp\/v2\/posts\/244073\/revisions\/244080"}],"wp:featuredmedia":[{"embeddable":true,"href":"https:\/\/www.ifun.de\/apiv2\/wp\/v2\/media\/244077"}],"wp:attachment":[{"href":"https:\/\/www.ifun.de\/apiv2\/wp\/v2\/media?parent=244073"}],"wp:term":[{"taxonomy":"category","embeddable":true,"href":"https:\/\/www.ifun.de\/apiv2\/wp\/v2\/categories?post=244073"},{"taxonomy":"post_tag","embeddable":true,"href":"https:\/\/www.ifun.de\/apiv2\/wp\/v2\/tags?post=244073"}],"curies":[{"name":"wp","href":"https:\/\/api.w.org\/{rel}","templated":true}]}}