{"id":243732,"date":"2024-11-19T12:04:41","date_gmt":"2024-11-19T11:04:41","guid":{"rendered":"https:\/\/www.ifun.de\/?p=243732"},"modified":"2024-11-27T05:43:59","modified_gmt":"2024-11-27T04:43:59","slug":"geruechte-um-einen-apple-fernseher-branden-wieder-auf","status":"publish","type":"post","link":"https:\/\/www.ifun.de\/geruechte-um-einen-apple-fernseher-branden-wieder-auf-243732\/","title":{"rendered":"Ger\u00fcchte um einen &#8222;Apple-Fernseher&#8220; branden wieder auf"},"content":{"rendered":"<p>Der \u201eApple-Fernseher\u201c macht wieder Schlagzeilen. Der Bloomberg-Autor <a href=\"https:\/\/www.bloomberg.com\/account\/newsletters\/power-on\">Mark Gurman<\/a> l\u00e4sst in seinem neuesten Rundschreiben an Abonnenten verlauten, dass Apple die Idee eines eigenen Fernsehger\u00e4ts \u00fcberdenkt. Das mag allerdings viel oder wohl eher auch gar nichts bedeuten.<\/p>\n<p>Die Hochzeit der Spekulationen um einen Apple-Fernseher liegt inzwischen fast schon 15 Jahre zur\u00fcck. Mag sein, dass Apple damals tats\u00e4chlich kurz davor war, sein Produktangebot um diesen Bereich zu erweitern. In diesem Zusammenhang machte unter anderem das Ger\u00fccht die Runde, dass ein von Apple konzipierter Fernseher in der Zentrale des Unternehmens bereits aktiv getestet wurde.<\/p>\n<p><a href=\"https:\/\/images.ifun.de\/wp-content\/uploads\/2024\/11\/apple-tv-updates.jpg\"><img loading=\"lazy\" decoding=\"async\" src=\"https:\/\/images.ifun.de\/wp-content\/uploads\/2024\/11\/apple-tv-updates-700x587.jpg\" alt=\"Apple Tv Updates\" width=\"700\" height=\"587\" class=\"alignnone size-large wp-image-243734\" srcset=\"https:\/\/images.ifun.de\/wp-content\/uploads\/2024\/11\/apple-tv-updates-700x587.jpg 700w, https:\/\/images.ifun.de\/wp-content\/uploads\/2024\/11\/apple-tv-updates-500x420.jpg 500w, https:\/\/images.ifun.de\/wp-content\/uploads\/2024\/11\/apple-tv-updates-768x644.jpg 768w, https:\/\/images.ifun.de\/wp-content\/uploads\/2024\/11\/apple-tv-updates.jpg 1119w\" sizes=\"auto, (max-width: 700px) 100vw, 700px\" \/><\/a><\/p>\n<h6>Wir haben hier Ger\u00e4te anderer Hersteller als Symbolbilder verwendet<\/h6>\n<p>Wie schon damals sind wir allerdings auch heute skeptisch, wenn es um solche Spekulationen geht. Nat\u00fcrlich ist an dem Argument, Apple wolle ein solches Ger\u00e4t vor allem auch anbieten, um seinen Kunden das komplette Fenseherlebnis aus einer Hand zu liefern, inzwischen deutlich mehr als noch vor zehn Jahren dran. Apple ist mit Apple TV+ jetzt ein ernstzunehmender Mitspieler im Streaming-Segment. Allerdings ist die Konkurrenz im Bereich der Smart-TV-Anbieter enorm und man erh\u00e4lt inzwischen f\u00fcr erfreulich wenig Geld vergleichsweise gute Ger\u00e4te.<\/p>\n<h2>Apple experimentiert schon einen Schritt weiter<\/h2>\n<p>Es ist schwer vorstellbar, dass Apple mit seinem gewohnten Preisniveau hier ernstzunehmende Marktanteile einnehmen kann. Gro\u00dfe Innovationen werden nicht mehr auf dem TV-Ger\u00e4t, sondern in anderen Bereichen erwartet. Apple lotet ja gerade aus, in welchem Umfang sich entsprechendes Potenzial im Bereich der Mixed-Reality-Brillen erschlie\u00dfen l\u00e4sst.<\/p>\n<p>Letztendlich haben wir den \u201eApple-Fernseher\u201c im Zimmer stehen, sobald wir ein gutes TV-Ger\u00e4t eines beliebigen Herstellers mit der Set-Top-Box Apple TV verbinden und uns darauf einlassen, tvOS und die dar\u00fcber verf\u00fcgbaren IPTV- und Videodienste als Standard-Benutzeroberfl\u00e4che f\u00fcr das Ger\u00e4t zu verwenden.<img loading=\"lazy\" decoding=\"async\" src=\"https:\/\/vg04.met.vgwort.de\/na\/5eefde9a50134aef941a178f8b19895a\" width=\"1\" height=\"1\" no-lazy class=\"tracking\"><\/p>\n","protected":false},"excerpt":{"rendered":"<a href=\"https:\/\/www.ifun.de\/geruechte-um-einen-apple-fernseher-branden-wieder-auf-243732\/\"><img width=\"150\" height=\"150\" src=\"https:\/\/images.ifun.de\/wp-content\/uploads\/2024\/11\/apple-tv-updates-150x150.jpg\" class=\"alignright tfe wp-post-image\" alt=\"Apple Tv Updates\" decoding=\"async\" loading=\"lazy\" \/><\/a><p>Der \u201eApple-Fernseher\u201c macht wieder Schlagzeilen. Der Bloomberg-Autor Mark Gurman l\u00e4sst in seinem neuesten Rundschreiben an Abonnenten verlauten, dass Apple die Idee eines eigenen Fernsehger\u00e4ts \u00fcberdenkt. Das mag allerdings viel oder wohl eher auch gar nichts bedeuten. Die Hochzeit der Spekulationen um einen Apple-Fernseher liegt inzwischen fast schon 15 Jahre zur\u00fcck. Mag sein, dass Apple damals [&hellip;]<\/p>\n","protected":false},"author":2,"featured_media":243734,"comment_status":"open","ping_status":"closed","sticky":false,"template":"","format":"standard","meta":{"_acf_changed":false,"footnotes":""},"categories":[3,1783],"tags":[4736,621,3910],"class_list":["post-243732","post","type-post","status-publish","format-standard","has-post-thumbnail","hentry","category-apple","category-feature","tag-apple","tag-fernseher","tag-geruechte"],"acf":[],"aioseo_notices":[],"featured_image":["https:\/\/images.ifun.de\/wp-content\/uploads\/2024\/02\/apple-tv-plus-lg-fernseher.jpg"],"subheadline":["Unwahrscheinlich wie vor 15 Jahren"],"rest_api_enabler":{"featured_image":"https:\/\/images.ifun.de\/wp-content\/uploads\/2024\/02\/apple-tv-plus-lg-fernseher.jpg","subheadline":"Unwahrscheinlich wie vor 15 Jahren"},"_links":{"self":[{"href":"https:\/\/www.ifun.de\/apiv2\/wp\/v2\/posts\/243732","targetHints":{"allow":["GET"]}}],"collection":[{"href":"https:\/\/www.ifun.de\/apiv2\/wp\/v2\/posts"}],"about":[{"href":"https:\/\/www.ifun.de\/apiv2\/wp\/v2\/types\/post"}],"author":[{"embeddable":true,"href":"https:\/\/www.ifun.de\/apiv2\/wp\/v2\/users\/2"}],"replies":[{"embeddable":true,"href":"https:\/\/www.ifun.de\/apiv2\/wp\/v2\/comments?post=243732"}],"version-history":[{"count":2,"href":"https:\/\/www.ifun.de\/apiv2\/wp\/v2\/posts\/243732\/revisions"}],"predecessor-version":[{"id":243735,"href":"https:\/\/www.ifun.de\/apiv2\/wp\/v2\/posts\/243732\/revisions\/243735"}],"wp:featuredmedia":[{"embeddable":true,"href":"https:\/\/www.ifun.de\/apiv2\/wp\/v2\/media\/243734"}],"wp:attachment":[{"href":"https:\/\/www.ifun.de\/apiv2\/wp\/v2\/media?parent=243732"}],"wp:term":[{"taxonomy":"category","embeddable":true,"href":"https:\/\/www.ifun.de\/apiv2\/wp\/v2\/categories?post=243732"},{"taxonomy":"post_tag","embeddable":true,"href":"https:\/\/www.ifun.de\/apiv2\/wp\/v2\/tags?post=243732"}],"curies":[{"name":"wp","href":"https:\/\/api.w.org\/{rel}","templated":true}]}}