{"id":243713,"date":"2024-11-19T10:09:14","date_gmt":"2024-11-19T09:09:14","guid":{"rendered":"https:\/\/www.ifun.de\/?p=243713"},"modified":"2024-11-19T10:09:14","modified_gmt":"2024-11-19T09:09:14","slug":"m4-macs-koennen-nur-bedingt-aeltere-macos-versionen-virtualisieren","status":"publish","type":"post","link":"https:\/\/www.ifun.de\/m4-macs-koennen-nur-bedingt-aeltere-macos-versionen-virtualisieren-243713\/","title":{"rendered":"M4-Macs k\u00f6nnen nur bedingt \u00e4ltere macOS-Versionen virtualisieren"},"content":{"rendered":"<p>Mit den neuesten, mit M4-Prozessoren ausgestatteten Mac-Modellen lassen sich keine \u00e4lteren Mac-Betriebssysteme als das im vergangenen Jahr erschienene macOS 13.4 Ventura in einer virtuellen Maschine betreiben. Nutzer, die diese Funktion ben\u00f6tigen, sollten sich den Umstieg auf einen neuen Mac besser zweimal \u00fcberlegen.<\/p>\n<p><a href=\"https:\/\/images.ifun.de\/wp-content\/uploads\/2024\/11\/macos121-howard-oakley.jpg\"><img loading=\"lazy\" decoding=\"async\" src=\"https:\/\/images.ifun.de\/wp-content\/uploads\/2024\/11\/macos121-howard-oakley-500x313.jpg\" alt=\"Macos121 Howard Oakley\" width=\"500\" height=\"313\" class=\"alignnone size-medium wp-image-243717\" srcset=\"https:\/\/images.ifun.de\/wp-content\/uploads\/2024\/11\/macos121-howard-oakley-500x313.jpg 500w, https:\/\/images.ifun.de\/wp-content\/uploads\/2024\/11\/macos121-howard-oakley-700x438.jpg 700w, https:\/\/images.ifun.de\/wp-content\/uploads\/2024\/11\/macos121-howard-oakley-768x481.jpg 768w, https:\/\/images.ifun.de\/wp-content\/uploads\/2024\/11\/macos121-howard-oakley.jpg 1400w\" sizes=\"auto, (max-width: 500px) 100vw, 500px\" \/><\/a><\/p>\n<h6>Screenshot: Howard Oakley<\/h6>\n<p>Der Mac-Spezialist <a href=\"https:\/\/eclecticlight.co\/2024\/11\/14\/m4-macs-cant-virtualise-older-macos\/\">Howard Oakley<\/a> hat den Fehler unter die Lupe genommen, nachdem der Entwickler Csaba Fitzl darauf aufmerksam gemacht und zudem einen Fehlerbericht an Apple weitergeleitet hat. Demzufolge betrifft der Fehler verschiedenste Virtualisierungsprogramme, darunter auch die popul\u00e4re Software UTM. Das Problem zeigt sich stets in der gleichen Weise: Virtuelle macOS-Installationen f\u00fcr Versionen vor 13.4 Ventura enden nach dem Start in einem schwarzen Bildschirm und booten nicht. Auch der Versuch, die virtuelle Umgebung im Wiederherstellungsmodus zu starten, f\u00fchrt zu keinem Erfolg.<\/p>\n<p>Den bislang verf\u00fcgbaren Testergebnissen zufolge besteht nur wenig Aussicht darauf, dass Apple eine L\u00f6sung f\u00fcr dieses Problem bereitstellt. Die wahrscheinlichste Ursache k\u00f6nnte im fr\u00fchen Bootprozess des Kernels liegen. Durch die Bereitstellung neuer IPSW-Dateien f\u00fcr \u00e4ltere macOS-Kernel k\u00f6nnte hier theoretisch eine Korrektur erfolgen. Doch sei dergleichen nicht zu erwarten, da Apple bisher noch nie \u00fcberarbeitete Firmwaredateien f\u00fcr fr\u00fchere macOS-Versionen ver\u00f6ffentlicht hat.<\/p>\n<p>Die Analyse des Problems wird auch dadurch erschwert, dass keine Log-Dateien vorliegen, die den Grund des Problems offenbaren k\u00f6nnten, weil die Systeme gar nicht so weit booten.<\/p>\n<h2>\u00c4ltere M-Prozessoren unterst\u00fctzen macOS Monterey<\/h2>\n<p>Die Anzahl der konkret betroffenen Nutzer d\u00fcrfte sich immerhin in Grenzen halten und mit voranschreitenden Systemversionen auch stetig schrumpfen. Grunds\u00e4tzlich lassen sich auf Macs mit M4-Prozessoren virtuelle Maschinen mit den macOS-Versionen von 13.4 an verwenden. Auf Macs mit Apple-Prozessoren vom Typ M1, M2 und M3 kann man auch noch das 2021 erschienene macOS Monterey 12.0.1 in einer virtuellen Umgebung ausf\u00fchren.<img loading=\"lazy\" decoding=\"async\" src=\"https:\/\/vg04.met.vgwort.de\/na\/13297f648ae246c88f7b044bc8368701\" width=\"1\" height=\"1\" no-lazy class=\"tracking\"><\/p>\n","protected":false},"excerpt":{"rendered":"<a href=\"https:\/\/www.ifun.de\/m4-macs-koennen-nur-bedingt-aeltere-macos-versionen-virtualisieren-243713\/\"><img width=\"150\" height=\"150\" src=\"https:\/\/images.ifun.de\/wp-content\/uploads\/2024\/11\/m4-prozessoren-feature-150x150.jpg\" class=\"alignright tfe wp-post-image\" alt=\"M4 Prozessoren Feature\" decoding=\"async\" loading=\"lazy\" \/><\/a><p>Mit den neuesten, mit M4-Prozessoren ausgestatteten Mac-Modellen lassen sich keine \u00e4lteren Mac-Betriebssysteme als das im vergangenen Jahr erschienene macOS 13.4 Ventura in einer virtuellen Maschine betreiben. Nutzer, die diese Funktion ben\u00f6tigen, sollten sich den Umstieg auf einen neuen Mac besser zweimal \u00fcberlegen. Screenshot: Howard Oakley Der Mac-Spezialist Howard Oakley hat den Fehler unter die Lupe [&hellip;]<\/p>\n","protected":false},"author":2,"featured_media":243720,"comment_status":"open","ping_status":"closed","sticky":false,"template":"","format":"standard","meta":{"_acf_changed":false,"footnotes":""},"categories":[16],"tags":[6321,3095,2478],"class_list":["post-243713","post","type-post","status-publish","format-standard","has-post-thumbnail","hentry","category-mac","tag-mac","tag-macos","tag-virtualisierung"],"acf":[],"aioseo_notices":[],"featured_image":["https:\/\/images.ifun.de\/wp-content\/uploads\/2024\/11\/apple-m4-feature.jpg"],"subheadline":["Bei Ventura 13.4 ist Schluss"],"rest_api_enabler":{"featured_image":"https:\/\/images.ifun.de\/wp-content\/uploads\/2024\/11\/apple-m4-feature.jpg","subheadline":"Bei Ventura 13.4 ist Schluss"},"_links":{"self":[{"href":"https:\/\/www.ifun.de\/apiv2\/wp\/v2\/posts\/243713","targetHints":{"allow":["GET"]}}],"collection":[{"href":"https:\/\/www.ifun.de\/apiv2\/wp\/v2\/posts"}],"about":[{"href":"https:\/\/www.ifun.de\/apiv2\/wp\/v2\/types\/post"}],"author":[{"embeddable":true,"href":"https:\/\/www.ifun.de\/apiv2\/wp\/v2\/users\/2"}],"replies":[{"embeddable":true,"href":"https:\/\/www.ifun.de\/apiv2\/wp\/v2\/comments?post=243713"}],"version-history":[{"count":4,"href":"https:\/\/www.ifun.de\/apiv2\/wp\/v2\/posts\/243713\/revisions"}],"predecessor-version":[{"id":243721,"href":"https:\/\/www.ifun.de\/apiv2\/wp\/v2\/posts\/243713\/revisions\/243721"}],"wp:featuredmedia":[{"embeddable":true,"href":"https:\/\/www.ifun.de\/apiv2\/wp\/v2\/media\/243720"}],"wp:attachment":[{"href":"https:\/\/www.ifun.de\/apiv2\/wp\/v2\/media?parent=243713"}],"wp:term":[{"taxonomy":"category","embeddable":true,"href":"https:\/\/www.ifun.de\/apiv2\/wp\/v2\/categories?post=243713"},{"taxonomy":"post_tag","embeddable":true,"href":"https:\/\/www.ifun.de\/apiv2\/wp\/v2\/tags?post=243713"}],"curies":[{"name":"wp","href":"https:\/\/api.w.org\/{rel}","templated":true}]}}