{"id":243304,"date":"2024-11-12T14:14:08","date_gmt":"2024-11-12T13:14:08","guid":{"rendered":"https:\/\/www.ifun.de\/?p=243304"},"modified":"2024-11-12T14:14:08","modified_gmt":"2024-11-12T13:14:08","slug":"apple-zum-mac-mini-man-nutzt-den-schalter-sowieso-nicht","status":"publish","type":"post","link":"https:\/\/www.ifun.de\/apple-zum-mac-mini-man-nutzt-den-schalter-sowieso-nicht-243304\/","title":{"rendered":"Apple zum Mac mini: Man nutzt den Schalter sowieso nicht"},"content":{"rendered":"<p>Apples Entscheidung, den Einschaltknopf f\u00fcr den <a href=\"https:\/\/apple.sjv.io\/nQD9M\">neuen Mac mini<\/a> auf dessen Unterseite und zudem dann auch noch auf der vom Nutzer abgewandten Seite des Computers zu platzieren, wird weiterhin kontrovers diskutiert. Apples Marketing-Chef Greg Joswiak hat dies nun im Interview mit dem chinesischen Blog <a href=\"https:\/\/www.ithome.com\/0\/809\/112.htm\">IT Home<\/a> mit dem dadurch gewonnenen Platz begr\u00fcndet. Die \u00c4nderung sei n\u00f6tig gewesen, um die Gr\u00f6\u00dfe des Computers derart drastisch zu reduzieren.<\/p>\n<p>Joswiak gibt sich dabei selbstbewusst und argumentiert, dass die Platzierung optimal sei und man einfach den Finger unter den Mac mini schieben k\u00f6nne, um den Schalter zu bet\u00e4tigen. Zudem w\u00fcrde man den Schalter ohnehin so gut wie nie benutzen.<\/p>\n<p><a href=\"https:\/\/images.ifun.de\/wp-content\/uploads\/2024\/11\/bild.jpg\"><img loading=\"lazy\" decoding=\"async\" src=\"https:\/\/images.ifun.de\/wp-content\/uploads\/2024\/11\/bild-700x443.jpg\" alt=\"Bild\" width=\"700\" height=\"443\" class=\"alignnone size-large wp-image-243307\" srcset=\"https:\/\/images.ifun.de\/wp-content\/uploads\/2024\/11\/bild-700x443.jpg 700w, https:\/\/images.ifun.de\/wp-content\/uploads\/2024\/11\/bild-500x316.jpg 500w, https:\/\/images.ifun.de\/wp-content\/uploads\/2024\/11\/bild-768x486.jpg 768w, https:\/\/images.ifun.de\/wp-content\/uploads\/2024\/11\/bild.jpg 1280w\" sizes=\"auto, (max-width: 700px) 100vw, 700px\" \/><\/a><\/p>\n<p>Auf die Argumente der Kritiker geht Apple in solchen Diskussionen aber ohnehin niemals ein. Genauso wenig, wie an der Platzierung des Ladeanschlusses bei der Magic Mouse ger\u00fcttelt wird, sieht das Unternehmen bei dieser Design-Entscheidung f\u00fcr den Mac mini Verbesserungspotenzial. Dabei w\u00e4re es schon ein deutliches Plus, wenn man den Schalter von der Vorderseite des Computers aus bet\u00e4tigen k\u00f6nnte.<\/p>\n<p>Apple hat sicher Recht damit, dass ein gro\u00dfer Teil seiner Kunden ihre Computer gar nicht mehr oder nur extrem selten ausschaltet. Dennoch w\u00e4re es sch\u00f6n, wenn das Unternehmen auch jene Nutzer respektiert, die hier &#8211; und sei es noch so wenig &#8211; Energie sparen wollen, weil sie ihren Desktop-Mac nur sehr unregelm\u00e4\u00dfig benutzen.<\/p>\n<h2>L\u00f6sungen aus dem 3D-Drucker<\/h2>\n<p>Aber es gibt ja 3D-Drucker und auf Portalen wie <a href=\"https:\/\/makerworld.com\/en\/search\/models?keyword=mac+mini+power+button\">MakerWorld<\/a> schlagen derzeit nahezu t\u00e4glich neue Ideen f\u00fcr Erweiterungen auf, die besseren Zugang zu diesem Schalter erm\u00f6glichen.<\/p>\n<p><a href=\"https:\/\/images.ifun.de\/wp-content\/uploads\/2024\/11\/mac-mini-power-button-base.jpg\"><img loading=\"lazy\" decoding=\"async\" src=\"https:\/\/images.ifun.de\/wp-content\/uploads\/2024\/11\/mac-mini-power-button-base-700x452.jpg\" alt=\"Mac Mini Power Button Base\" width=\"700\" height=\"452\" class=\"alignnone size-large wp-image-243305\" srcset=\"https:\/\/images.ifun.de\/wp-content\/uploads\/2024\/11\/mac-mini-power-button-base-700x452.jpg 700w, https:\/\/images.ifun.de\/wp-content\/uploads\/2024\/11\/mac-mini-power-button-base-500x323.jpg 500w, https:\/\/images.ifun.de\/wp-content\/uploads\/2024\/11\/mac-mini-power-button-base-768x496.jpg 768w, https:\/\/images.ifun.de\/wp-content\/uploads\/2024\/11\/mac-mini-power-button-base-1536x992.jpg 1536w, https:\/\/images.ifun.de\/wp-content\/uploads\/2024\/11\/mac-mini-power-button-base.jpg 1919w\" sizes=\"auto, (max-width: 700px) 100vw, 700px\" \/><\/a><\/p>\n<p>Am besten gef\u00e4llt uns dabei die <a href=\"https:\/\/makerworld.com\/en\/models\/776857\">Mac mini M4 Power Button Base<\/a>. Hierbei handelt es sich um ein schlichtes Kreuz, das passgenau unter den kleinen Computer gestellt wird und so konstruiert ist, dass der Schalter bet\u00e4tigt wird, wenn man von oben auf den Mac mini dr\u00fcckt. Bei dieser Konstruktion hat man aber besser keine Katze im Haus\u2026<img loading=\"lazy\" decoding=\"async\" src=\"https:\/\/vg04.met.vgwort.de\/na\/704b0a3da8c542a2930ce5be831729fd\" width=\"1\" height=\"1\" no-lazy class=\"tracking\"><\/p>\n","protected":false},"excerpt":{"rendered":"<a href=\"https:\/\/www.ifun.de\/apple-zum-mac-mini-man-nutzt-den-schalter-sowieso-nicht-243304\/\"><img width=\"150\" height=\"150\" src=\"https:\/\/images.ifun.de\/wp-content\/uploads\/2024\/11\/bild-150x150.jpg\" class=\"alignright tfe wp-post-image\" alt=\"Bild\" decoding=\"async\" loading=\"lazy\" \/><\/a><p>Apples Entscheidung, den Einschaltknopf f\u00fcr den neuen Mac mini auf dessen Unterseite und zudem dann auch noch auf der vom Nutzer abgewandten Seite des Computers zu platzieren, wird weiterhin kontrovers diskutiert. Apples Marketing-Chef Greg Joswiak hat dies nun im Interview mit dem chinesischen Blog IT Home mit dem dadurch gewonnenen Platz begr\u00fcndet. Die \u00c4nderung sei [&hellip;]<\/p>\n","protected":false},"author":2,"featured_media":243307,"comment_status":"open","ping_status":"closed","sticky":false,"template":"","format":"standard","meta":{"_acf_changed":false,"footnotes":""},"categories":[16],"tags":[4736,515],"class_list":["post-243304","post","type-post","status-publish","format-standard","has-post-thumbnail","hentry","category-mac","tag-apple","tag-mac-mini"],"acf":[],"aioseo_notices":[],"featured_image":["https:\/\/images.ifun.de\/wp-content\/uploads\/2024\/11\/mac-mini-power-button-base-feature.jpg"],"subheadline":["Geh\u00e4use-Design steht im Vordergrund"],"rest_api_enabler":{"featured_image":"https:\/\/images.ifun.de\/wp-content\/uploads\/2024\/11\/mac-mini-power-button-base-feature.jpg","subheadline":"Geh\u00e4use-Design steht im Vordergrund"},"_links":{"self":[{"href":"https:\/\/www.ifun.de\/apiv2\/wp\/v2\/posts\/243304","targetHints":{"allow":["GET"]}}],"collection":[{"href":"https:\/\/www.ifun.de\/apiv2\/wp\/v2\/posts"}],"about":[{"href":"https:\/\/www.ifun.de\/apiv2\/wp\/v2\/types\/post"}],"author":[{"embeddable":true,"href":"https:\/\/www.ifun.de\/apiv2\/wp\/v2\/users\/2"}],"replies":[{"embeddable":true,"href":"https:\/\/www.ifun.de\/apiv2\/wp\/v2\/comments?post=243304"}],"version-history":[{"count":2,"href":"https:\/\/www.ifun.de\/apiv2\/wp\/v2\/posts\/243304\/revisions"}],"predecessor-version":[{"id":243310,"href":"https:\/\/www.ifun.de\/apiv2\/wp\/v2\/posts\/243304\/revisions\/243310"}],"wp:featuredmedia":[{"embeddable":true,"href":"https:\/\/www.ifun.de\/apiv2\/wp\/v2\/media\/243307"}],"wp:attachment":[{"href":"https:\/\/www.ifun.de\/apiv2\/wp\/v2\/media?parent=243304"}],"wp:term":[{"taxonomy":"category","embeddable":true,"href":"https:\/\/www.ifun.de\/apiv2\/wp\/v2\/categories?post=243304"},{"taxonomy":"post_tag","embeddable":true,"href":"https:\/\/www.ifun.de\/apiv2\/wp\/v2\/tags?post=243304"}],"curies":[{"name":"wp","href":"https:\/\/api.w.org\/{rel}","templated":true}]}}