{"id":243183,"date":"2024-11-11T07:52:13","date_gmt":"2024-11-11T06:52:13","guid":{"rendered":"https:\/\/www.ifun.de\/?p=243183"},"modified":"2024-11-18T20:41:32","modified_gmt":"2024-11-18T19:41:32","slug":"ssd-erweiterung-fuer-den-neuen-mac-mini-es-funktioniert","status":"publish","type":"post","link":"https:\/\/www.ifun.de\/ssd-erweiterung-fuer-den-neuen-mac-mini-es-funktioniert-243183\/","title":{"rendered":"SSD-Erweiterung f\u00fcr den neuen Mac mini: Es funktioniert"},"content":{"rendered":"<p>Apple macht auch beim <a href=\"https:\/\/apple.sjv.io\/nQD9M\">neuen Mac mini<\/a> keine Ausnahme: Wer seinen Mac mit zus\u00e4tzlichem Speicher ausstatten will, muss tief in den Geldbeutel greifen. Wenn man das Volumen von Arbeitsspeicher und SSD bei der Standardausf\u00fchrung verdoppelt, bezahlt man <a href=\"https:\/\/www.ifun.de\/nur-9-euro-differenz-zwei-mac-mini-oder-doppelter-speicher-242917\/\" title=\"Nur 9 Euro Differenz: Zwei Mac mini oder doppelter Speicher\">genauso viel<\/a>, als w\u00fcrde man zwei der Computer bestellen.<\/p>\n<p>Dementsprechend ist das Interesse an alternativen Speichererweiterungen f\u00fcr Apples neuesten Desktop-Rechner entsprechend hoch. Um Entt\u00e4uschungen zu vermeiden, sei gleich vorweg gesagt, dass sich der Arbeitsspeicher des Rechners soweit bislang bekannt ist nicht erweitern l\u00e4sst. Eine gr\u00f6\u00dfere SSD ist aber mit PC-Schrauber-Kenntnissen machbar, und dergleichen d\u00fcrfte in Zukunft auch als Nachr\u00fcstsatz von Drittanbietern erh\u00e4ltlich sein.<\/p>\n<p><div class=\"responsive-video\"><iframe loading=\"lazy\" title=\"UPGRADING a Brand NEW M4 Mac mini\" width=\"500\" height=\"281\" src=\"https:\/\/www.youtube-nocookie.com\/embed\/cJPXLE9uPr8?feature=oembed\" frameborder=\"0\" allow=\"accelerometer; autoplay; clipboard-write; encrypted-media; gyroscope; picture-in-picture; web-share\" referrerpolicy=\"strict-origin-when-cross-origin\" allowfullscreen><\/iframe><\/div><\/p>\n<p>Der als \u201edosdude1\u201c bekannte Mac-Fan und Entwickler Collin Mistr hat schon in der Vergangenheit bewiesen, dass sich der SSD-Speicher von Desktop-Macs wie dem Mac mini oder dem Mac Studio entgegen den offiziellen Angaben von Apple teilweise aufr\u00fcsten l\u00e4sst. In seiner neuesten Ver\u00f6ffentlichung auf YouTube zeigt der Hardware-Spezialist, dass dies auch beim ganz neuen Mac mini der Fall ist.<\/p>\n<p>Im Video ist der Mac mini 2024 in der Basisausf\u00fchrung mit 256 GB Speicher zu sehen. Die beiden hier vorhandenen Speichermodule werden durch zwei Bausteine mit jeweils 512 GB ersetzt, sodass der Speicher, der in Form einer Steckkarte im Mac mini verbaut ist, insgesamt 1 TB gro\u00df wird.<\/p>\n<h2>SSD-Erweiterung als Bausatz<\/h2>\n<p>Im Video ist dieser Vorgang ab Minute 14:22 zu sehen und vermutlich werden <\/p>\n<p>nur die wenigsten Nutzer in der Lage sein, diesen Prozess selbst durchzuf\u00fchren. Daf\u00fcr braucht man nicht nur umfassende Kenntnisse, sondern auch die passenden Speicherbausteine und Spezialwerkzeug.<\/p>\n<p>An dieser Stelle kommen Anbieter wie <a href=\"https:\/\/www.polysoft.fr\/\" title=\"Polysoft\">Polysoft<\/a> zum Zug, die bereits f\u00fcr \u00e4ltere Mac-Modelle entsprechende Speichermodule angeboten haben. Auf die im Video oben gezeigte Art und Weise l\u00e4sst sich auch der Speicher des Mac Studio erweitern, und hierf\u00fcr bietet Polysoft gerade <a href=\"https:\/\/www.ifun.de\/mehr-speicher-fuer-den-mac-studio-ssd-erweiterung-auf-kickstarter-241347\/\">\u00fcber Kickstarter<\/a> entsprechende Module an. Beim deutlich g\u00fcnstigeren Mac mini k\u00f6nnte dergleichen auf deutlich gr\u00f6\u00dferes Interesse sto\u00dfen.<img loading=\"lazy\" decoding=\"async\" src=\"https:\/\/vg04.met.vgwort.de\/na\/a6a891fd8305471691102d0db7567266\" width=\"1\" height=\"1\" no-lazy class=\"tracking\"><\/p>\n","protected":false},"excerpt":{"rendered":"<a href=\"https:\/\/www.ifun.de\/ssd-erweiterung-fuer-den-neuen-mac-mini-es-funktioniert-243183\/\"><img width=\"150\" height=\"150\" src=\"https:\/\/images.ifun.de\/wp-content\/uploads\/2024\/11\/mac-mini-ssd-feature-150x150.jpg\" class=\"alignright tfe wp-post-image\" alt=\"Mac Mini Ssd Feature\" decoding=\"async\" loading=\"lazy\" \/><\/a><p>Apple macht auch beim neuen Mac mini keine Ausnahme: Wer seinen Mac mit zus\u00e4tzlichem Speicher ausstatten will, muss tief in den Geldbeutel greifen. Wenn man das Volumen von Arbeitsspeicher und SSD bei der Standardausf\u00fchrung verdoppelt, bezahlt man genauso viel, als w\u00fcrde man zwei der Computer bestellen. Dementsprechend ist das Interesse an alternativen Speichererweiterungen f\u00fcr Apples [&hellip;]<\/p>\n","protected":false},"author":2,"featured_media":243186,"comment_status":"open","ping_status":"closed","sticky":false,"template":"","format":"standard","meta":{"_acf_changed":false,"footnotes":""},"categories":[16,1783],"tags":[515,240],"class_list":["post-243183","post","type-post","status-publish","format-standard","has-post-thumbnail","hentry","category-mac","category-feature","tag-mac-mini","tag-speicher"],"acf":[],"aioseo_notices":[],"featured_image":["https:\/\/images.ifun.de\/wp-content\/uploads\/2024\/11\/mac-mini-ssd-feature.jpg"],"subheadline":["Bahn frei f\u00fcr Erweiterungskits"],"rest_api_enabler":{"featured_image":"https:\/\/images.ifun.de\/wp-content\/uploads\/2024\/11\/mac-mini-ssd-feature.jpg","subheadline":"Bahn frei f\u00fcr Erweiterungskits"},"_links":{"self":[{"href":"https:\/\/www.ifun.de\/apiv2\/wp\/v2\/posts\/243183","targetHints":{"allow":["GET"]}}],"collection":[{"href":"https:\/\/www.ifun.de\/apiv2\/wp\/v2\/posts"}],"about":[{"href":"https:\/\/www.ifun.de\/apiv2\/wp\/v2\/types\/post"}],"author":[{"embeddable":true,"href":"https:\/\/www.ifun.de\/apiv2\/wp\/v2\/users\/2"}],"replies":[{"embeddable":true,"href":"https:\/\/www.ifun.de\/apiv2\/wp\/v2\/comments?post=243183"}],"version-history":[{"count":3,"href":"https:\/\/www.ifun.de\/apiv2\/wp\/v2\/posts\/243183\/revisions"}],"predecessor-version":[{"id":243187,"href":"https:\/\/www.ifun.de\/apiv2\/wp\/v2\/posts\/243183\/revisions\/243187"}],"wp:featuredmedia":[{"embeddable":true,"href":"https:\/\/www.ifun.de\/apiv2\/wp\/v2\/media\/243186"}],"wp:attachment":[{"href":"https:\/\/www.ifun.de\/apiv2\/wp\/v2\/media?parent=243183"}],"wp:term":[{"taxonomy":"category","embeddable":true,"href":"https:\/\/www.ifun.de\/apiv2\/wp\/v2\/categories?post=243183"},{"taxonomy":"post_tag","embeddable":true,"href":"https:\/\/www.ifun.de\/apiv2\/wp\/v2\/tags?post=243183"}],"curies":[{"name":"wp","href":"https:\/\/api.w.org\/{rel}","templated":true}]}}