{"id":243131,"date":"2024-11-08T11:59:39","date_gmt":"2024-11-08T10:59:39","guid":{"rendered":"https:\/\/www.ifun.de\/?p=243131"},"modified":"2024-11-08T11:59:39","modified_gmt":"2024-11-08T10:59:39","slug":"amazon-bestaetigt-black-friday-woche-startet-am-21-november","status":"publish","type":"post","link":"https:\/\/www.ifun.de\/amazon-bestaetigt-black-friday-woche-startet-am-21-november-243131\/","title":{"rendered":"Amazon best\u00e4tigt: &#8222;Black Friday Woche&#8220; startet am 21. November"},"content":{"rendered":"<p class=\"p1\">Der Online-H\u00e4ndler Amazon hat heute damit begonnen, den diesj\u00e4hrigen Termin f\u00fcr seine sogenannte <a rel=\"noindex, nofollow\" href=\"https:\/\/www.amazon.de\/blackfriday?&amp;linkCode=ll2&amp;tag=musicweb02&amp;linkId=86a3b8cfda6ae3b98eb3ba912509a120&amp;language=de_DE&amp;ref_=as_li_ss_tl\">Black-Friday-Woche<\/a> zu kommunizieren und macht damit offiziell, was vereinzelt schon spekuliert wurde: Das traditionell umsatzst\u00e4rkste Verkaufsevent wird 2024 zwischen dem 21. November und dem 2. Dezember stattfinden.<\/p>\n<p><a rel=\"noindex, nofollow\" href=\"https:\/\/www.amazon.de\/blackfriday?&amp;linkCode=ll2&amp;tag=musicweb02&amp;linkId=86a3b8cfda6ae3b98eb3ba912509a120&amp;language=de_DE&amp;ref_=as_li_ss_tl\"><img loading=\"lazy\" decoding=\"async\" class=\"aligncenter size-medium wp-image-243132\" src=\"https:\/\/images.ifun.de\/wp-content\/uploads\/2024\/11\/black-friday-amazon-500x417.jpg\" alt=\"Black Friday Amazon\" width=\"500\" height=\"417\" srcset=\"https:\/\/images.ifun.de\/wp-content\/uploads\/2024\/11\/black-friday-amazon-500x417.jpg 500w, https:\/\/images.ifun.de\/wp-content\/uploads\/2024\/11\/black-friday-amazon-700x583.jpg 700w, https:\/\/images.ifun.de\/wp-content\/uploads\/2024\/11\/black-friday-amazon-768x640.jpg 768w, https:\/\/images.ifun.de\/wp-content\/uploads\/2024\/11\/black-friday-amazon.jpg 900w\" sizes=\"auto, (max-width: 500px) 100vw, 500px\" \/><\/a><\/p>\n<p class=\"p1\">Laut Amazon sollen Besteller w\u00e4hrend der zehn Tage in mehreren Kategorien bis zu 40 Prozent sparen k\u00f6nnen &#8211; Details werden auf <a rel=\"noindex, nofollow\" href=\"https:\/\/www.amazon.de\/blackfriday?&amp;linkCode=ll2&amp;tag=musicweb02&amp;linkId=86a3b8cfda6ae3b98eb3ba912509a120&amp;language=de_DE&amp;ref_=as_li_ss_tl\">amazon.de\/blackfriday<\/a> bekanntgegeben. Zu den angebotenen Produkten z\u00e4hlen Elektronik, Spielzeug, Haushaltsger\u00e4te, K\u00fcchenger\u00e4te und K\u00f6rperpflegeartikel.<\/p>\n<h2>21. November bis 2. Dezember<\/h2>\n<p class=\"p1\">Amazon hat zudem angek\u00fcndigt, die Suche nach passenden Angeboten durch personalisierte Empfehlungen erleichtern zu wollen. Diese basieren auf den Vorlieben und vorherigen K\u00e4ufen der Besteller.<\/p>\n<p class=\"p1\">Au\u00dferdem soll sich auch die Sprachassistenz Alexa f\u00fcr die Schn\u00e4ppchensuche nutzen lassen, indem sie auf Wunsch Benachrichtigungen zu individuellen Angeboten verschickt. Wer Produkte in Wunschlisten oder dem Warenkorb gespeichert hat, kann das Sprachkommando \u201cAlexa, was sind meine Angebote?\u201d nutzen, um zu pr\u00fcfen, ob die eigene Produktauswahl von laufenden Angeboten profitieren kann.<\/p>\n<script>\r\n  function open_amazon(link) {\r\n    if (navigator.userAgent.indexOf(\"Firefox\") != -1) {\r\n      window.open(link, '_blank');\r\n    } else {\r\n      var tag = document.createElement('a');\r\n      tag.setAttribute('href', link);\r\n      tag.innerHTML = \"amzn\";\r\n      tag.click();\r\n    }\r\n  }\r\n<\/script>\r\n    <div id=\"article-single-amazon-preview\" onclick=\"return open_amazon('https:\/\/www.amazon.de\/dp\/B09WX9XBKD?tag=musicweb02&linkCode=ogi&th=1&psc=1');\">\n  <div id=\"article-single-amazon-preview-header\">\n    <span class=\"title\">Produkthinweis<\/span>\n      <\/div>\n  <div id=\"article-single-amazon-preview-content\">\n    <div id=\"article-single-amazon-preview-img\" style=\"background: url('https:\/\/m.media-amazon.com\/images\/I\/41uRMxAQRjL.jpg') center center no-repeat; background-size: cover;\"><\/div>\n    <div id=\"article-single-amazon-preview-desc\">\n      <span class=\"bezeichnung\"><a href=\"https:\/\/www.amazon.de\/dp\/B09WX9XBKD?tag=musicweb02&linkCode=ogi&th=1&psc=1\" style=\"text-decoration: none; border-bottom: 0px; box-shadow: none;\">Echo Pop |Anthrazit, 2er pack<\/a><\/span>\n      <span class=\"preis--aktuell\">37,98 EUR<\/span>\n      <span class=\"preis--alt\"><\/span>\n    <\/div>\n  <\/div>\n<\/div>\n<h2>G\u00fcnstigerer Streaming-Zugriff<\/h2>\n<p class=\"p1\">Zus\u00e4tzlich sollen Prime-Mitglieder w\u00e4hrend des Aktionszeitraums Rabatte auf Streaming-Dienste wie Paramount+ und MGM+ erhalten, die f\u00fcr drei Monate um 50 Prozent g\u00fcnstiger angeboten werden. Auch Crunchyroll und Aniverse werden sich w\u00e4hrend des Aktionszeitraums f\u00fcr 99 Cent monatlich nutzen lassen.<\/p>\n<p class=\"p1\">Neben den allgemeinen Rabatten bietet Amazon auch Preisnachl\u00e4sse auf hauseigene Ger\u00e4te wie Echo, Fire TV, Kindle und eero an. Schon gestern sind die ersten Sonderangebote f\u00fcr Amazons Echo Lautsprecher angelaufen. ifun.de berichtete:<\/p>\n<ul>\n<li class=\"p1\"><strong>Echo Dot und Spot:<\/strong> <a title=\"F\u00fcr Echo Dot und Spot: Nachlass, 2-f\u00fcr-1-Aktion und Dreingabe\" href=\"https:\/\/www.ifun.de\/fuer-echo-dot-und-spot-nachlass-2-fuer-1-aktion-und-dreingabe-243053\/\">Nachlass, 2-f\u00fcr-1-Aktion und Dreingabe<\/a><\/li>\n<\/ul>\n<p class=\"p1\">In \u00fcber 30 deutschen St\u00e4dten sollen Besteller zudem von Same-Day-Lieferungen profitieren.<\/p>\n<p><img loading=\"lazy\" decoding=\"async\" src=\"https:\/\/vg01.met.vgwort.de\/na\/c6aa7de015a14a33b4cc4cab719cfa70\" width=\"1\" height=\"1\" no-lazy class=\"tracking\"><\/p>\n","protected":false},"excerpt":{"rendered":"<a href=\"https:\/\/www.ifun.de\/amazon-bestaetigt-black-friday-woche-startet-am-21-november-243131\/\"><img width=\"150\" height=\"150\" src=\"https:\/\/images.ifun.de\/wp-content\/uploads\/2024\/11\/amazon-black-friday-150x150.jpg\" class=\"alignright tfe wp-post-image\" alt=\"Amazon Black Friday\" decoding=\"async\" loading=\"lazy\" \/><\/a><p>Der Online-H\u00e4ndler Amazon hat heute damit begonnen, den diesj\u00e4hrigen Termin f\u00fcr seine sogenannte Black-Friday-Woche zu kommunizieren und macht damit offiziell, was vereinzelt schon spekuliert wurde: Das traditionell umsatzst\u00e4rkste Verkaufsevent wird 2024 zwischen dem 21. November und dem 2. Dezember stattfinden. Laut Amazon sollen Besteller w\u00e4hrend der zehn Tage in mehreren Kategorien bis zu 40 Prozent [&hellip;]<\/p>\n","protected":false},"author":1,"featured_media":243133,"comment_status":"open","ping_status":"closed","sticky":false,"template":"","format":"standard","meta":{"_acf_changed":false,"footnotes":""},"categories":[1],"tags":[53,792],"class_list":["post-243131","post","type-post","status-publish","format-standard","has-post-thumbnail","hentry","category-news","tag-amazon","tag-black-friday"],"acf":[],"aioseo_notices":[],"featured_image":["https:\/\/images.ifun.de\/wp-content\/uploads\/2024\/11\/amazon-black-friday.jpg"],"subheadline":["G\u00fcnstigerer Streaming-Zugriff"],"rest_api_enabler":{"featured_image":"https:\/\/images.ifun.de\/wp-content\/uploads\/2024\/11\/amazon-black-friday.jpg","subheadline":"G\u00fcnstigerer Streaming-Zugriff"},"_links":{"self":[{"href":"https:\/\/www.ifun.de\/apiv2\/wp\/v2\/posts\/243131","targetHints":{"allow":["GET"]}}],"collection":[{"href":"https:\/\/www.ifun.de\/apiv2\/wp\/v2\/posts"}],"about":[{"href":"https:\/\/www.ifun.de\/apiv2\/wp\/v2\/types\/post"}],"author":[{"embeddable":true,"href":"https:\/\/www.ifun.de\/apiv2\/wp\/v2\/users\/1"}],"replies":[{"embeddable":true,"href":"https:\/\/www.ifun.de\/apiv2\/wp\/v2\/comments?post=243131"}],"version-history":[{"count":1,"href":"https:\/\/www.ifun.de\/apiv2\/wp\/v2\/posts\/243131\/revisions"}],"predecessor-version":[{"id":243134,"href":"https:\/\/www.ifun.de\/apiv2\/wp\/v2\/posts\/243131\/revisions\/243134"}],"wp:featuredmedia":[{"embeddable":true,"href":"https:\/\/www.ifun.de\/apiv2\/wp\/v2\/media\/243133"}],"wp:attachment":[{"href":"https:\/\/www.ifun.de\/apiv2\/wp\/v2\/media?parent=243131"}],"wp:term":[{"taxonomy":"category","embeddable":true,"href":"https:\/\/www.ifun.de\/apiv2\/wp\/v2\/categories?post=243131"},{"taxonomy":"post_tag","embeddable":true,"href":"https:\/\/www.ifun.de\/apiv2\/wp\/v2\/tags?post=243131"}],"curies":[{"name":"wp","href":"https:\/\/api.w.org\/{rel}","templated":true}]}}