{"id":242811,"date":"2024-11-04T21:00:39","date_gmt":"2024-11-04T20:00:39","guid":{"rendered":"https:\/\/www.ifun.de\/?p=242811"},"modified":"2024-11-04T21:00:39","modified_gmt":"2024-11-04T20:00:39","slug":"eu-kommission-prueft-ipados-auf-dma-einhaltung","status":"publish","type":"post","link":"https:\/\/www.ifun.de\/eu-kommission-prueft-ipados-auf-dma-einhaltung-242811\/","title":{"rendered":"EU-Kommission pr\u00fcft iPadOS auf DMA-Einhaltung"},"content":{"rendered":"<p>Die Europ\u00e4ische Union hat bereits im Fr\u00fchjahr <a href=\"https:\/\/www.ifun.de\/eu-kommission-auch-ipados-muss-sich-oeffnen-und-app-store-alternativen-zulassen-231764\/\">festgelegt<\/a>, dass auch das iPad beziehungsweise iPadOS als \u201eTorw\u00e4chter\u201c anzusehen ist und Apple daher auch hier den Vorgaben des <a href=\"https:\/\/www.iphone-ticker.de\/eu-gesetz-ueber-digitale-maerkte-koennte-apple-ab-2023-probleme-machen-201300\/\" title=\"Gesetzes \u00fcber digitale M\u00e4rkte\">Gesetzes \u00fcber digitale M\u00e4rkte<\/a> (DMA) unterliegt. In der Folge hat Apple Anpassungen bei seinem iPad-Betriebssystem vorgenommen und l\u00e4sst mit iPadOS 18 beispielsweise alternative App-Marktpl\u00e4tze zu.<\/p>\n<p><a href=\"https:\/\/images.ifun.de\/wp-content\/uploads\/2024\/05\/Apple-iPad-Air-lifestyle-240507-2000.jpg\"><img loading=\"lazy\" decoding=\"async\" src=\"https:\/\/images.ifun.de\/wp-content\/uploads\/2024\/05\/Apple-iPad-Air-lifestyle-240507-2000-500x375.jpg\" alt=\"Apple IPad Air Lifestyle 240507 2000\" width=\"500\" height=\"375\" class=\"alignnone size-medium wp-image-232191\" srcset=\"https:\/\/images.ifun.de\/wp-content\/uploads\/2024\/05\/Apple-iPad-Air-lifestyle-240507-2000-500x375.jpg 500w, https:\/\/images.ifun.de\/wp-content\/uploads\/2024\/05\/Apple-iPad-Air-lifestyle-240507-2000-700x525.jpg 700w, https:\/\/images.ifun.de\/wp-content\/uploads\/2024\/05\/Apple-iPad-Air-lifestyle-240507-2000-768x576.jpg 768w, https:\/\/images.ifun.de\/wp-content\/uploads\/2024\/05\/Apple-iPad-Air-lifestyle-240507-2000-1536x1152.jpg 1536w, https:\/\/images.ifun.de\/wp-content\/uploads\/2024\/05\/Apple-iPad-Air-lifestyle-240507-2000.jpg 2000w\" sizes=\"auto, (max-width: 500px) 100vw, 500px\" \/><\/a><\/p>\n<p>Einem <a href=\"https:\/\/www.reuters.com\/technology\/eu-apples-operating-system-ipados-must-comply-with-eus-digital-markets-act-2024-11-04\/\">Reuters-Bericht<\/a> zufolge hat die Europ\u00e4ische Kommission jetzt eine Untersuchung eingeleitet, in deren Rahmen \u00fcberpr\u00fcft werden soll, ob Apples iPad-Betriebssystem nach den seither erfolgten Anpassungen den Anforderungen des DMA gerecht wird. Der Starttermin f\u00fcr diese Ma\u00dfnahme war nat\u00fcrlich auch mehr oder weniger durch den Kalender vorgegeben. Als die EU-Kommission das iPad-Betriebssystem Ende April in das Torw\u00e4chterprogramm des DMA eingeordnet hat, wurde Apple f\u00fcr die Umsetzung der damit verbundenen Verpflichtungen eine Frist von sechs Monaten auferlegt. Dieser Zeitraum ist Ende Oktober abgelaufen.<\/p>\n<h2>iPadOS unter \u201eBeobachtung der Kommission\u201c<\/h2>\n<p>In der Folge steht iPadOS nun \u201eunter genauer Beobachtung der Kommission\u201c. Im Rahmen der \u00dcberpr\u00fcfung wird nun die Einhaltung der DMA-Kriterien genauestens unter die Lupe genommen. Bei Themen wie alternativen App-Stores oder der freien Auswahl der Webbrowser konnte sich Apple an den bereits auf iPhone-Seite gemachten Erfahrungen orientieren. Hier sollte dann auch weitestgehend alles in trockenen T\u00fcchern sein. Beim iPad kommt allerdings noch die Auflage hinzu, dass Apple Drittanbietern einfachen Zugang zu Funktionen von iPadOS geben muss, um Zubeh\u00f6r wie Kopfh\u00f6rer oder Apple-Pencil-Alternativen mit konkurrenzf\u00e4higen Funktionen auszustatten.<\/p>\n<p>Die EU-Kommission will neben Apple auch andere Akteure in diesem Bereich zu Wort kommen lassen und deren Aussagen in die Beurteilung einbeziehen. Mit einem Ergebnis ist im Laufe der kommenden Monate zu rechnen.<img loading=\"lazy\" decoding=\"async\" src=\"https:\/\/vg04.met.vgwort.de\/na\/615cf9a4c940407fa11454b7e0febcda\" width=\"1\" height=\"1\" no-lazy class=\"tracking\"><\/p>\n","protected":false},"excerpt":{"rendered":"<a href=\"https:\/\/www.ifun.de\/eu-kommission-prueft-ipados-auf-dma-einhaltung-242811\/\"><img decoding=\"async\" width=\"150\" src=\"https:\/\/images.ifun.de\/wp-content\/uploads\/2024\/05\/Apple-iPad-Air-lifestyle-240507-2000-500x375.jpg\" class=\"alignright wp-post-image tfe\" alt=\"Apple IPad Air Lifestyle 240507 2000\" title=\"\" \/><\/a><p>Die Europ\u00e4ische Union hat bereits im Fr\u00fchjahr festgelegt, dass auch das iPad beziehungsweise iPadOS als \u201eTorw\u00e4chter\u201c anzusehen ist und Apple daher auch hier den Vorgaben des Gesetzes \u00fcber digitale M\u00e4rkte (DMA) unterliegt. In der Folge hat Apple Anpassungen bei seinem iPad-Betriebssystem vorgenommen und l\u00e4sst mit iPadOS 18 beispielsweise alternative App-Marktpl\u00e4tze zu. Einem Reuters-Bericht zufolge hat [&hellip;]<\/p>\n","protected":false},"author":2,"featured_media":0,"comment_status":"open","ping_status":"closed","sticky":false,"template":"","format":"standard","meta":{"_acf_changed":false,"footnotes":""},"categories":[10],"tags":[5861,4220,4740,4537],"class_list":["post-242811","post","type-post","status-publish","format-standard","hentry","category-ipad","tag-dma","tag-europaeische-kommission","tag-ipad","tag-ipados"],"acf":[],"aioseo_notices":[],"featured_image":["https:\/\/images.ifun.de\/wp-content\/uploads\/2024\/05\/ipad-pro-feature-1.jpg"],"subheadline":["Ausreichend Spielraum f\u00fcr Drittanbieter?"],"rest_api_enabler":{"featured_image":"https:\/\/images.ifun.de\/wp-content\/uploads\/2024\/05\/ipad-pro-feature-1.jpg","subheadline":"Ausreichend Spielraum f\u00fcr Drittanbieter?"},"_links":{"self":[{"href":"https:\/\/www.ifun.de\/apiv2\/wp\/v2\/posts\/242811","targetHints":{"allow":["GET"]}}],"collection":[{"href":"https:\/\/www.ifun.de\/apiv2\/wp\/v2\/posts"}],"about":[{"href":"https:\/\/www.ifun.de\/apiv2\/wp\/v2\/types\/post"}],"author":[{"embeddable":true,"href":"https:\/\/www.ifun.de\/apiv2\/wp\/v2\/users\/2"}],"replies":[{"embeddable":true,"href":"https:\/\/www.ifun.de\/apiv2\/wp\/v2\/comments?post=242811"}],"version-history":[{"count":1,"href":"https:\/\/www.ifun.de\/apiv2\/wp\/v2\/posts\/242811\/revisions"}],"predecessor-version":[{"id":242813,"href":"https:\/\/www.ifun.de\/apiv2\/wp\/v2\/posts\/242811\/revisions\/242813"}],"wp:attachment":[{"href":"https:\/\/www.ifun.de\/apiv2\/wp\/v2\/media?parent=242811"}],"wp:term":[{"taxonomy":"category","embeddable":true,"href":"https:\/\/www.ifun.de\/apiv2\/wp\/v2\/categories?post=242811"},{"taxonomy":"post_tag","embeddable":true,"href":"https:\/\/www.ifun.de\/apiv2\/wp\/v2\/tags?post=242811"}],"curies":[{"name":"wp","href":"https:\/\/api.w.org\/{rel}","templated":true}]}}