{"id":242647,"date":"2024-11-01T06:57:28","date_gmt":"2024-11-01T05:57:28","guid":{"rendered":"https:\/\/www.ifun.de\/?p=242647"},"modified":"2024-11-11T14:21:24","modified_gmt":"2024-11-11T13:21:24","slug":"mac-mini-2024-3d-druck-projekt-bringt-einaus-schalter-nach-oben","status":"publish","type":"post","link":"https:\/\/www.ifun.de\/mac-mini-2024-3d-druck-projekt-bringt-einaus-schalter-nach-oben-242647\/","title":{"rendered":"Mac mini 2024: 3D-Druck-Projekt bringt Ein\/Aus-Schalter nach oben"},"content":{"rendered":"<p>Wir haben schon direkt nach der Vorstellung des <a href=\"https:\/\/apple.sjv.io\/nQD9M\" title=\"Mac mini\">neuen Mac mini<\/a> die Tatsache aufgegriffen, dass Apple den Ein\/Aus-Schalter des Computers <a href=\"https:\/\/www.ifun.de\/wo-ist-der-ausschalter-beim-mac-mini-hin-242475\/\" title=\"Wo ist der Ausschalter beim Mac mini hin?\">auf die Unterseite verlegt hat<\/a>. Das hat wie erwartet zu hei\u00dfen Diskussionen gef\u00fchrt. Sicher schaltet man moderne Computer nicht mehr mit der gleichen Regelm\u00e4\u00dfigkeit aus, wie dies fr\u00fcher der Fall war.<\/p>\n<p><a href=\"https:\/\/images.ifun.de\/wp-content\/uploads\/2024\/11\/mac-mini-schalter-3d.jpg\"><img loading=\"lazy\" decoding=\"async\" src=\"https:\/\/images.ifun.de\/wp-content\/uploads\/2024\/11\/mac-mini-schalter-3d-500x443.jpg\" alt=\"Mac Mini Schalter 3d\" width=\"500\" height=\"443\" class=\"alignnone size-medium wp-image-242649\" srcset=\"https:\/\/images.ifun.de\/wp-content\/uploads\/2024\/11\/mac-mini-schalter-3d-500x443.jpg 500w, https:\/\/images.ifun.de\/wp-content\/uploads\/2024\/11\/mac-mini-schalter-3d.jpg 700w\" sizes=\"auto, (max-width: 500px) 100vw, 500px\" \/><\/a><\/p>\n<p>Es gibt jedoch weiterhin gen\u00fcgend Gr\u00fcnde, dies ab und an zu tun. Seien es installationsbedingte Umst\u00e4nde oder schlicht die Meinung, dass der Computer nicht st\u00e4ndig parat stehen und &#8211; sei es noch so wenig &#8211; Strom verbrauchen muss, wenn er nur unregelm\u00e4\u00dfig verwendet wird. Bei uns haben sich auch Leser gemeldet, die ihren Computer komplett herunterfahren m\u00fcssen, weil sie \u00fcber Schaltsteckdosen ihren kompletten Arbeitsplatz vom Strom nehmen.<\/p>\n<h2>Mac mini aus dem 3D-Drucker<\/h2>\n<p>Der erste Workaround f\u00fcr dieses Problem ist zwar nicht sch\u00f6n, aber er ist da. Auf der 3-Druck-Plattform <a href=\"https:\/\/makerworld.com\/en\/models\/744386\">MakerWorld<\/a> kann man die <a href=\"https:\/\/makerworld.com\/en\/models\/744386\">Vorlage f\u00fcr eine Konstruktion<\/a> laden, mit deren Hilfe sich der Ein\/Ausschalter des neuen Mac mini so umleiten l\u00e4sst, dass man ihn von oben her bedienen kann. Der kleine Turm wird an die Ecke des Computers gesetzt und soll den Schalter mithilfe einer kleinen Wippe dr\u00fccken, die von oben her bet\u00e4tigt wird.<\/p>\n<p><a href=\"https:\/\/images.ifun.de\/wp-content\/uploads\/2024\/11\/mac-mini-3d-lampe.jpg\"><img loading=\"lazy\" decoding=\"async\" src=\"https:\/\/images.ifun.de\/wp-content\/uploads\/2024\/11\/mac-mini-3d-lampe-700x525.jpg\" alt=\"Mac Mini 3d Lampe\" width=\"700\" height=\"525\" class=\"alignnone size-large wp-image-242648\" srcset=\"https:\/\/images.ifun.de\/wp-content\/uploads\/2024\/11\/mac-mini-3d-lampe-700x525.jpg 700w, https:\/\/images.ifun.de\/wp-content\/uploads\/2024\/11\/mac-mini-3d-lampe-500x375.jpg 500w, https:\/\/images.ifun.de\/wp-content\/uploads\/2024\/11\/mac-mini-3d-lampe-768x576.jpg 768w, https:\/\/images.ifun.de\/wp-content\/uploads\/2024\/11\/mac-mini-3d-lampe.jpg 1134w\" sizes=\"auto, (max-width: 700px) 100vw, 700px\" \/><\/a><\/p>\n<h2>Weitere L\u00f6sungsvorschl\u00e4ge werden folgen<\/h2>\n<p>Wie gut oder schlecht das funktioniert, bleibt abzuwarten. Schlie\u00dflich kommt der Mac mini erst in einer Woche in den Handel. Als Vorlage f\u00fcr diese Konstruktion dient ein ebenfalls im 3D-Drucker gefertigtes <a href=\"https:\/\/makerworld.com\/en\/models\/745363\">Modell des neuen Mac mini<\/a>, das auf den bislang von Apple ver\u00f6ffentlichten Daten basiert.<\/p>\n<p>Der \u201eNew Mac Mini&#39;s Top power button\u201c ist wohl der erste, aber sicherlich nicht der letzte Versuch, eine komfortable L\u00f6sung f\u00fcr die Bet\u00e4tigung des Ein\/Aus-Schalters zu finden. Ihr k\u00f6nnt auch davon ausgehen, dass sich Zubeh\u00f6ranbieter mit dem Thema befassen und Montagel\u00f6sungen bieten, mit deren Hilfe beispielsweise eine Montage unter dem Tisch m\u00f6glich ist. F\u00fcr den Mac Studio gibt es sogar <a href=\"https:\/\/www.ifun.de\/sonnet-packt-den-mac-studio-in-19-zoll-racks-194172\/\">Rack-Geh\u00e4use<\/a>, die dein Ein\/Aus-Schalter des Ger\u00e4ts an die Vorderseite verlegen.<img loading=\"lazy\" decoding=\"async\" src=\"https:\/\/vg09.met.vgwort.de\/na\/244f472cba1c4d0083c13e80ffe19095\" width=\"1\" height=\"1\" no-lazy class=\"tracking\"><\/p>\n","protected":false},"excerpt":{"rendered":"<a href=\"https:\/\/www.ifun.de\/mac-mini-2024-3d-druck-projekt-bringt-einaus-schalter-nach-oben-242647\/\"><img width=\"150\" height=\"150\" src=\"https:\/\/images.ifun.de\/wp-content\/uploads\/2024\/11\/mac-mini-schalter-3d-feature-150x150.jpg\" class=\"alignright tfe wp-post-image\" alt=\"Mac Mini Schalter 3d Feature\" decoding=\"async\" loading=\"lazy\" \/><\/a><p>Wir haben schon direkt nach der Vorstellung des neuen Mac mini die Tatsache aufgegriffen, dass Apple den Ein\/Aus-Schalter des Computers auf die Unterseite verlegt hat. Das hat wie erwartet zu hei\u00dfen Diskussionen gef\u00fchrt. Sicher schaltet man moderne Computer nicht mehr mit der gleichen Regelm\u00e4\u00dfigkeit aus, wie dies fr\u00fcher der Fall war. Es gibt jedoch weiterhin [&hellip;]<\/p>\n","protected":false},"author":2,"featured_media":242650,"comment_status":"open","ping_status":"closed","sticky":false,"template":"","format":"standard","meta":{"_acf_changed":false,"footnotes":""},"categories":[16,1783],"tags":[2484,515],"class_list":["post-242647","post","type-post","status-publish","format-standard","has-post-thumbnail","hentry","category-mac","category-feature","tag-3d-druck","tag-mac-mini"],"acf":[],"aioseo_notices":[],"featured_image":["https:\/\/images.ifun.de\/wp-content\/uploads\/2024\/11\/mac-mini-schalter-3d-feature.jpg"],"subheadline":["Nicht sch\u00f6n, aber hilfreich"],"rest_api_enabler":{"featured_image":"https:\/\/images.ifun.de\/wp-content\/uploads\/2024\/11\/mac-mini-schalter-3d-feature.jpg","subheadline":"Nicht sch\u00f6n, aber hilfreich"},"_links":{"self":[{"href":"https:\/\/www.ifun.de\/apiv2\/wp\/v2\/posts\/242647","targetHints":{"allow":["GET"]}}],"collection":[{"href":"https:\/\/www.ifun.de\/apiv2\/wp\/v2\/posts"}],"about":[{"href":"https:\/\/www.ifun.de\/apiv2\/wp\/v2\/types\/post"}],"author":[{"embeddable":true,"href":"https:\/\/www.ifun.de\/apiv2\/wp\/v2\/users\/2"}],"replies":[{"embeddable":true,"href":"https:\/\/www.ifun.de\/apiv2\/wp\/v2\/comments?post=242647"}],"version-history":[{"count":3,"href":"https:\/\/www.ifun.de\/apiv2\/wp\/v2\/posts\/242647\/revisions"}],"predecessor-version":[{"id":242655,"href":"https:\/\/www.ifun.de\/apiv2\/wp\/v2\/posts\/242647\/revisions\/242655"}],"wp:featuredmedia":[{"embeddable":true,"href":"https:\/\/www.ifun.de\/apiv2\/wp\/v2\/media\/242650"}],"wp:attachment":[{"href":"https:\/\/www.ifun.de\/apiv2\/wp\/v2\/media?parent=242647"}],"wp:term":[{"taxonomy":"category","embeddable":true,"href":"https:\/\/www.ifun.de\/apiv2\/wp\/v2\/categories?post=242647"},{"taxonomy":"post_tag","embeddable":true,"href":"https:\/\/www.ifun.de\/apiv2\/wp\/v2\/tags?post=242647"}],"curies":[{"name":"wp","href":"https:\/\/api.w.org\/{rel}","templated":true}]}}