{"id":242585,"date":"2024-10-31T07:32:49","date_gmt":"2024-10-31T06:32:49","guid":{"rendered":"https:\/\/www.ifun.de\/?p=242585"},"modified":"2024-10-31T09:30:05","modified_gmt":"2024-10-31T08:30:05","slug":"ausfuehrlich-vorgestellt-das-neue-macbook-pro-im-apple-video","status":"publish","type":"post","link":"https:\/\/www.ifun.de\/ausfuehrlich-vorgestellt-das-neue-macbook-pro-im-apple-video-242585\/","title":{"rendered":"Ausf\u00fchrlich vorgestellt: Das neue MacBook Pro im Apple-Video"},"content":{"rendered":"<p>Im Anschluss an die gestrige Ank\u00fcndigung der <a href=\"https:\/\/apple.sjv.io\/jjaE5\">neuen MacBook-Pro-Modelle<\/a> hat Apple drei Videos ver\u00f6ffentlicht, in denen die Neuvorstellung pr\u00e4sentiert wird. F\u00fcr Kaufinteressenten ist vor allem das offizielle Ank\u00fcndigungsvideo interessant.<\/p>\n<p>Auf 17 Minuten L\u00e4nge bekommt ihr die verschiedenen Modelle und deren Ausstattung und Leistungsdaten im Detail pr\u00e4sentiert. Wobei ihr das Kapitel zum Thema \u201eApple Intelligence\u201c getrost \u00fcberspringen k\u00f6nnt. Hierzulande wird Apples KI-Erweiterung ja erst im kommenden Jahr eingef\u00fchrt.<\/p>\n<p><div class=\"responsive-video\"><iframe loading=\"lazy\" title=\"MacBook Pro Announcement - October 30\" width=\"500\" height=\"281\" src=\"https:\/\/www.youtube-nocookie.com\/embed\/G0cmfY7qdmY?feature=oembed\" frameborder=\"0\" allow=\"accelerometer; autoplay; clipboard-write; encrypted-media; gyroscope; picture-in-picture; web-share\" referrerpolicy=\"strict-origin-when-cross-origin\" allowfullscreen><\/iframe><\/div><\/p>\n<p>Im Rahmen der Pr\u00e4sentation geht Apple nat\u00fcrlich besonders auf die Leistungsf\u00e4higkeit der M4-Prozessoren ein. Mit dem M4 Max hat Apple jetzt drei verschiedene M4-Prozessoren auf dem Markt. Das MacBook Pro ist der bislang einzige Computer des Herstellers, der in Varianten mit allen drei Modellen erh\u00e4ltlich ist.<\/p>\n<p>Entsprechend breit ist das MacBook Pro auch beim Blick auf die Preispalette aufgestellt. Die g\u00fcnstigste Version mit 14 Zoll Bildschirmgr\u00f6\u00dfe und einem Standard-M4-Prozessor ist ab 1.899 Euro zu haben. Will man die maximale Ausstattung, so kann man den Preis des mit dem M4 Max ausgestatteten Top-Modells von 4.699 Euro auf 8.549 Euro hochdr\u00fccken.<\/p>\n<h2>WLAN 7 nur beim iPhone<\/h2>\n<p>Apple muss sich im Nachgang zu der Neuvorstellung allerdings fragen lassen, warum die neuen MacBook-Pro-Modelle bei der Netzwerkausstattung Abstriche machen. W\u00e4hrend das im vergangenen Monat vorgestellte neue iPhone bereits den zu Jahresbeginn zertifizierten Standard 802.11be WLAN 7 unterst\u00fctzt, m\u00fcssen sich auch die teuersten der neuen MacBook-Pro-Modelle mit WLAN 6 begn\u00fcgen.<\/p>\n<h2>Werbevideos f\u00fcr den M4 und das MacBook Pro<\/h2>\n<p>Zus\u00e4tzlich zu dem oben bereits eingebetteten Einf\u00fchrungsvideo zu den neuen Ger\u00e4ten hat Apple mit \u201eNo Sweat\u201c einen sehr nett gemachten Werbespot zum neuen M4-Prozessor ver\u00f6ffentlicht. Im Video \u201eMit der Power des M4\u201c sollen von Apple ausgew\u00e4hlte professionelle Anwender ihren Kommentar zum neuen MacBook Pro abgeben.<img loading=\"lazy\" decoding=\"async\" src=\"https:\/\/vg09.met.vgwort.de\/na\/4561421830824d7aa63efaa2603c1dc6\" width=\"1\" height=\"1\" no-lazy class=\"tracking\"><\/p>\n<p><div class=\"responsive-video\"><iframe loading=\"lazy\" title=\"M4 chip | No Sweat | Apple\" width=\"500\" height=\"375\" src=\"https:\/\/www.youtube-nocookie.com\/embed\/1r3_pPkjOdg?feature=oembed\" frameborder=\"0\" allow=\"accelerometer; autoplay; clipboard-write; encrypted-media; gyroscope; picture-in-picture; web-share\" referrerpolicy=\"strict-origin-when-cross-origin\" allowfullscreen><\/iframe><\/div><\/p>\n<p><div class=\"responsive-video\"><iframe loading=\"lazy\" title=\"Das neue MacBook Pro | Mit der Power des M4 | Apple\" width=\"500\" height=\"281\" src=\"https:\/\/www.youtube-nocookie.com\/embed\/DawBn54b8TM?feature=oembed\" frameborder=\"0\" allow=\"accelerometer; autoplay; clipboard-write; encrypted-media; gyroscope; picture-in-picture; web-share\" referrerpolicy=\"strict-origin-when-cross-origin\" allowfullscreen><\/iframe><\/div><\/p>\n","protected":false},"excerpt":{"rendered":"<a href=\"https:\/\/www.ifun.de\/ausfuehrlich-vorgestellt-das-neue-macbook-pro-im-apple-video-242585\/\"><img width=\"150\" height=\"150\" src=\"https:\/\/images.ifun.de\/wp-content\/uploads\/2024\/10\/macbook-pro-2024-feature-1-150x150.jpg\" class=\"alignright tfe wp-post-image\" alt=\"Macbook Pro 2024 Feature\" decoding=\"async\" loading=\"lazy\" \/><\/a><p>Im Anschluss an die gestrige Ank\u00fcndigung der neuen MacBook-Pro-Modelle hat Apple drei Videos ver\u00f6ffentlicht, in denen die Neuvorstellung pr\u00e4sentiert wird. F\u00fcr Kaufinteressenten ist vor allem das offizielle Ank\u00fcndigungsvideo interessant. Auf 17 Minuten L\u00e4nge bekommt ihr die verschiedenen Modelle und deren Ausstattung und Leistungsdaten im Detail pr\u00e4sentiert. Wobei ihr das Kapitel zum Thema \u201eApple Intelligence\u201c getrost [&hellip;]<\/p>\n","protected":false},"author":2,"featured_media":242587,"comment_status":"open","ping_status":"closed","sticky":false,"template":"","format":"standard","meta":{"_acf_changed":false,"footnotes":""},"categories":[16],"tags":[6486,224],"class_list":["post-242585","post","type-post","status-publish","format-standard","has-post-thumbnail","hentry","category-mac","tag-m4-prozessor","tag-macbook-pro"],"acf":[],"aioseo_notices":[],"featured_image":["https:\/\/images.ifun.de\/wp-content\/uploads\/2024\/10\/macbook-pro-2024-feature-1.jpg"],"subheadline":["17 Minuten gehen ins Detail"],"rest_api_enabler":{"featured_image":"https:\/\/images.ifun.de\/wp-content\/uploads\/2024\/10\/macbook-pro-2024-feature-1.jpg","subheadline":"17 Minuten gehen ins Detail"},"_links":{"self":[{"href":"https:\/\/www.ifun.de\/apiv2\/wp\/v2\/posts\/242585","targetHints":{"allow":["GET"]}}],"collection":[{"href":"https:\/\/www.ifun.de\/apiv2\/wp\/v2\/posts"}],"about":[{"href":"https:\/\/www.ifun.de\/apiv2\/wp\/v2\/types\/post"}],"author":[{"embeddable":true,"href":"https:\/\/www.ifun.de\/apiv2\/wp\/v2\/users\/2"}],"replies":[{"embeddable":true,"href":"https:\/\/www.ifun.de\/apiv2\/wp\/v2\/comments?post=242585"}],"version-history":[{"count":3,"href":"https:\/\/www.ifun.de\/apiv2\/wp\/v2\/posts\/242585\/revisions"}],"predecessor-version":[{"id":242591,"href":"https:\/\/www.ifun.de\/apiv2\/wp\/v2\/posts\/242585\/revisions\/242591"}],"wp:featuredmedia":[{"embeddable":true,"href":"https:\/\/www.ifun.de\/apiv2\/wp\/v2\/media\/242587"}],"wp:attachment":[{"href":"https:\/\/www.ifun.de\/apiv2\/wp\/v2\/media?parent=242585"}],"wp:term":[{"taxonomy":"category","embeddable":true,"href":"https:\/\/www.ifun.de\/apiv2\/wp\/v2\/categories?post=242585"},{"taxonomy":"post_tag","embeddable":true,"href":"https:\/\/www.ifun.de\/apiv2\/wp\/v2\/tags?post=242585"}],"curies":[{"name":"wp","href":"https:\/\/api.w.org\/{rel}","templated":true}]}}