{"id":242447,"date":"2024-10-29T16:02:38","date_gmt":"2024-10-29T15:02:38","guid":{"rendered":"https:\/\/www.ifun.de\/?p=242447"},"modified":"2024-11-07T06:43:57","modified_gmt":"2024-11-07T05:43:57","slug":"apple-stellt-den-neuen-mac-mini-vor","status":"publish","type":"post","link":"https:\/\/www.ifun.de\/apple-stellt-den-neuen-mac-mini-vor-242447\/","title":{"rendered":"Der neue Mac mini: Halb so gro\u00df, doppelt so schnell"},"content":{"rendered":"<p>Der <a href=\"https:\/\/apple.sjv.io\/nQD9M\">Mac mini<\/a> hat endlich Anschl\u00fcsse an der Front. Apple hat den in seiner ersten Version bereits 2005 eingef\u00fchrten Desktop-Rechner umfassend \u00fcberarbeitet. Dabei wurde nicht nur das seit 2010 nahezu unver\u00e4nderte Geh\u00e4use deutlich verkleinert, sondern der Rechner ist erstmals auch mit Anschl\u00fcssen and er Ger\u00e4tefront ausgestattet.<\/p>\n<p>Zun\u00e4chst einmal ist allerdings die f\u00fcr seine kompakte Gr\u00f6\u00dfe stattliche Leistung von Apples kleinstem Desktop-Computer zu erw\u00e4hnen. Das Geh\u00e4use ist mit knapp 13 Zentimetern Kantenl\u00e4nge nur etwas gr\u00f6\u00dfer als das 10 auf 10 Zentimeter gro\u00dfe Apple TV. Apple hat die Grundfl\u00e4che des Rechners um rund die H\u00e4lfte reduziert.<\/p>\n<p><a href=\"https:\/\/images.ifun.de\/wp-content\/uploads\/2024\/10\/mac-mini-2024-front.jpg\"><img loading=\"lazy\" decoding=\"async\" src=\"https:\/\/images.ifun.de\/wp-content\/uploads\/2024\/10\/mac-mini-2024-front-700x310.jpg\" alt=\"Mac Mini 2024 Front\" width=\"700\" height=\"310\" class=\"alignnone size-large wp-image-242460\" srcset=\"https:\/\/images.ifun.de\/wp-content\/uploads\/2024\/10\/mac-mini-2024-front-700x310.jpg 700w, https:\/\/images.ifun.de\/wp-content\/uploads\/2024\/10\/mac-mini-2024-front-500x221.jpg 500w, https:\/\/images.ifun.de\/wp-content\/uploads\/2024\/10\/mac-mini-2024-front-768x340.jpg 768w, https:\/\/images.ifun.de\/wp-content\/uploads\/2024\/10\/mac-mini-2024-front.jpg 1400w\" sizes=\"auto, (max-width: 700px) 100vw, 700px\" \/><\/a><\/p>\n<h2>Auch mit M4 Pro erh\u00e4ltlich<\/h2>\n<p>Leistungsm\u00e4\u00dfig legt der Mac mini dagegen deutlich zu. Der Computer kommt mit Apples neusten M4-Prozessoren an Bord und ist neben der Standardversion auch in einer mit einem Prozessor vom Typ M4 Pro ausgestatteten Variante erh\u00e4ltlich.<\/p>\n<p>Bereits das regul\u00e4re M4-Modell liefert Apple zufolge eine bis zu 1,8-mal schnellere CPU-Leistung sowie 2,2-mal schnellere Grafik-Performance im Vergleich zu dem mit einem M1-Prozessor ausgestatteten Vorg\u00e4ngermodell. F\u00fcr Nutzer, die mehr Leistung ben\u00f6tigen, h\u00e4lt Apple eine mit dem neuen M4-Pro-Prozessor ausgestattete Variante bereit. Apple bewirbt diese Prozessorvariante als den weltweit schnellsten CPU\u2011Core mit bis zu 14 Kernen, dessen Grafikleistung mit bis zu 20 Kernen doppelt so leistungsstark wie die GPU im Standard-M4-Prozessor ist.<\/p>\n<p><a href=\"https:\/\/images.ifun.de\/wp-content\/uploads\/2024\/10\/mac-mini-2024-hinten.jpg\"><img loading=\"lazy\" decoding=\"async\" src=\"https:\/\/images.ifun.de\/wp-content\/uploads\/2024\/10\/mac-mini-2024-hinten-700x310.jpg\" alt=\"Mac Mini 2024 Hinten\" width=\"700\" height=\"310\" class=\"alignnone size-large wp-image-242459\" srcset=\"https:\/\/images.ifun.de\/wp-content\/uploads\/2024\/10\/mac-mini-2024-hinten-700x310.jpg 700w, https:\/\/images.ifun.de\/wp-content\/uploads\/2024\/10\/mac-mini-2024-hinten-500x221.jpg 500w, https:\/\/images.ifun.de\/wp-content\/uploads\/2024\/10\/mac-mini-2024-hinten-768x340.jpg 768w, https:\/\/images.ifun.de\/wp-content\/uploads\/2024\/10\/mac-mini-2024-hinten.jpg 1400w\" sizes=\"auto, (max-width: 700px) 100vw, 700px\" \/><\/a><\/p>\n<h2>Erstmals Anschl\u00fcsse an der Front<\/h2>\n<p>Der neue Mac mini verf\u00fcgt an der Vorderseite \u00fcber zwei Anschl\u00fcsse f\u00fcr USB-C sowie einen Audioanschluss mit Unterst\u00fctzung f\u00fcr Kopfh\u00f6rer mit hoher Impedanz. Auf der R\u00fcckseite des Standardmodells finden sich drei Anschl\u00fcsse f\u00fcr Thunderbolt 4, w\u00e4hrend die M4-Pro-Version \u00fcber drei Thunderbolt-5-Anschl\u00fcsse verf\u00fcgt. Zudem stehen auf der R\u00fcckseite Anschlussbuchsen f\u00fcr Ethernet und HDMI zur Verf\u00fcgung.<\/p>\n<p>Der neue Mac mini l\u00e4sst sich von heute an bei Apple vorbestellen und ist ab dem 8. November erh\u00e4ltlich. Die Standardversion ist ab 699 Euro zu haben, f\u00fcr das mit einem M4 Pro ausgestattete Modell muss man mindestens 1.649 Euro hinlegen.<img loading=\"lazy\" decoding=\"async\" src=\"https:\/\/vg09.met.vgwort.de\/na\/3a0f43987de84ca2b5e37ff0e96bfebf\" width=\"1\" height=\"1\" no-lazy class=\"tracking\"><\/p>\n<h2>Das offizielle Ank\u00fcndigungsvideo zum Mac mini 2024<\/h2>\n<p><div class=\"responsive-video\"><iframe loading=\"lazy\" title=\"Mac mini Announcement - October 29\" width=\"500\" height=\"281\" src=\"https:\/\/www.youtube-nocookie.com\/embed\/TtFm9n3NVzE?feature=oembed\" frameborder=\"0\" allow=\"accelerometer; autoplay; clipboard-write; encrypted-media; gyroscope; picture-in-picture; web-share\" referrerpolicy=\"strict-origin-when-cross-origin\" allowfullscreen><\/iframe><\/div><\/p>\n","protected":false},"excerpt":{"rendered":"<a href=\"https:\/\/www.ifun.de\/apple-stellt-den-neuen-mac-mini-vor-242447\/\"><img width=\"150\" height=\"150\" src=\"https:\/\/images.ifun.de\/wp-content\/uploads\/2024\/10\/mac-mini-feature-150x150.jpg\" class=\"alignright tfe wp-post-image\" alt=\"Mac Mini Feature\" decoding=\"async\" loading=\"lazy\" \/><\/a><p>Der Mac mini hat endlich Anschl\u00fcsse an der Front. Apple hat den in seiner ersten Version bereits 2005 eingef\u00fchrten Desktop-Rechner umfassend \u00fcberarbeitet. Dabei wurde nicht nur das seit 2010 nahezu unver\u00e4nderte Geh\u00e4use deutlich verkleinert, sondern der Rechner ist erstmals auch mit Anschl\u00fcssen and er Ger\u00e4tefront ausgestattet. Zun\u00e4chst einmal ist allerdings die f\u00fcr seine kompakte Gr\u00f6\u00dfe [&hellip;]<\/p>\n","protected":false},"author":2,"featured_media":242449,"comment_status":"open","ping_status":"closed","sticky":false,"template":"","format":"standard","meta":{"_acf_changed":false,"footnotes":""},"categories":[16,1783],"tags":[4736,6321],"class_list":["post-242447","post","type-post","status-publish","format-standard","has-post-thumbnail","hentry","category-mac","category-feature","tag-apple","tag-mac"],"acf":[],"aioseo_notices":[],"featured_image":["https:\/\/images.ifun.de\/wp-content\/uploads\/2024\/10\/mac-mini-2024-feature.jpg"],"subheadline":["Endlich Anschl\u00fcsse an der Front"],"rest_api_enabler":{"featured_image":"https:\/\/images.ifun.de\/wp-content\/uploads\/2024\/10\/mac-mini-2024-feature.jpg","subheadline":"Endlich Anschl\u00fcsse an der Front"},"_links":{"self":[{"href":"https:\/\/www.ifun.de\/apiv2\/wp\/v2\/posts\/242447","targetHints":{"allow":["GET"]}}],"collection":[{"href":"https:\/\/www.ifun.de\/apiv2\/wp\/v2\/posts"}],"about":[{"href":"https:\/\/www.ifun.de\/apiv2\/wp\/v2\/types\/post"}],"author":[{"embeddable":true,"href":"https:\/\/www.ifun.de\/apiv2\/wp\/v2\/users\/2"}],"replies":[{"embeddable":true,"href":"https:\/\/www.ifun.de\/apiv2\/wp\/v2\/comments?post=242447"}],"version-history":[{"count":13,"href":"https:\/\/www.ifun.de\/apiv2\/wp\/v2\/posts\/242447\/revisions"}],"predecessor-version":[{"id":242502,"href":"https:\/\/www.ifun.de\/apiv2\/wp\/v2\/posts\/242447\/revisions\/242502"}],"wp:featuredmedia":[{"embeddable":true,"href":"https:\/\/www.ifun.de\/apiv2\/wp\/v2\/media\/242449"}],"wp:attachment":[{"href":"https:\/\/www.ifun.de\/apiv2\/wp\/v2\/media?parent=242447"}],"wp:term":[{"taxonomy":"category","embeddable":true,"href":"https:\/\/www.ifun.de\/apiv2\/wp\/v2\/categories?post=242447"},{"taxonomy":"post_tag","embeddable":true,"href":"https:\/\/www.ifun.de\/apiv2\/wp\/v2\/tags?post=242447"}],"curies":[{"name":"wp","href":"https:\/\/api.w.org\/{rel}","templated":true}]}}