{"id":242348,"date":"2024-10-28T16:07:06","date_gmt":"2024-10-28T15:07:06","guid":{"rendered":"https:\/\/www.ifun.de\/?p=242348"},"modified":"2024-11-04T21:03:30","modified_gmt":"2024-11-04T20:03:30","slug":"neuer-imac-mit-m4-chip-ist-offiziell-doppelt-so-schnell-ab-8-november","status":"publish","type":"post","link":"https:\/\/www.ifun.de\/neuer-imac-mit-m4-chip-ist-offiziell-doppelt-so-schnell-ab-8-november-242348\/","title":{"rendered":"Neuer iMac mit M4-Chip ist offiziell: Doppelt so schnell, ab 8.November"},"content":{"rendered":"<p>Apple hat ein neues iMac-Modell mit M4-Chip vorgestellt. <a href=\"https:\/\/www.apple.com\/newsroom\/2024\/10\/apple-introduces-new-imac-supercharged-by-m4-and-apple-intelligence\/\">Cupertino gibt an<\/a>, das Ger\u00e4t sei im Vergleich zum bisherigen M1-iMac bis zu 1,7-mal schneller bei allt\u00e4glichen Aufgaben und bis zu 2,1-mal schneller bei aufwendigeren Workflows wie Foto- und Videobearbeitung. Der M4-Chip verf\u00fcgt \u00fcber eine verbesserte CPU sowie eine leistungsf\u00e4higere GPU und beschleunigt laut Apple die Arbeit mit k\u00fcnstlicher Intelligenz.<\/p>\n<p><a href=\"https:\/\/images.ifun.de\/wp-content\/uploads\/2024\/10\/Apple-iMac-M4-lifestyle-24-inch-Retina-display_big.jpg.large_2x.jpg\"><img loading=\"lazy\" decoding=\"async\" src=\"https:\/\/images.ifun.de\/wp-content\/uploads\/2024\/10\/Apple-iMac-M4-lifestyle-24-inch-Retina-display_big.jpg.large_2x-500x281.jpg\" alt=\"Apple IMac M4 Lifestyle 24 Inch Retina Display Big.jpg.large 2x\" width=\"500\" height=\"281\" class=\"aligncenter size-medium wp-image-242354\" srcset=\"https:\/\/images.ifun.de\/wp-content\/uploads\/2024\/10\/Apple-iMac-M4-lifestyle-24-inch-Retina-display_big.jpg.large_2x-500x281.jpg 500w, https:\/\/images.ifun.de\/wp-content\/uploads\/2024\/10\/Apple-iMac-M4-lifestyle-24-inch-Retina-display_big.jpg.large_2x-700x394.jpg 700w, https:\/\/images.ifun.de\/wp-content\/uploads\/2024\/10\/Apple-iMac-M4-lifestyle-24-inch-Retina-display_big.jpg.large_2x-768x432.jpg 768w, https:\/\/images.ifun.de\/wp-content\/uploads\/2024\/10\/Apple-iMac-M4-lifestyle-24-inch-Retina-display_big.jpg.large_2x-1536x864.jpg 1536w, https:\/\/images.ifun.de\/wp-content\/uploads\/2024\/10\/Apple-iMac-M4-lifestyle-24-inch-Retina-display_big.jpg.large_2x.jpg 1960w\" sizes=\"auto, (max-width: 500px) 100vw, 500px\" \/><\/a><\/p>\n<p>Der neue iMac verf\u00fcgt \u00fcber ein 24-Zoll-Display mit einer Aufl\u00f6sung von 4,5K, das nun auch mit einer sogenannten Nano-Textur-Option erh\u00e4ltlich ist. Diese soll die Spiegelung reduzieren und somit das Arbeiten auch in sehr hellen Umgebungen erleichtern. Au\u00dferdem ist der iMac in sieben neuen Farben erh\u00e4ltlich, darunter Gr\u00fcn, Gelb, Orange und Blau. Die Front des Ger\u00e4ts zeigt dabei dezente Farben, w\u00e4hrend die R\u00fcckseite intensiver gestaltet ist.<\/p>\n<p><video autoplay loop playsinline muted poster=\"\" preload=\"auto\" controls=\"controls\" width=\"100%\" ><source src=\"https:\/\/www.apple.com\/105\/media\/us\/imac\/2024\/e1d50c6b-bc34-47bd-850d-379149b71fb8\/anim\/highlights-design\/xlarge_2x.mp4\" \/><\/video><\/p>\n<h2>Bessere 12-Megapixel-Kamera<\/h2>\n<p>F\u00fcr Videokonferenzen bietet der iMac eine verbesserte 12-Megapixel-Kamera mit &#8222;Center Stage&#8220;-Funktion. Diese soll daf\u00fcr sorgen, dass der Nutzer immer im Bildmittelpunkt bleibt, selbst wenn er sich bewegt. Erg\u00e4nzt wird das Kamera-Setup durch ein Drei-Mikrofon-Array, das laut Apple Studioqualit\u00e4t bietet, sowie ein Sechs-Lautsprecher-System f\u00fcr einen verbesserten Klang.<br \/>\n<a href=\"https:\/\/images.ifun.de\/wp-content\/uploads\/2024\/10\/Apple-iMac-M4-lifestyle-business-storefront_big.jpg.large_2x.jpg\"><img loading=\"lazy\" decoding=\"async\" src=\"https:\/\/images.ifun.de\/wp-content\/uploads\/2024\/10\/Apple-iMac-M4-lifestyle-business-storefront_big.jpg.large_2x-700x394.jpg\" alt=\"Apple IMac M4 Lifestyle Business Storefront Big.jpg.large 2x\" width=\"700\" height=\"394\" class=\"aligncenter size-large wp-image-242355\" srcset=\"https:\/\/images.ifun.de\/wp-content\/uploads\/2024\/10\/Apple-iMac-M4-lifestyle-business-storefront_big.jpg.large_2x-700x394.jpg 700w, https:\/\/images.ifun.de\/wp-content\/uploads\/2024\/10\/Apple-iMac-M4-lifestyle-business-storefront_big.jpg.large_2x-500x281.jpg 500w, https:\/\/images.ifun.de\/wp-content\/uploads\/2024\/10\/Apple-iMac-M4-lifestyle-business-storefront_big.jpg.large_2x-768x432.jpg 768w, https:\/\/images.ifun.de\/wp-content\/uploads\/2024\/10\/Apple-iMac-M4-lifestyle-business-storefront_big.jpg.large_2x-1536x864.jpg 1536w, https:\/\/images.ifun.de\/wp-content\/uploads\/2024\/10\/Apple-iMac-M4-lifestyle-business-storefront_big.jpg.large_2x.jpg 1960w\" sizes=\"auto, (max-width: 700px) 100vw, 700px\" \/><\/a><\/p>\n<h2>Bis zu 4 Thunderbolt-Ports<\/h2>\n<p>In Bezug auf die Anschl\u00fcsse verf\u00fcgt der neue iMac \u00fcber bis zu vier Thunderbolt-4-Ports, die eine schnelle \u00dcbertragung von Daten erm\u00f6glichen sollen. Au\u00dferdem werden WLAN 6E und Bluetooth 5.3 unterst\u00fctzt. Das Ger\u00e4t wird mit einem farblich passenden Magic Keyboard und einer Magic Mouse oder einem optionalen Trackpad ausgeliefert, die nun alle \u00fcber USB-C-Anschl\u00fcsse verf\u00fcgen.<\/p>\n<p><a href=\"https:\/\/images.ifun.de\/wp-content\/uploads\/2024\/10\/tasttur-gruen.jpg\"><img loading=\"lazy\" decoding=\"async\" src=\"https:\/\/images.ifun.de\/wp-content\/uploads\/2024\/10\/tasttur-gruen-700x476.jpg\" alt=\"Tasttur Gruen\" width=\"700\" height=\"476\" class=\"aligncenter size-large wp-image-242361\" srcset=\"https:\/\/images.ifun.de\/wp-content\/uploads\/2024\/10\/tasttur-gruen-700x476.jpg 700w, https:\/\/images.ifun.de\/wp-content\/uploads\/2024\/10\/tasttur-gruen-500x340.jpg 500w, https:\/\/images.ifun.de\/wp-content\/uploads\/2024\/10\/tasttur-gruen-768x523.jpg 768w, https:\/\/images.ifun.de\/wp-content\/uploads\/2024\/10\/tasttur-gruen-1536x1046.jpg 1536w, https:\/\/images.ifun.de\/wp-content\/uploads\/2024\/10\/tasttur-gruen.jpg 2042w\" sizes=\"auto, (max-width: 700px) 100vw, 700px\" \/><\/a><\/p>\n<h2>Mit 256 GB ab 1.499 Euro<\/h2>\n<p>Das Ger\u00e4t besteht laut Apple zu gro\u00dfen Teilen aus recycelten Materialien und erf\u00fcllt hohe Standards f\u00fcr Energieeffizienz. Verpackungsmaterialien sollen komplett aus Faserstoffen bestehen, womit sich das Unternehmen seinem Ziel n\u00e4hert, bis 2025 auf Plastik in der Verpackung zu verzichten. <\/p>\n<p>Der <a href=\"https:\/\/www.apple.com\/de\/imac\">iMac ist ab einem Preis von 1.499 Euro<\/a> f\u00fcr Privatkunden und ab 1.439 Euro f\u00fcr den Bildungsbereich verf\u00fcgbar und wird in den Farben Gr\u00fcn, Gelb, Orange, Pink, Violett, Blau und Silber angeboten. Die Grundausstattung umfasst eine 8\u2011Core-CPU, eine 8\u2011Core-GPU, 16 GB geteilten Arbeitsspeicher (erweiterbar auf bis zu 24 GB) sowie eine 256 GB SSD, die auf bis zu 1 TB erweitert werden kann. Zwei Thunderbolt \/ USB 4-Anschl\u00fcsse sind ebenso Teil des Pakets, begleitet von einem Magic Keyboard und wahlweise einer Magic Mouse oder einem Magic Trackpad.<\/p>\n<p>F\u00fcr ein leistungsst\u00e4rkeres Modell mit einer 10\u2011Core-CPU und einer 10\u2011Core-GPU beginnt der Preis bei 1.749 Euro f\u00fcr Privatkunden und bei 1.629 Euro f\u00fcr den Bildungsbereich. Auch dieses Modell ist in den gleichen sieben Farben erh\u00e4ltlich. Hier gibt es 16 GB geteilten Arbeitsspeicher, der auf bis zu 32 GB aufger\u00fcstet werden kann, sowie eine 256 GB SSD mit optionaler Erweiterung auf bis zu 2 TB. Der High-End-iMac bietet vier Thunderbolt 4-Anschl\u00fcsse und wird ebenfalls mit einem Magic Keyboard mit Touch ID sowie einer Magic Mouse oder einem Magic Trackpad ausgeliefert. Die Auslieferung beginnt am 8. November. <\/p>\n<p><div class=\"responsive-video\"><iframe loading=\"lazy\" title=\"iMac Announcement - October 28\" width=\"500\" height=\"281\" src=\"https:\/\/www.youtube-nocookie.com\/embed\/eaB7nCdId0Y?feature=oembed\" frameborder=\"0\" allow=\"accelerometer; autoplay; clipboard-write; encrypted-media; gyroscope; picture-in-picture; web-share\" referrerpolicy=\"strict-origin-when-cross-origin\" allowfullscreen><\/iframe><\/div><\/p>\n<p><img loading=\"lazy\" decoding=\"async\" src=\"https:\/\/vg09.met.vgwort.de\/na\/dd884366f30344458b86a37a1832156c\" width=\"1\" height=\"1\" no-lazy class=\"tracking\"><\/p>\n","protected":false},"excerpt":{"rendered":"<a href=\"https:\/\/www.ifun.de\/neuer-imac-mit-m4-chip-ist-offiziell-doppelt-so-schnell-ab-8-november-242348\/\"><img width=\"150\" height=\"150\" src=\"https:\/\/images.ifun.de\/wp-content\/uploads\/2024\/10\/imac-m4-150x150.jpg\" class=\"alignright tfe wp-post-image\" alt=\"Imac M4\" decoding=\"async\" loading=\"lazy\" \/><\/a><p>Apple hat ein neues iMac-Modell mit M4-Chip vorgestellt. Cupertino gibt an, das Ger\u00e4t sei im Vergleich zum bisherigen M1-iMac bis zu 1,7-mal schneller bei allt\u00e4glichen Aufgaben und bis zu 2,1-mal schneller bei aufwendigeren Workflows wie Foto- und Videobearbeitung. Der M4-Chip verf\u00fcgt \u00fcber eine verbesserte CPU sowie eine leistungsf\u00e4higere GPU und beschleunigt laut Apple die Arbeit [&hellip;]<\/p>\n","protected":false},"author":1,"featured_media":242349,"comment_status":"open","ping_status":"closed","sticky":false,"template":"","format":"standard","meta":{"_acf_changed":false,"footnotes":""},"categories":[1,1783],"tags":[393],"class_list":["post-242348","post","type-post","status-publish","format-standard","has-post-thumbnail","hentry","category-news","category-feature","tag-imac"],"acf":[],"aioseo_notices":[],"featured_image":["https:\/\/images.ifun.de\/wp-content\/uploads\/2024\/10\/new-imac-2024.jpg"],"subheadline":["Ab sofort vorbestellbar"],"rest_api_enabler":{"featured_image":"https:\/\/images.ifun.de\/wp-content\/uploads\/2024\/10\/new-imac-2024.jpg","subheadline":"Ab sofort vorbestellbar"},"_links":{"self":[{"href":"https:\/\/www.ifun.de\/apiv2\/wp\/v2\/posts\/242348","targetHints":{"allow":["GET"]}}],"collection":[{"href":"https:\/\/www.ifun.de\/apiv2\/wp\/v2\/posts"}],"about":[{"href":"https:\/\/www.ifun.de\/apiv2\/wp\/v2\/types\/post"}],"author":[{"embeddable":true,"href":"https:\/\/www.ifun.de\/apiv2\/wp\/v2\/users\/1"}],"replies":[{"embeddable":true,"href":"https:\/\/www.ifun.de\/apiv2\/wp\/v2\/comments?post=242348"}],"version-history":[{"count":15,"href":"https:\/\/www.ifun.de\/apiv2\/wp\/v2\/posts\/242348\/revisions"}],"predecessor-version":[{"id":242386,"href":"https:\/\/www.ifun.de\/apiv2\/wp\/v2\/posts\/242348\/revisions\/242386"}],"wp:featuredmedia":[{"embeddable":true,"href":"https:\/\/www.ifun.de\/apiv2\/wp\/v2\/media\/242349"}],"wp:attachment":[{"href":"https:\/\/www.ifun.de\/apiv2\/wp\/v2\/media?parent=242348"}],"wp:term":[{"taxonomy":"category","embeddable":true,"href":"https:\/\/www.ifun.de\/apiv2\/wp\/v2\/categories?post=242348"},{"taxonomy":"post_tag","embeddable":true,"href":"https:\/\/www.ifun.de\/apiv2\/wp\/v2\/tags?post=242348"}],"curies":[{"name":"wp","href":"https:\/\/api.w.org\/{rel}","templated":true}]}}