{"id":242309,"date":"2024-10-28T10:41:53","date_gmt":"2024-10-28T09:41:53","guid":{"rendered":"https:\/\/www.ifun.de\/?p=242309"},"modified":"2024-10-28T10:42:05","modified_gmt":"2024-10-28T09:42:05","slug":"smarthome-bildschirm-von-apple-soll-im-naechsten-jahr-kommen","status":"publish","type":"post","link":"https:\/\/www.ifun.de\/smarthome-bildschirm-von-apple-soll-im-naechsten-jahr-kommen-242309\/","title":{"rendered":"Smarthome-Bildschirm von Apple soll n\u00e4chstes Jahr kommen"},"content":{"rendered":"<p>Apples erstes Smarthome-Ger\u00e4t mit integriertem Bildschirm soll im kommenden Jahr auf den Markt kommen. Dabei handelt es sich allerdings nicht um den \u201eSmarthome-Roboter\u201c von Apple, der schon seit l\u00e4ngerer Zeit durch die Ger\u00fcchtek\u00fcche zieht. Auf diesen m\u00fcssen wir noch etwas l\u00e4nger warten. Vom Design her erinnern wohl aber beide Ger\u00e4te an Apples legend\u00e4ren \u201eSchreibtischlampen-iMac\u201c.<\/p>\n<p>Der Bloomberg-Autor <a href=\"https:\/\/www.bloomberg.com\/subscriptions\/poweron\">Mark Gurman<\/a> will erfahren haben, dass Apple Fortschritte bei der Entwicklung seiner n\u00e4chsten vollst\u00e4ndig neuen Produktkategorie macht, und die Ver\u00f6ffentlichung seines ersten Smarthome-Bildschirms f\u00fcr das kommende Jahr plant.<\/p>\n<p><div class=\"responsive-video\"><iframe loading=\"lazy\" title=\"Apple - iMac G4 &quot;Lamp&quot; ad (2002)\" width=\"500\" height=\"375\" src=\"https:\/\/www.youtube-nocookie.com\/embed\/b5P3QDm61go?feature=oembed\" frameborder=\"0\" allow=\"accelerometer; autoplay; clipboard-write; encrypted-media; gyroscope; picture-in-picture; web-share\" referrerpolicy=\"strict-origin-when-cross-origin\" allowfullscreen><\/iframe><\/div><\/p>\n<h2>So gro\u00df wie zwei iPhones<\/h2>\n<p>Das Ger\u00e4t k\u00f6nne allerdings etwas kleiner ausfallen, als man vielleicht erwartet. Gurmans Informanten zufolge sei der von einem abgewinkelten Standfu\u00df getragene Bildschirm quadratisch und von der Gr\u00f6\u00dfe her mit zwei nebeneinander platzierten iPhones zu vergleichen. Mit seinem kreisrunden Fu\u00df erinnere das Ger\u00e4t an den zwischen 2002 und 2005 erh\u00e4ltlichen, mit einem flexibel verstellbaren Bildschirmarm ausgestatteten iMac. Es sei denkbar, dass sich im Sockel Lautsprecher befinden. Damit k\u00f6nnte sich das Ger\u00e4t als eine Art HomePod mit Bildschirm pr\u00e4sentieren.<\/p>\n<p><a href=\"https:\/\/images.ifun.de\/wp-content\/uploads\/2024\/08\/echo-show-10.jpg\"><img loading=\"lazy\" decoding=\"async\" src=\"https:\/\/images.ifun.de\/wp-content\/uploads\/2024\/08\/echo-show-10-700x472.jpg\" alt=\"Echo Show 10\" width=\"700\" height=\"472\" class=\"alignnone size-large wp-image-238295\" srcset=\"https:\/\/images.ifun.de\/wp-content\/uploads\/2024\/08\/echo-show-10-700x472.jpg 700w, https:\/\/images.ifun.de\/wp-content\/uploads\/2024\/08\/echo-show-10-500x337.jpg 500w, https:\/\/images.ifun.de\/wp-content\/uploads\/2024\/08\/echo-show-10-768x518.jpg 768w, https:\/\/images.ifun.de\/wp-content\/uploads\/2024\/08\/echo-show-10-1536x1036.jpg 1536w, https:\/\/images.ifun.de\/wp-content\/uploads\/2024\/08\/echo-show-10.jpg 1557w\" sizes=\"auto, (max-width: 700px) 100vw, 700px\" \/><\/a><\/p>\n<h6>Echo Show 10 von Amazon<\/h6>\n<p>Ein vergleichbares Produkt hat Amazon mit dem Echo Show 10 l\u00e4ngst auf dem Markt. Apple sieht sich hier einmal mehr unter dem Druck, qualitativ und vom Funktionsumfang her zu \u00fcberzeugen, um seine wahrscheinlich h\u00f6heren Preise zu rechtfertigen.<\/p>\n<h2>Alternative zu Echo Show und Echo Hub<\/h2>\n<p>Die zum Start der neuen Produktkategorie geplante kleinere Variante soll \u00fcber Apple-Apps wie FaceTime, Notizen und den Kalender verf\u00fcgen und sich zudem als digitaler Bilderrahmen verwenden lassen. Die kompakte Gr\u00f6\u00dfe soll nicht nur den Preis senken, sondern auch die flexible Platzierung in verschiedenen Zimmern und Wohnbereichen erm\u00f6glichen. <\/p>\n<p>Das zweite f\u00fcr diesen Anwendungsbereich geplante Ger\u00e4t soll dann fr\u00fchestens 2026 erscheinen und mit erweiterten Funktionen f\u00fcr den Medienkonsum, Videokonferenzen, oder die Verwendung als Smarthome-Zentrale ausgestattet sein.<img loading=\"lazy\" decoding=\"async\" src=\"https:\/\/vg09.met.vgwort.de\/na\/e13cdff8bf484627a07b593d45c9bc6c\" width=\"1\" height=\"1\" no-lazy class=\"tracking\"><\/p>\n","protected":false},"excerpt":{"rendered":"<a href=\"https:\/\/www.ifun.de\/smarthome-bildschirm-von-apple-soll-im-naechsten-jahr-kommen-242309\/\"><img decoding=\"async\" width=\"150\" src=\"https:\/\/images.ifun.de\/wp-content\/uploads\/2024\/08\/echo-show-10-700x472.jpg\" class=\"alignright wp-post-image tfe\" alt=\"Echo Show 10\" title=\"\" \/><\/a><p>Apples erstes Smarthome-Ger\u00e4t mit integriertem Bildschirm soll im kommenden Jahr auf den Markt kommen. Dabei handelt es sich allerdings nicht um den \u201eSmarthome-Roboter\u201c von Apple, der schon seit l\u00e4ngerer Zeit durch die Ger\u00fcchtek\u00fcche zieht. Auf diesen m\u00fcssen wir noch etwas l\u00e4nger warten. Vom Design her erinnern wohl aber beide Ger\u00e4te an Apples legend\u00e4ren \u201eSchreibtischlampen-iMac\u201c. Der [&hellip;]<\/p>\n","protected":false},"author":2,"featured_media":0,"comment_status":"open","ping_status":"closed","sticky":false,"template":"","format":"standard","meta":{"_acf_changed":false,"footnotes":""},"categories":[1],"tags":[1572],"class_list":["post-242309","post","type-post","status-publish","format-standard","hentry","category-news","tag-smarthome"],"acf":[],"aioseo_notices":[],"featured_image":["https:\/\/images.ifun.de\/wp-content\/uploads\/2024\/02\/imac-2002-feature.jpg"],"subheadline":["\"Tischlampen-iMac\" als Designvorlage"],"rest_api_enabler":{"featured_image":"https:\/\/images.ifun.de\/wp-content\/uploads\/2024\/02\/imac-2002-feature.jpg","subheadline":"\"Tischlampen-iMac\" als Designvorlage"},"_links":{"self":[{"href":"https:\/\/www.ifun.de\/apiv2\/wp\/v2\/posts\/242309","targetHints":{"allow":["GET"]}}],"collection":[{"href":"https:\/\/www.ifun.de\/apiv2\/wp\/v2\/posts"}],"about":[{"href":"https:\/\/www.ifun.de\/apiv2\/wp\/v2\/types\/post"}],"author":[{"embeddable":true,"href":"https:\/\/www.ifun.de\/apiv2\/wp\/v2\/users\/2"}],"replies":[{"embeddable":true,"href":"https:\/\/www.ifun.de\/apiv2\/wp\/v2\/comments?post=242309"}],"version-history":[{"count":4,"href":"https:\/\/www.ifun.de\/apiv2\/wp\/v2\/posts\/242309\/revisions"}],"predecessor-version":[{"id":242315,"href":"https:\/\/www.ifun.de\/apiv2\/wp\/v2\/posts\/242309\/revisions\/242315"}],"wp:attachment":[{"href":"https:\/\/www.ifun.de\/apiv2\/wp\/v2\/media?parent=242309"}],"wp:term":[{"taxonomy":"category","embeddable":true,"href":"https:\/\/www.ifun.de\/apiv2\/wp\/v2\/categories?post=242309"},{"taxonomy":"post_tag","embeddable":true,"href":"https:\/\/www.ifun.de\/apiv2\/wp\/v2\/tags?post=242309"}],"curies":[{"name":"wp","href":"https:\/\/api.w.org\/{rel}","templated":true}]}}