{"id":242292,"date":"2024-10-28T07:00:24","date_gmt":"2024-10-28T06:00:24","guid":{"rendered":"https:\/\/www.ifun.de\/?p=242292"},"modified":"2024-10-28T07:00:24","modified_gmt":"2024-10-28T06:00:24","slug":"apples-mac-woche-startet-das-duerft-ihr-erwarten","status":"publish","type":"post","link":"https:\/\/www.ifun.de\/apples-mac-woche-startet-das-duerft-ihr-erwarten-242292\/","title":{"rendered":"Apples Mac-Woche startet: Das d\u00fcrft ihr erwarten"},"content":{"rendered":"<p>Diese Woche wird es zumindest was den Mac betrifft, spannend. Apple hat ja bereits <a href=\"https:\/\/www.ifun.de\/apples-marketing-chef-aufregende-woche-steht-bevor-242192\/\" title=\"Apples Marketing-Chef: Aufregende Woche steht bevor\">angedeutet<\/a>, dass wir in den n\u00e4chsten Tagen nicht nur iOS 18.1, macOS 15.1 &amp; Co. sehen werden, sondern neben den Updates f\u00fcr die Betriebssysteme auch neue Mac-Modelle erwarten d\u00fcrfen.<\/p>\n<p>Im Gegensatz zum vergangenen Jahr, als Apple im Rahmen eines 30min\u00fctigen Video-Events mit M3-Prozessoren ausgestattete Versionen des MacBook Pro und des iMac vorgestellt hat, wurde uns f\u00fcr dieses Jahr eine \u201espannende Woche voller Ank\u00fcndigungen\u201c versprochen. Im Klartext d\u00fcrfte das bedeuten, dass wir zus\u00e4tzlich zu der f\u00fcr heute am fr\u00fchen Abend unserer Zeit erwarteten Freigabe der neuen Betriebssysteme auch \u00fcber mehrere Tage hinweg neue Macs pr\u00e4sentiert bekommen.<\/p>\n<p><a href=\"https:\/\/images.ifun.de\/wp-content\/uploads\/2024\/10\/apple-mac-modelle-2024.jpg\"><img loading=\"lazy\" decoding=\"async\" src=\"https:\/\/images.ifun.de\/wp-content\/uploads\/2024\/10\/apple-mac-modelle-2024-700x262.jpg\" alt=\"Apple Mac Modelle 2024\" width=\"700\" height=\"262\" class=\"alignnone size-large wp-image-242297\" srcset=\"https:\/\/images.ifun.de\/wp-content\/uploads\/2024\/10\/apple-mac-modelle-2024-700x262.jpg 700w, https:\/\/images.ifun.de\/wp-content\/uploads\/2024\/10\/apple-mac-modelle-2024-500x187.jpg 500w, https:\/\/images.ifun.de\/wp-content\/uploads\/2024\/10\/apple-mac-modelle-2024-768x287.jpg 768w, https:\/\/images.ifun.de\/wp-content\/uploads\/2024\/10\/apple-mac-modelle-2024.jpg 1088w\" sizes=\"auto, (max-width: 700px) 100vw, 700px\" \/><\/a><\/p>\n<h6>Apples (noch) aktuelle Mac-Modelle<\/h6>\n<p>Zuletzt hatte Apple im Jahr 2019 auf \u00e4hnliche Weise neue iPad-Modelle, einen neuen iMac und neue AirPods vorgestellt, die Ger\u00e4te sind an aufeinanderfolgenden Tagen jeweils auf der Apple-Webseite aufgetaucht und wurden parallel dazu mit Pressemitteilungen angek\u00fcndigt.<\/p>\n<p>In diesem Jahr werden neue Versionen. des MacBook Pro mit 14 und 16 Zoll Bildschirmgr\u00f6\u00dfe, ein neuer iMac und ein neuer Mac mini erwartet. Es gilt als sicher, dass die Ger\u00e4te allesamt mit Apples neuesten M4-Prozessoren an Bord kommen und somit auch optimal f\u00fcr Apples kommende KI-Integrationen vorbereitet sind.<\/p>\n<h2>Mac mini soll im neuen Geh\u00e4use kommen<\/h2>\n<p>Besonderes Augenmerk d\u00fcrfen wir dabei auf den f\u00fcr diese Woche erwarteten neuen Mac mini richten. Erstmals seit mehr als 14 Jahren soll auch das Design des Desktop-Rechners wieder \u00fcberarbeitet werden. <a href=\"https:\/\/www.ifun.de\/mac-mini-2024-wohl-endlich-auch-anschluesse-an-der-front-238668\/\" title=\"Mac mini 2024: Wohl endlich auch Anschl\u00fcsse an der Front\">Angeblich<\/a> wird das Geh\u00e4use des Mac mini deutlich kleiner und der Computer soll nach all den Jahren endlich auch Anschlussbuchsen an der Ger\u00e4tefront erhalten.<\/p>\n<p><a href=\"https:\/\/images.ifun.de\/wp-content\/uploads\/2023\/02\/mac-mini-feature.jpg\"><img loading=\"lazy\" decoding=\"async\" src=\"https:\/\/images.ifun.de\/wp-content\/uploads\/2023\/02\/mac-mini-feature-700x276.jpg\" alt=\"Mac Mini Feature\" width=\"700\" height=\"276\" class=\"alignnone size-large wp-image-204793\" srcset=\"https:\/\/images.ifun.de\/wp-content\/uploads\/2023\/02\/mac-mini-feature-700x276.jpg 700w, https:\/\/images.ifun.de\/wp-content\/uploads\/2023\/02\/mac-mini-feature-500x197.jpg 500w, https:\/\/images.ifun.de\/wp-content\/uploads\/2023\/02\/mac-mini-feature-768x302.jpg 768w, https:\/\/images.ifun.de\/wp-content\/uploads\/2023\/02\/mac-mini-feature.jpg 960w\" sizes=\"auto, (max-width: 700px) 100vw, 700px\" \/><\/a><\/p>\n<h6>Der Mac mini aus dem Jahr 2023<\/h6>\n<p>Die neuen Mac-Modelle begleitend d\u00fcrfte Apple dann auch gleich neue Versionen der zugeh\u00f6rigen Eingabeger\u00e4te vorstellen, um den ab Dezember in der EU g\u00fcltigen Regeln zu entsprechen. Anstatt \u00fcber Lightning m\u00fcssen sich die Magic Mouse, das Magic Trackpad und Apples Tastaturen k\u00fcnftig \u00fcber USB-C aufladen lassen.<\/p>\n<h2>An 3 Tagen in Folge neue Rechner?<\/h2>\n<p>Apples Zeitplan f\u00fcr diese Woche wird wohl von der f\u00fcr Donnerstag angek\u00fcndigten Ver\u00f6ffentlichung der Quartalszahlen bestimmt. Wenn das Unternehmen die Tage davor f\u00fcr die Pr\u00e4sentation neuer Rechner nutzt, d\u00fcrfte dies die Stimmung der Investoren zus\u00e4tzlich anheben.<\/p>\n<p>W\u00e4hrend wir die Freigabe von iOS 18.1 und macOS 15.1 f\u00fcr den fr\u00fchen Abend unserer Zeit erwarten (aufgrund der hier bereits geltenden Winterzeit wohl schon um 18 Uhr), kommt f\u00fcr die Ank\u00fcndigung der neuen Mac-Modelle der fr\u00fche Nachmittag in Frage. Apple hat bei vergleichbaren Aktionen in der Vergangenheit Zeiten gew\u00e4hlt, die in Deutschland zwischen 13 und 15 Uhr liegen.<img loading=\"lazy\" decoding=\"async\" src=\"https:\/\/vg09.met.vgwort.de\/na\/e9f42cda86f94bdd9a72eb0299fde389\" width=\"1\" height=\"1\" no-lazy class=\"tracking\"><\/p>\n","protected":false},"excerpt":{"rendered":"<a href=\"https:\/\/www.ifun.de\/apples-mac-woche-startet-das-duerft-ihr-erwarten-242292\/\"><img width=\"150\" height=\"150\" src=\"https:\/\/images.ifun.de\/wp-content\/uploads\/2024\/10\/apple-mac-modelle-2024-150x150.jpg\" class=\"alignright tfe wp-post-image\" alt=\"Apple Mac Modelle 2024\" decoding=\"async\" loading=\"lazy\" \/><\/a><p>Diese Woche wird es zumindest was den Mac betrifft, spannend. Apple hat ja bereits angedeutet, dass wir in den n\u00e4chsten Tagen nicht nur iOS 18.1, macOS 15.1 &amp; Co. sehen werden, sondern neben den Updates f\u00fcr die Betriebssysteme auch neue Mac-Modelle erwarten d\u00fcrfen. Im Gegensatz zum vergangenen Jahr, als Apple im Rahmen eines 30min\u00fctigen Video-Events [&hellip;]<\/p>\n","protected":false},"author":2,"featured_media":242297,"comment_status":"open","ping_status":"closed","sticky":false,"template":"","format":"standard","meta":{"_acf_changed":false,"footnotes":""},"categories":[16],"tags":[6321],"class_list":["post-242292","post","type-post","status-publish","format-standard","has-post-thumbnail","hentry","category-mac","tag-mac"],"acf":[],"aioseo_notices":[],"featured_image":["https:\/\/images.ifun.de\/wp-content\/uploads\/2022\/12\/tim-cook-apple-silicon-feature.jpg"],"subheadline":["Startschuss schon heute Nachmittag?"],"rest_api_enabler":{"featured_image":"https:\/\/images.ifun.de\/wp-content\/uploads\/2022\/12\/tim-cook-apple-silicon-feature.jpg","subheadline":"Startschuss schon heute Nachmittag?"},"_links":{"self":[{"href":"https:\/\/www.ifun.de\/apiv2\/wp\/v2\/posts\/242292","targetHints":{"allow":["GET"]}}],"collection":[{"href":"https:\/\/www.ifun.de\/apiv2\/wp\/v2\/posts"}],"about":[{"href":"https:\/\/www.ifun.de\/apiv2\/wp\/v2\/types\/post"}],"author":[{"embeddable":true,"href":"https:\/\/www.ifun.de\/apiv2\/wp\/v2\/users\/2"}],"replies":[{"embeddable":true,"href":"https:\/\/www.ifun.de\/apiv2\/wp\/v2\/comments?post=242292"}],"version-history":[{"count":8,"href":"https:\/\/www.ifun.de\/apiv2\/wp\/v2\/posts\/242292\/revisions"}],"predecessor-version":[{"id":242302,"href":"https:\/\/www.ifun.de\/apiv2\/wp\/v2\/posts\/242292\/revisions\/242302"}],"wp:featuredmedia":[{"embeddable":true,"href":"https:\/\/www.ifun.de\/apiv2\/wp\/v2\/media\/242297"}],"wp:attachment":[{"href":"https:\/\/www.ifun.de\/apiv2\/wp\/v2\/media?parent=242292"}],"wp:term":[{"taxonomy":"category","embeddable":true,"href":"https:\/\/www.ifun.de\/apiv2\/wp\/v2\/categories?post=242292"},{"taxonomy":"post_tag","embeddable":true,"href":"https:\/\/www.ifun.de\/apiv2\/wp\/v2\/tags?post=242292"}],"curies":[{"name":"wp","href":"https:\/\/api.w.org\/{rel}","templated":true}]}}