{"id":242237,"date":"2024-10-25T12:22:31","date_gmt":"2024-10-25T10:22:31","guid":{"rendered":"https:\/\/www.ifun.de\/?p=242237"},"modified":"2024-11-04T06:48:39","modified_gmt":"2024-11-04T05:48:39","slug":"ab-2026-streaming-dienst-max-kommt-nach-deutschland","status":"publish","type":"post","link":"https:\/\/www.ifun.de\/ab-2026-streaming-dienst-max-kommt-nach-deutschland-242237\/","title":{"rendered":"Ab 2026: Streaming-Dienst Max kommt nach Deutschland"},"content":{"rendered":"<p>Die Herausforderungen und Perspektiven des TV- und Streaming-Marktes standen im Mittelpunkt des diesj\u00e4hrigen TV-Gipfels auf <a href=\"https:\/\/medientage.de\/\">den Medientagen M\u00fcnchen<\/a>. In einer Zeit wirtschaftlicher Unsicherheiten, gepr\u00e4gt von Kostensteigerungen und sinkenden Konsumausgaben, zeigten sich die anwesenden Branchenvertreter dennoch optimistisch.<br \/>\n<a href=\"https:\/\/images.ifun.de\/wp-content\/uploads\/2024\/10\/Der_TV-Gipfel_auf_den_Medientagen_Muenchen.jpg\"><img loading=\"lazy\" decoding=\"async\" src=\"https:\/\/images.ifun.de\/wp-content\/uploads\/2024\/10\/Der_TV-Gipfel_auf_den_Medientagen_Muenchen-500x333.jpg\" alt=\"Der TV Gipfel Auf Den Medientagen Muenchen\" width=\"500\" height=\"333\" class=\"aligncenter size-medium wp-image-242245\" srcset=\"https:\/\/images.ifun.de\/wp-content\/uploads\/2024\/10\/Der_TV-Gipfel_auf_den_Medientagen_Muenchen-500x333.jpg 500w, https:\/\/images.ifun.de\/wp-content\/uploads\/2024\/10\/Der_TV-Gipfel_auf_den_Medientagen_Muenchen-700x467.jpg 700w, https:\/\/images.ifun.de\/wp-content\/uploads\/2024\/10\/Der_TV-Gipfel_auf_den_Medientagen_Muenchen-768x512.jpg 768w, https:\/\/images.ifun.de\/wp-content\/uploads\/2024\/10\/Der_TV-Gipfel_auf_den_Medientagen_Muenchen.jpg 1200w\" sizes=\"auto, (max-width: 500px) 100vw, 500px\" \/><\/a><\/p>\n<h6>Der TV-Gipfel auf den Medientagen M\u00fcnchen<\/h6>\n<h2>&#8222;TV-Gipfel&#8220; macht Ger\u00fcchte offiziell<\/h2>\n<p>Der allgemeine Tenor des Gipfels lautete, dass die aktuelle Entwicklung weniger als Krise, sondern vielmehr als Gelegenheit zur Anpassung und St\u00e4rkung der Marktposition begriffen werde.<\/p>\n<p>Im Einzelgespr\u00e4ch mit Panel-Moderator Torsten Zarges \u00e4u\u00dferte sich Clement Schwebig, Pr\u00e4sident und Managing Director von Warner Bros. Discovery f\u00fcr Westeuropa und Afrika, dann auch zur Marktentwicklung und den Pl\u00e4nen seines Unternehmens f\u00fcr die kommenden Jahre.<\/p>\n<p>Demnach strebe Warner Bros. Discovery an, den hauseigenen <a href=\"https:\/\/www.max.com\/\">Streaming-Dienst Max<\/a> im Jahr 2026 auch in Deutschland einzuf\u00fchren.<\/p>\n<h2>Max kommt nach Deutschland<\/h2>\n<p>Schwebig wies darauf hin, dass der Dienst international bereits steigende Abo-Zahlen verzeichne und weltweit auf positives Nutzerinteresse sto\u00dfe. In Deutschland wolle man jedoch aufgrund der starken Konkurrenz besonders auf einen gelungenen Markteintritt achten. Der Verz\u00f6gerung des Starts l\u00e4ge laut Schwebig die \u00dcberlegung zugrunde, einen bleibenden Eindruck bei den hiesigen Nutzern zu hinterlassen, der sich durch die Auswahl exklusiver Inhalte sowie gezielte Vermarktung erreichen lie\u00dfe.<\/p>\n<p><a href=\"https:\/\/images.ifun.de\/wp-content\/uploads\/2024\/10\/max-apple-tv-app-hero-scaled.webp\"><img loading=\"lazy\" decoding=\"async\" class=\"aligncenter size-large wp-image-242242\" src=\"https:\/\/images.ifun.de\/wp-content\/uploads\/2024\/10\/max-apple-tv-app-hero-700x394.webp\" alt=\"Max Apple Tv App Hero\" width=\"700\" height=\"394\" srcset=\"https:\/\/images.ifun.de\/wp-content\/uploads\/2024\/10\/max-apple-tv-app-hero-700x394.webp 700w, https:\/\/images.ifun.de\/wp-content\/uploads\/2024\/10\/max-apple-tv-app-hero-500x281.webp 500w, https:\/\/images.ifun.de\/wp-content\/uploads\/2024\/10\/max-apple-tv-app-hero-768x432.webp 768w, https:\/\/images.ifun.de\/wp-content\/uploads\/2024\/10\/max-apple-tv-app-hero-1536x864.webp 1536w, https:\/\/images.ifun.de\/wp-content\/uploads\/2024\/10\/max-apple-tv-app-hero-2048x1152.webp 2048w\" sizes=\"auto, (max-width: 700px) 100vw, 700px\" \/><\/a><\/p>\n<p>Neben Filmen und Serien von HBO sollen auch die klassischen Inhalte von Warner Bros. sowie die vielf\u00e4ltigen Reality-Formate von Discovery+ zur Attraktivit\u00e4t des neuen Dienstes beitragen. Ob Max zuk\u00fcnftig in Deutschland in Kooperation mit dem etablierten Pay-TV-Anbieter Sky oder als eigenst\u00e4ndige Plattform agieren wird, lie\u00df Schwebig allerdings offen.<\/p>\n<p>Der Top-Manager verwies lediglich darauf, dass das Unternehmen in den USA unterschiedliche Kooperationsmodelle verfolge und entsprechend flexibel auf die Marktgegebenheiten reagiere.<\/p>\n<p><img loading=\"lazy\" decoding=\"async\" src=\"https:\/\/vg09.met.vgwort.de\/na\/f34e7ae56c9c4fa9a5761009aa821b86\" width=\"1\" height=\"1\" no-lazy class=\"tracking\"><\/p>\n","protected":false},"excerpt":{"rendered":"<a href=\"https:\/\/www.ifun.de\/ab-2026-streaming-dienst-max-kommt-nach-deutschland-242237\/\"><img width=\"150\" height=\"150\" src=\"https:\/\/images.ifun.de\/wp-content\/uploads\/2024\/10\/max-streaming-feature-150x150.jpg\" class=\"alignright tfe wp-post-image\" alt=\"Max Streaming Feature\" decoding=\"async\" loading=\"lazy\" \/><\/a><p>Die Herausforderungen und Perspektiven des TV- und Streaming-Marktes standen im Mittelpunkt des diesj\u00e4hrigen TV-Gipfels auf den Medientagen M\u00fcnchen. In einer Zeit wirtschaftlicher Unsicherheiten, gepr\u00e4gt von Kostensteigerungen und sinkenden Konsumausgaben, zeigten sich die anwesenden Branchenvertreter dennoch optimistisch. Der TV-Gipfel auf den Medientagen M\u00fcnchen &#8222;TV-Gipfel&#8220; macht Ger\u00fcchte offiziell Der allgemeine Tenor des Gipfels lautete, dass die aktuelle [&hellip;]<\/p>\n","protected":false},"author":1,"featured_media":242243,"comment_status":"open","ping_status":"closed","sticky":false,"template":"","format":"standard","meta":{"_acf_changed":false,"footnotes":""},"categories":[1,1783],"tags":[2686,6641,319,60,31],"class_list":["post-242237","post","type-post","status-publish","format-standard","has-post-thumbnail","hentry","category-news","category-feature","tag-hbo","tag-max","tag-sky","tag-streaming","tag-video"],"acf":[],"aioseo_notices":[],"featured_image":["https:\/\/images.ifun.de\/wp-content\/uploads\/2024\/10\/max-streaming-feature.jpg"],"subheadline":["Kooperation mit Sky unklar"],"rest_api_enabler":{"featured_image":"https:\/\/images.ifun.de\/wp-content\/uploads\/2024\/10\/max-streaming-feature.jpg","subheadline":"Kooperation mit Sky unklar"},"_links":{"self":[{"href":"https:\/\/www.ifun.de\/apiv2\/wp\/v2\/posts\/242237","targetHints":{"allow":["GET"]}}],"collection":[{"href":"https:\/\/www.ifun.de\/apiv2\/wp\/v2\/posts"}],"about":[{"href":"https:\/\/www.ifun.de\/apiv2\/wp\/v2\/types\/post"}],"author":[{"embeddable":true,"href":"https:\/\/www.ifun.de\/apiv2\/wp\/v2\/users\/1"}],"replies":[{"embeddable":true,"href":"https:\/\/www.ifun.de\/apiv2\/wp\/v2\/comments?post=242237"}],"version-history":[{"count":2,"href":"https:\/\/www.ifun.de\/apiv2\/wp\/v2\/posts\/242237\/revisions"}],"predecessor-version":[{"id":242247,"href":"https:\/\/www.ifun.de\/apiv2\/wp\/v2\/posts\/242237\/revisions\/242247"}],"wp:featuredmedia":[{"embeddable":true,"href":"https:\/\/www.ifun.de\/apiv2\/wp\/v2\/media\/242243"}],"wp:attachment":[{"href":"https:\/\/www.ifun.de\/apiv2\/wp\/v2\/media?parent=242237"}],"wp:term":[{"taxonomy":"category","embeddable":true,"href":"https:\/\/www.ifun.de\/apiv2\/wp\/v2\/categories?post=242237"},{"taxonomy":"post_tag","embeddable":true,"href":"https:\/\/www.ifun.de\/apiv2\/wp\/v2\/tags?post=242237"}],"curies":[{"name":"wp","href":"https:\/\/api.w.org\/{rel}","templated":true}]}}